{"id":31470,"date":"2023-06-05T15:59:01","date_gmt":"2023-06-05T18:59:01","guid":{"rendered":"https:\/\/radiorevelacionfm.cl\/?p=31470"},"modified":"2023-06-05T15:59:01","modified_gmt":"2023-06-05T18:59:01","slug":"la-tasa-de-desocupacion-regional-fue-de-48-en-el-trimestre-febrero-abril-2023","status":"publish","type":"post","link":"https:\/\/radiorevelacionfm.cl\/?p=31470","title":{"rendered":"La tasa de desocupaci\u00f3n regional fue de 4,8% en el trimestre febrero-abril 2023"},"content":{"rendered":"<div class=\"flex_column av_one_full  flex_column_div av-zero-column-padding first  avia-builder-el-0  el_before_av_one_full  avia-builder-el-first  \" style='border-radius:0px; '><div  class='avia-image-container  av-styling-    avia-builder-el-1  avia-builder-el-no-sibling  avia-align-center '  itemprop=\"image\" itemscope=\"itemscope\" itemtype=\"https:\/\/schema.org\/ImageObject\"  ><div class='avia-image-container-inner'><div class='avia-image-overlay-wrap'><img decoding=\"async\" class='wp-image-31475 avia-img-lazy-loading-not-31475 avia_image' src=\"https:\/\/radiorevelacionfm.cl\/wp-content\/uploads\/2023\/05\/trabajadores-635f03-obras-1_optimized.jpg\" alt='' title='trabajadores-635f03-obras-(1)_optimized' height=\"600\" width=\"933\"  itemprop=\"thumbnailUrl\" srcset=\"https:\/\/radiorevelacionfm.cl\/wp-content\/uploads\/2023\/05\/trabajadores-635f03-obras-1_optimized.jpg 933w, https:\/\/radiorevelacionfm.cl\/wp-content\/uploads\/2023\/05\/trabajadores-635f03-obras-1_optimized-300x193.jpg 300w, https:\/\/radiorevelacionfm.cl\/wp-content\/uploads\/2023\/05\/trabajadores-635f03-obras-1_optimized-768x494.jpg 768w, https:\/\/radiorevelacionfm.cl\/wp-content\/uploads\/2023\/05\/trabajadores-635f03-obras-1_optimized-705x453.jpg 705w, https:\/\/radiorevelacionfm.cl\/wp-content\/uploads\/2023\/05\/trabajadores-635f03-obras-1_optimized-450x289.jpg 450w, https:\/\/radiorevelacionfm.cl\/wp-content\/uploads\/2023\/05\/trabajadores-635f03-obras-1_optimized-600x386.jpg 600w\" sizes=\"(max-width: 933px) 100vw, 933px\" \/><\/div><\/div><\/div><\/div><div class=\"flex_column av_one_full  flex_column_div av-zero-column-padding first  avia-builder-el-2  el_after_av_one_full  el_before_av_one_full  column-top-margin\" style='border-radius:0px; '><section class=\"av_textblock_section \"  itemscope=\"itemscope\" itemtype=\"https:\/\/schema.org\/BlogPosting\" itemprop=\"blogPost\" ><div class='avia_textblock  '   itemprop=\"text\" ><p style=\"text-align: center;\"><strong><span style=\"font-size: 18pt;\">La tasa de desocupaci\u00f3n regional fue de 4,8% en el trimestre febrero-abril 2023<\/span><\/strong><\/p>\n<div id=\"gtx-trans\" style=\"position: absolute; left: -50px; top: 4.31534px;\">\n<div class=\"gtx-trans-icon\"><\/div>\n<\/div>\n<\/div><\/section><\/div><\/p>\n<div class=\"flex_column av_one_full  flex_column_div av-zero-column-padding first  avia-builder-el-4  el_after_av_one_full  el_before_av_hr  column-top-margin\" style='border-radius:0px; '><section class=\"av_textblock_section \"  itemscope=\"itemscope\" itemtype=\"https:\/\/schema.org\/BlogPosting\" itemprop=\"blogPost\" ><div class='avia_textblock  '   itemprop=\"text\" ><p style=\"text-align: justify;\">Los ocupados aumentaron 6,6% en doce meses, siendo incididos por mujeres quienes presentaron un aumento de 9,5%, mientras que hombres presentaron una variaci\u00f3n de 4,3%.<\/p>\n<p style=\"text-align: justify;\"><strong>Ocupaci\u00f3n<\/strong><\/p>\n<p style=\"text-align: justify;\">Los ocupados aumentaron 6,6% en doce meses, siendo incididos por mujeres quienes presentaron un aumento de 9,5%, mientras que hombres presentaron una variaci\u00f3n de 4,3%.<br \/>\nSeg\u00fan tramo etario, la mayor incidencia positiva se consign\u00f3 en el segmento de 15 a 34 a\u00f1os, que aument\u00f3 10,6%, seguido del tramo de 35 a 54 a\u00f1os que present\u00f3 una variaci\u00f3n de 4,0%, mientras que el tramo de 55 a\u00f1os y m\u00e1s vari\u00f3 6,8%.<br \/>\nAsalariados del sector p\u00fablico (34,4%), fue la categor\u00eda que m\u00e1s incidi\u00f3 en el aumento de la poblaci\u00f3n ocupada.<\/p>\n<p style=\"text-align: justify;\"><strong>Desocupaci\u00f3n <\/strong><\/p>\n<p style=\"text-align: justify;\">La tasa de desocupaci\u00f3n fue 4,8%, disminuyendo 1,0 pp. En doce meses, dado que la poblaci\u00f3n ocupada aument\u00f3 6,6% y la fuerza de trabajo aument\u00f3 5,5%.<\/p>\n<p style=\"text-align: justify;\"><strong>Participaci\u00f3n laboral <\/strong><\/p>\n<p style=\"text-align: justify;\">La tasa de participaci\u00f3n alcanz\u00f3 72,6%, aumentando 3,2 pp. en doce meses. La tasa de ocupaci\u00f3n se sit\u00fao en 69,2%, aumentando 3,7 pp. en doce meses.<\/p>\n<p style=\"text-align: justify;\"><strong>Poblaci\u00f3n fuera de la fuerza de trabajo<\/strong><\/p>\n<p style=\"text-align: justify;\">La poblaci\u00f3n fuera de la fuerza de trabajo o inactiva disminuy\u00f3 9,7% en doce meses, incidida principalmente por los inactivos habituales.<\/p>\n<p style=\"text-align: justify;\"><strong>Provincia de Coyhaique <\/strong><\/p>\n<p style=\"text-align: justify;\">La provincia de Coyhaique present\u00f3 una tasa de desocupaci\u00f3n de 4,3% para el trimestre en estudio, disminuyendo 1,3 pp. en doce meses. La tasa de participaci\u00f3n alcanz\u00f3 72,9% y la tasa de ocupaci\u00f3n se sit\u00fao en 69,7%, aumentando 1,8 pp. y 2,6 pp. respectivamente.<\/p>\n<p style=\"text-align: justify;\"><strong>Informalidad Laboral <\/strong><\/p>\n<p style=\"text-align: justify;\">Los ocupados informales aumentaron 4,2% en doce meses, incididos principalmente por el aumento en mujeres (6,3%), mientras que los hombres aumentaron 2,4%.<\/p>\n<p style=\"text-align: justify;\">La poblaci\u00f3n ocupada formal aument\u00f3 7,7% por el aumento en mujeres (11,2%), y en hombres presentaron un aumento (5,1%). La tasa de ocupaci\u00f3n informal se sit\u00fao en 31,1%, disminuyendo 0,7 pp. respecto al mismo trimestre del a\u00f1o anterior, esto como consecuencia del aumento de los ocupados informales (4,2%), menor al incremento de los ocupados formales (7,7%). En tanto la tasa de ocupaci\u00f3n informal masculina disminuy\u00f3 0,5 pp. alcanzando 29,5%, y la femenina disminuy\u00f3 1,0 pp. alcanzando 33,0%.<\/p>\n<\/div><\/section><\/div><div  style='height:50px' class='hr hr-invisible   avia-builder-el-6  el_after_av_one_full  el_before_av_social_share '><span class='hr-inner ' ><span class='hr-inner-style'><\/span><\/span><\/div><\/p>\n<div  class='av-social-sharing-box  avia-builder-el-7  el_after_av_hr  el_before_av_hr  '><div class='av-share-box'><h5 class='av-share-link-description av-no-toc '>Compartir esta noticia<\/h5><ul class='av-share-box-list noLightbox'><li class='av-share-link av-social-link-facebook' ><a target=\"_blank\" aria-label=\"Compartir en Facebook\" href='https:\/\/www.facebook.com\/sharer.php?u=https:\/\/radiorevelacionfm.cl\/?p=31470&#038;t=La%20tasa%20de%20desocupaci%C3%B3n%20regional%20fue%20de%204%2C8%25%20en%20el%20trimestre%20febrero-abril%202023' aria-hidden='false' data-av_icon='\ue8f3' data-av_iconfont='entypo-fontello' title='' data-avia-related-tooltip='Compartir en Facebook' rel=\"noopener\"><span class='avia_hidden_link_text'>Compartir en Facebook<\/span><\/a><\/li><li class='av-share-link av-social-link-twitter' ><a target=\"_blank\" aria-label=\"Compartir en Twitter\" href='https:\/\/twitter.com\/share?text=La%20tasa%20de%20desocupaci%C3%B3n%20regional%20fue%20de%204%2C8%25%20en%20el%20trimestre%20febrero-abril%202023&#038;url=https:\/\/radiorevelacionfm.cl\/?p=31470' aria-hidden='false' data-av_icon='\ue8f1' data-av_iconfont='entypo-fontello' title='' data-avia-related-tooltip='Compartir en Twitter' rel=\"noopener\"><span class='avia_hidden_link_text'>Compartir en Twitter<\/span><\/a><\/li><li class='av-share-link av-social-link-whatsapp' ><a target=\"_blank\" aria-label=\"Compartir en Whatsapp\" href='https:\/\/api.whatsapp.com\/send?text=https:\/\/radiorevelacionfm.cl\/?p=31470' aria-hidden='false' data-av_icon='\uf232' data-av_iconfont='entypo-fontello' title='' data-avia-related-tooltip='Compartir en Whatsapp' rel=\"noopener\"><span class='avia_hidden_link_text'>Compartir en Whatsapp<\/span><\/a><\/li><li class='av-share-link av-social-link-linkedin' ><a target=\"_blank\" aria-label=\"Compartir en LinkedIn\" href='https:\/\/linkedin.com\/shareArticle?mini=true&#038;title=La%20tasa%20de%20desocupaci%C3%B3n%20regional%20fue%20de%204%2C8%25%20en%20el%20trimestre%20febrero-abril%202023&#038;url=https:\/\/radiorevelacionfm.cl\/?p=31470' aria-hidden='false' data-av_icon='\ue8fc' data-av_iconfont='entypo-fontello' title='' data-avia-related-tooltip='Compartir en LinkedIn' rel=\"noopener\"><span class='avia_hidden_link_text'>Compartir en LinkedIn<\/span><\/a><\/li><li class='av-share-link av-social-link-mail' ><a  aria-label=\"Compartir por correo\" href='mailto:?subject=La%20tasa%20de%20desocupaci%C3%B3n%20regional%20fue%20de%204%2C8%25%20en%20el%20trimestre%20febrero-abril%202023&#038;body=https:\/\/radiorevelacionfm.cl\/?p=31470' aria-hidden='false' data-av_icon='\ue805' data-av_iconfont='entypo-fontello' title='' data-avia-related-tooltip='Compartir por correo'><span class='avia_hidden_link_text'>Compartir por correo<\/span><\/a><\/li><\/ul><\/div><\/div>\n<div  style='height:50px' class='hr hr-invisible   avia-builder-el-8  el_after_av_social_share  el_before_av_comments_list '><span class='hr-inner ' ><span class='hr-inner-style'><\/span><\/span><\/div>\n<div  class='av-buildercomment  av-blog-meta-html-info-disabled av-blog-meta-tag-disabled  '><\/div>\n","protected":false},"excerpt":{"rendered":"","protected":false},"author":1,"featured_media":31475,"comment_status":"open","ping_status":"open","sticky":false,"template":"","format":"standard","meta":{"footnotes":""},"categories":[56],"tags":[],"class_list":["post-31470","post","type-post","status-publish","format-standard","has-post-thumbnail","hentry","category-trabajo"],"jetpack_featured_media_url":"https:\/\/radiorevelacionfm.cl\/wp-content\/uploads\/2023\/05\/trabajadores-635f03-obras-1_optimized.jpg","_links":{"self":[{"href":"https:\/\/radiorevelacionfm.cl\/index.php?rest_route=\/wp\/v2\/posts\/31470","targetHints":{"allow":["GET"]}}],"collection":[{"href":"https:\/\/radiorevelacionfm.cl\/index.php?rest_route=\/wp\/v2\/posts"}],"about":[{"href":"https:\/\/radiorevelacionfm.cl\/index.php?rest_route=\/wp\/v2\/types\/post"}],"author":[{"embeddable":true,"href":"https:\/\/radiorevelacionfm.cl\/index.php?rest_route=\/wp\/v2\/users\/1"}],"replies":[{"embeddable":true,"href":"https:\/\/radiorevelacionfm.cl\/index.php?rest_route=%2Fwp%2Fv2%2Fcomments&post=31470"}],"version-history":[{"count":2,"href":"https:\/\/radiorevelacionfm.cl\/index.php?rest_route=\/wp\/v2\/posts\/31470\/revisions"}],"predecessor-version":[{"id":31476,"href":"https:\/\/radiorevelacionfm.cl\/index.php?rest_route=\/wp\/v2\/posts\/31470\/revisions\/31476"}],"wp:featuredmedia":[{"embeddable":true,"href":"https:\/\/radiorevelacionfm.cl\/index.php?rest_route=\/wp\/v2\/media\/31475"}],"wp:attachment":[{"href":"https:\/\/radiorevelacionfm.cl\/index.php?rest_route=%2Fwp%2Fv2%2Fmedia&parent=31470"}],"wp:term":[{"taxonomy":"category","embeddable":true,"href":"https:\/\/radiorevelacionfm.cl\/index.php?rest_route=%2Fwp%2Fv2%2Fcategories&post=31470"},{"taxonomy":"post_tag","embeddable":true,"href":"https:\/\/radiorevelacionfm.cl\/index.php?rest_route=%2Fwp%2Fv2%2Ftags&post=31470"}],"curies":[{"name":"wp","href":"https:\/\/api.w.org\/{rel}","templated":true}]}}