{"id":31464,"date":"2023-05-30T12:54:30","date_gmt":"2023-05-30T15:54:30","guid":{"rendered":"https:\/\/radiorevelacionfm.cl\/?p=31464"},"modified":"2023-05-30T12:54:30","modified_gmt":"2023-05-30T15:54:30","slug":"desde-villa-ohiggins-a-guaitecas-comunidades-de-la-region-celebraron-el-dia-de-los-patrimonios","status":"publish","type":"post","link":"https:\/\/radiorevelacionfm.cl\/?p=31464","title":{"rendered":"Desde Villa O\u00b4Higgins a Guaitecas comunidades de la regi\u00f3n celebraron el D\u00eda de los Patrimonios"},"content":{"rendered":"<div class=\"flex_column av_one_full  flex_column_div av-zero-column-padding first  avia-builder-el-0  el_before_av_one_full  avia-builder-el-first  \" style='border-radius:0px; '><div  class='avia-image-container  av-styling-    avia-builder-el-1  avia-builder-el-no-sibling  avia-align-center '  itemprop=\"image\" itemscope=\"itemscope\" itemtype=\"https:\/\/schema.org\/ImageObject\"  ><div class='avia-image-container-inner'><div class='avia-image-overlay-wrap'><img decoding=\"async\" class='wp-image-31465 avia-img-lazy-loading-not-31465 avia_image' src=\"https:\/\/radiorevelacionfm.cl\/wp-content\/uploads\/2023\/05\/guaitecas-3-1_optimized.jpg\" alt='' title='guaitecas-(3)-(1)_optimized' height=\"600\" width=\"905\"  itemprop=\"thumbnailUrl\" srcset=\"https:\/\/radiorevelacionfm.cl\/wp-content\/uploads\/2023\/05\/guaitecas-3-1_optimized.jpg 905w, https:\/\/radiorevelacionfm.cl\/wp-content\/uploads\/2023\/05\/guaitecas-3-1_optimized-300x199.jpg 300w, https:\/\/radiorevelacionfm.cl\/wp-content\/uploads\/2023\/05\/guaitecas-3-1_optimized-768x509.jpg 768w, https:\/\/radiorevelacionfm.cl\/wp-content\/uploads\/2023\/05\/guaitecas-3-1_optimized-705x467.jpg 705w, https:\/\/radiorevelacionfm.cl\/wp-content\/uploads\/2023\/05\/guaitecas-3-1_optimized-450x298.jpg 450w, https:\/\/radiorevelacionfm.cl\/wp-content\/uploads\/2023\/05\/guaitecas-3-1_optimized-600x398.jpg 600w\" sizes=\"(max-width: 905px) 100vw, 905px\" \/><\/div><\/div><\/div><\/div><div class=\"flex_column av_one_full  flex_column_div av-zero-column-padding first  avia-builder-el-2  el_after_av_one_full  el_before_av_one_full  column-top-margin\" style='border-radius:0px; '><section class=\"av_textblock_section \"  itemscope=\"itemscope\" itemtype=\"https:\/\/schema.org\/BlogPosting\" itemprop=\"blogPost\" ><div class='avia_textblock  '   itemprop=\"text\" ><p style=\"text-align: center;\"><strong><span style=\"font-size: 18pt;\">Desde Villa O\u00b4Higgins a Guaitecas comunidades de la regi\u00f3n celebraron el D\u00eda de los Patrimonios <\/span><\/strong><\/p>\n<div id=\"gtx-trans\" style=\"position: absolute; left: -50px; top: 4.31534px;\">\n<div class=\"gtx-trans-icon\"><\/div>\n<\/div>\n<\/div><\/section><\/div><div class=\"flex_column av_one_full  flex_column_div av-zero-column-padding first  avia-builder-el-4  el_after_av_one_full  el_before_av_hr  column-top-margin\" style='border-radius:0px; '><section class=\"av_textblock_section \"  itemscope=\"itemscope\" itemtype=\"https:\/\/schema.org\/BlogPosting\" itemprop=\"blogPost\" ><div class='avia_textblock  '   itemprop=\"text\" ><p style=\"text-align: justify;\">Desde Villa O\u00b4Higgins a Guaitecas, se vivi\u00f3 el mes de Mayo en sinton\u00eda con temas Patrimoniales y particularmente este \u00faltimo fin de semana, los d\u00edas\u00a0 S\u00e1bado 27 y Domingo 28 de Mayo, en que se realizaron aperturas de edificios p\u00fablicos y reservas naturales, visitas a museos, charlas, exposiciones fotogr\u00e1ficas, homenajes, rutas\u00a0 y recorridos guiados, entre otros formatos de actividades, destinadas a generar encuentros con la memoria, las expresiones y los lugares que despiertan sentimientos de identidad y pertenencia en las comunidades, y que ellas mismas reconocen como parte de su acervo o riqueza patrimonial.<\/p>\n<p style=\"text-align: justify;\">Jos\u00e9 Mansilla Contreras, Director Regional(s) del Servicio Nacional del Patrimonio Cultural, destac\u00f3: \u201cEste a\u00f1o hemos apreciado con mucha alegr\u00eda, que han aumentado las iniciativas totalmente aut\u00f3nomas de parte de las\u00a0\u00a0 comunidades, para organizarse y participar del D\u00eda de Los Patrimonios, porque ya est\u00e1 instalado el valor de esta celebraci\u00f3n, pero sobre todo porque el objetivo \u00a0m\u00e1s importante que nos anima como institucionalidad en los \u00e1mbitos del Patrimonio, es que las personas, las comunidades y los gobiernos locales, sientan que este \u00a0tema en verdad les pertenece, que son ellas quienes tienen el derecho y el conocimiento para poner en valor, cuidar y difundir sus diversos patrimonios culturales, y vemos que este objetivo se est\u00e1 cumpliendo progresivamente, y para ello por supuesto,\u00a0 cuentan con el apoyo del estado a trav\u00e9s de sus instituciones\u201d.<\/p>\n<p style=\"text-align: justify;\">La celebraci\u00f3n del D\u00eda de los Patrimonios reuni\u00f3 a Instituciones p\u00fablicas, Universidades, Centros de Investigaci\u00f3n, Establecimientos Educacionales, a los que se sumaron, organizaciones culturales y sociales, tales como: agrupaciones ind\u00edgenas, asociaciones de artesanas y artesanos, agrupaciones de derechos humanos, compa\u00f1\u00edas de \u00a0bomberos, entre otras, destaca tambi\u00e9n la labor de los municipios que se sumaron activamente desarrollando actividades en sus propios espacios, como es el caso de la Biblioteca Municipal de Puerto Ib\u00e1\u00f1ez que desarroll\u00f3 un encuentro en torno a la actividad: \u00a0\u201cFotograf\u00edas y Notas de prensa hist\u00f3ricas de la comuna de Ib\u00e1\u00f1ez\u201d, el Municipio de Tortel invit\u00f3 a la comunidad a aportar con materiales y experiencias para generar las \u201cC\u00e1psulas del Tiempo\u201d. \u00a0En Puerto Ays\u00e9n, la \u00a0Ilustre\u00a0 Municipalidad de Ays\u00e9n junto a Carabineros de Chile, y sus unidades de Cultura, \u00a0Patrimonio y Biblioteca P\u00fablica, desplegaron actividades en diversos puntos de la ciudad, poniendo en relieve sus monumentos p\u00fablicos, tales como el Puente Presidente Ib\u00e1\u00f1ez, la ex Oficina de Tierras y Colonizaci\u00f3n y la instalaci\u00f3n en la \u201cPlaza Encuentro\u201d de un embarcaci\u00f3n como homenaje al oficio tradicional de\u00a0 la Carpinter\u00eda de Rivera. La banda de Carabineros se sum\u00f3 activamente a estas actividades, interpretando parte de su repertorio. \u00a0Por su parte, la comuna de Villa O\u00b4Higgins a trav\u00e9s de su gesti\u00f3n Municipal, levant\u00f3 diversas actividades de valor patrimonial durante el mes de Mayo, las que culminaron con la celebraci\u00f3n del D\u00eda de los Patrimonios en el Centro de Eventos Comunal O\u00b4Higgins, con muestra de documentales, entrevistas radiales, m\u00fasica y baile, exposici\u00f3n fotogr\u00e1fica y degustaci\u00f3n de culinaria t\u00edpica. El municipio de la Comuna de Guaitecas, a trav\u00e9s de su unidad de cultura organiz\u00f3 un concierto ac\u00fastico, con m\u00fasicos locales,\u00a0 as\u00ed como la visita al\u00a0 Taller del Carpintero de Ribera, Sr. Te\u00f3filo Chiguai, quien comparti\u00f3 sus conocimientos y experiencia en torno al oficio que ha sido parte de su vida, otra actividad relevante se vivi\u00f3 en el \u201cCentro Cultural Ascensi\u00f3n\u201d de Melinka, donde se represent\u00f3 la obra teatral \u201cJuicio a \u00d1ancupel\u201d cuya autor\u00eda es de Ana Iris Salgado, dedicada a la legendaria figura del pirata \u00d1ancupel, esta obra fue adaptada por la profesora Mar\u00eda Alicia Aguilar, proponiendo una interesante combinaci\u00f3n de artes esc\u00e9nicas y patrimonio.<\/p>\n<p style=\"text-align: justify;\">Respecto de esta celebraci\u00f3n y su relevancia en la regi\u00f3n, el Seremi de las Culturas, las artes y el patrimonio, Felipe Quiroz V\u00e1squez comenta: \u00abDesde la Secretar\u00eda Regional de las Culturas, las Artes y el Patrimonio, estamos muy contentos de que en esta fiesta, una conmemoraci\u00f3n con profundos v\u00ednculos comunitarios, a\u00f1o tras a\u00f1o se vea consolidada esta virtuosa relaci\u00f3n en la gran capacidad de movilizar a centenares de vecinos y vecinas de nuestro territorio para posicionar la importancia del patrimonio que habitamos. Desde la administraci\u00f3n del presidente Boric existe un profundo compromiso para relevar esta materia, lo que nos mandata a trazar una hoja de ruta que congregue el respeto por nuestro patrimonio, pero con perspectiva de ma\u00f1ana, es decir generar recuerdos materiales e inmateriales para el futuro.\u00bb<\/p>\n<p style=\"text-align: justify;\">A nivel nacional el D\u00eda de Los Patrimonios, registr\u00f3 durante el \u00faltimo\u00a0 fin de semana de Mayo, un total de 2.644 actividades inscritas, desde todas las regiones del pa\u00eds.<\/p>\n<\/div><\/section><\/div><div  style='height:50px' class='hr hr-invisible   avia-builder-el-6  el_after_av_one_full  el_before_av_social_share '><span class='hr-inner ' ><span class='hr-inner-style'><\/span><\/span><\/div><\/p>\n<div  class='av-social-sharing-box  avia-builder-el-7  el_after_av_hr  el_before_av_hr  '><div class='av-share-box'><h5 class='av-share-link-description av-no-toc '>Compartir esta noticia<\/h5><ul class='av-share-box-list noLightbox'><li class='av-share-link av-social-link-facebook' ><a target=\"_blank\" aria-label=\"Compartir en Facebook\" href='https:\/\/www.facebook.com\/sharer.php?u=https:\/\/radiorevelacionfm.cl\/?p=31464&#038;t=Desde%20Villa%20O%C2%B4Higgins%20a%20Guaitecas%20comunidades%20de%20la%20regi%C3%B3n%20celebraron%20el%20D%C3%ADa%20de%20los%20Patrimonios' aria-hidden='false' data-av_icon='\ue8f3' data-av_iconfont='entypo-fontello' title='' data-avia-related-tooltip='Compartir en Facebook' rel=\"noopener\"><span class='avia_hidden_link_text'>Compartir en Facebook<\/span><\/a><\/li><li class='av-share-link av-social-link-twitter' ><a target=\"_blank\" aria-label=\"Compartir en Twitter\" href='https:\/\/twitter.com\/share?text=Desde%20Villa%20O%C2%B4Higgins%20a%20Guaitecas%20comunidades%20de%20la%20regi%C3%B3n%20celebraron%20el%20D%C3%ADa%20de%20los%20Patrimonios&#038;url=https:\/\/radiorevelacionfm.cl\/?p=31464' aria-hidden='false' data-av_icon='\ue8f1' data-av_iconfont='entypo-fontello' title='' data-avia-related-tooltip='Compartir en Twitter' rel=\"noopener\"><span class='avia_hidden_link_text'>Compartir en Twitter<\/span><\/a><\/li><li class='av-share-link av-social-link-whatsapp' ><a target=\"_blank\" aria-label=\"Compartir en Whatsapp\" href='https:\/\/api.whatsapp.com\/send?text=https:\/\/radiorevelacionfm.cl\/?p=31464' aria-hidden='false' data-av_icon='\uf232' data-av_iconfont='entypo-fontello' title='' data-avia-related-tooltip='Compartir en Whatsapp' rel=\"noopener\"><span class='avia_hidden_link_text'>Compartir en Whatsapp<\/span><\/a><\/li><li class='av-share-link av-social-link-linkedin' ><a target=\"_blank\" aria-label=\"Compartir en LinkedIn\" href='https:\/\/linkedin.com\/shareArticle?mini=true&#038;title=Desde%20Villa%20O%C2%B4Higgins%20a%20Guaitecas%20comunidades%20de%20la%20regi%C3%B3n%20celebraron%20el%20D%C3%ADa%20de%20los%20Patrimonios&#038;url=https:\/\/radiorevelacionfm.cl\/?p=31464' aria-hidden='false' data-av_icon='\ue8fc' data-av_iconfont='entypo-fontello' title='' data-avia-related-tooltip='Compartir en LinkedIn' rel=\"noopener\"><span class='avia_hidden_link_text'>Compartir en LinkedIn<\/span><\/a><\/li><li class='av-share-link av-social-link-mail' ><a  aria-label=\"Compartir por correo\" href='mailto:?subject=Desde%20Villa%20O%C2%B4Higgins%20a%20Guaitecas%20comunidades%20de%20la%20regi%C3%B3n%20celebraron%20el%20D%C3%ADa%20de%20los%20Patrimonios&#038;body=https:\/\/radiorevelacionfm.cl\/?p=31464' aria-hidden='false' data-av_icon='\ue805' data-av_iconfont='entypo-fontello' title='' data-avia-related-tooltip='Compartir por correo'><span class='avia_hidden_link_text'>Compartir por correo<\/span><\/a><\/li><\/ul><\/div><\/div>\n<div  style='height:50px' class='hr hr-invisible   avia-builder-el-8  el_after_av_social_share  el_before_av_comments_list '><span class='hr-inner ' ><span class='hr-inner-style'><\/span><\/span><\/div>\n<div  class='av-buildercomment  av-blog-meta-html-info-disabled av-blog-meta-tag-disabled  '><\/div>\n","protected":false},"excerpt":{"rendered":"","protected":false},"author":1,"featured_media":31465,"comment_status":"open","ping_status":"open","sticky":false,"template":"","format":"standard","meta":{"footnotes":""},"categories":[52],"tags":[],"class_list":["post-31464","post","type-post","status-publish","format-standard","has-post-thumbnail","hentry","category-cultura"],"jetpack_featured_media_url":"https:\/\/radiorevelacionfm.cl\/wp-content\/uploads\/2023\/05\/guaitecas-3-1_optimized.jpg","_links":{"self":[{"href":"https:\/\/radiorevelacionfm.cl\/index.php?rest_route=\/wp\/v2\/posts\/31464","targetHints":{"allow":["GET"]}}],"collection":[{"href":"https:\/\/radiorevelacionfm.cl\/index.php?rest_route=\/wp\/v2\/posts"}],"about":[{"href":"https:\/\/radiorevelacionfm.cl\/index.php?rest_route=\/wp\/v2\/types\/post"}],"author":[{"embeddable":true,"href":"https:\/\/radiorevelacionfm.cl\/index.php?rest_route=\/wp\/v2\/users\/1"}],"replies":[{"embeddable":true,"href":"https:\/\/radiorevelacionfm.cl\/index.php?rest_route=%2Fwp%2Fv2%2Fcomments&post=31464"}],"version-history":[{"count":1,"href":"https:\/\/radiorevelacionfm.cl\/index.php?rest_route=\/wp\/v2\/posts\/31464\/revisions"}],"predecessor-version":[{"id":31466,"href":"https:\/\/radiorevelacionfm.cl\/index.php?rest_route=\/wp\/v2\/posts\/31464\/revisions\/31466"}],"wp:featuredmedia":[{"embeddable":true,"href":"https:\/\/radiorevelacionfm.cl\/index.php?rest_route=\/wp\/v2\/media\/31465"}],"wp:attachment":[{"href":"https:\/\/radiorevelacionfm.cl\/index.php?rest_route=%2Fwp%2Fv2%2Fmedia&parent=31464"}],"wp:term":[{"taxonomy":"category","embeddable":true,"href":"https:\/\/radiorevelacionfm.cl\/index.php?rest_route=%2Fwp%2Fv2%2Fcategories&post=31464"},{"taxonomy":"post_tag","embeddable":true,"href":"https:\/\/radiorevelacionfm.cl\/index.php?rest_route=%2Fwp%2Fv2%2Ftags&post=31464"}],"curies":[{"name":"wp","href":"https:\/\/api.w.org\/{rel}","templated":true}]}}