{"id":31461,"date":"2023-05-30T12:22:34","date_gmt":"2023-05-30T15:22:34","guid":{"rendered":"https:\/\/radiorevelacionfm.cl\/?p=31461"},"modified":"2023-05-30T12:22:34","modified_gmt":"2023-05-30T15:22:34","slug":"impulsan-programa-de-regularizacion-de-terrenos-en-comuna-de-lago-verde","status":"publish","type":"post","link":"https:\/\/radiorevelacionfm.cl\/?p=31461","title":{"rendered":"Impulsan programa de regularizaci\u00f3n de terrenos en comuna de Lago Verde"},"content":{"rendered":"<div class=\"flex_column av_one_full  flex_column_div av-zero-column-padding first  avia-builder-el-0  el_before_av_one_full  avia-builder-el-first  \" style='border-radius:0px; '><div  class='avia-image-container  av-styling-    avia-builder-el-1  avia-builder-el-no-sibling  avia-align-center '  itemprop=\"image\" itemscope=\"itemscope\" itemtype=\"https:\/\/schema.org\/ImageObject\"  ><div class='avia-image-container-inner'><div class='avia-image-overlay-wrap'><img decoding=\"async\" class='wp-image-31462 avia-img-lazy-loading-not-31462 avia_image' src=\"https:\/\/radiorevelacionfm.cl\/wp-content\/uploads\/2023\/05\/Nota-Lago-Verde-2023-05-26-1-1-1.jpeg\" alt='' title='Nota Lago Verde 2023-05-26 (1) (1) (1)' height=\"600\" width=\"814\"  itemprop=\"thumbnailUrl\" srcset=\"https:\/\/radiorevelacionfm.cl\/wp-content\/uploads\/2023\/05\/Nota-Lago-Verde-2023-05-26-1-1-1.jpeg 814w, https:\/\/radiorevelacionfm.cl\/wp-content\/uploads\/2023\/05\/Nota-Lago-Verde-2023-05-26-1-1-1-300x221.jpeg 300w, https:\/\/radiorevelacionfm.cl\/wp-content\/uploads\/2023\/05\/Nota-Lago-Verde-2023-05-26-1-1-1-768x566.jpeg 768w, https:\/\/radiorevelacionfm.cl\/wp-content\/uploads\/2023\/05\/Nota-Lago-Verde-2023-05-26-1-1-1-705x520.jpeg 705w, https:\/\/radiorevelacionfm.cl\/wp-content\/uploads\/2023\/05\/Nota-Lago-Verde-2023-05-26-1-1-1-450x332.jpeg 450w, https:\/\/radiorevelacionfm.cl\/wp-content\/uploads\/2023\/05\/Nota-Lago-Verde-2023-05-26-1-1-1-600x442.jpeg 600w\" sizes=\"(max-width: 814px) 100vw, 814px\" \/><\/div><\/div><\/div><\/div><div class=\"flex_column av_one_full  flex_column_div av-zero-column-padding first  avia-builder-el-2  el_after_av_one_full  el_before_av_one_full  column-top-margin\" style='border-radius:0px; '><section class=\"av_textblock_section \"  itemscope=\"itemscope\" itemtype=\"https:\/\/schema.org\/BlogPosting\" itemprop=\"blogPost\" ><div class='avia_textblock  '   itemprop=\"text\" ><p style=\"text-align: center;\"><strong><span style=\"font-size: 18pt;\">Impulsan programa de regularizaci\u00f3n de terrenos en comuna de Lago Verde<\/span><\/strong><\/p>\n<div id=\"gtx-trans\" style=\"position: absolute; left: -50px; top: 4.31534px;\">\n<div class=\"gtx-trans-icon\"><\/div>\n<\/div>\n<\/div><\/section><\/div><div class=\"flex_column av_one_full  flex_column_div av-zero-column-padding first  avia-builder-el-4  el_after_av_one_full  el_before_av_hr  column-top-margin\" style='border-radius:0px; '><section class=\"av_textblock_section \"  itemscope=\"itemscope\" itemtype=\"https:\/\/schema.org\/BlogPosting\" itemprop=\"blogPost\" ><div class='avia_textblock  '   itemprop=\"text\" ><p style=\"text-align: justify;\">A pesar de tratarse de un problema sensible que aqueja a la comuna de Lago Verde, lo cierto es que afecta a parte de la regi\u00f3n de Ays\u00e9n. Y pareciera que ha llegado el momento de salir a la luz p\u00fablica. Los campesinos est\u00e1n vi\u00e9ndose cada vez m\u00e1s afectados por las dificultades que presenta la ley al momento de querer regularizar sus terrenos, subdividirlos, o acceder a un paso de servidumbre.<\/p>\n<p style=\"text-align: justify;\">En este contexto el Alcalde de Lago Verde, Nelson Opazo, ha impulsado un programa que busca ayudar a los campesinos en estas dificultades: \u201cabordamos con recursos nuestros y con dos profesionales, un abogado y un ingeniero, para apoyar el saneamiento y regularizaci\u00f3n de terrenos en la comuna\u201d.<\/p>\n<p style=\"text-align: justify;\">Esta iniciativa ha entregado buenos resultados y soluciones concretas, permitiendo que familias de la comuna ya cuenten con el dominio de sus terrenos. Y la posibilidad de generar actividades productivas. \u00abTambi\u00e9n hay situaciones que no est\u00e1n al alcance de nuestro trabajo\u201d, se\u00f1al\u00f3 el edil.<\/p>\n<p style=\"text-align: justify;\">El diagn\u00f3stico es de suma urgencia, precis\u00f3 Opazo. Y ha hecho un llamado a todos los parlamentarios de la regi\u00f3n de Ays\u00e9n a incorporar cambios en la normativa vigente: \u201cnos encontramos en una situaci\u00f3n francamente compleja. Familias pioneras, familias hist\u00f3ricas de la comuna y la regi\u00f3n est\u00e1n siendo imposibilitadas de poder avanzar en subdivisi\u00f3n de terreno\u201d.<\/p>\n<p style=\"text-align: justify;\">Esto debido a que la ley, por medio del Ministerio de Agricultura, exige a quienes quieran subdividir su terreno, ya sea para generar actividades productivas o postular a vivienda, un permiso de todos los vecinos. O tener los recursos para pagar un paso de servidumbre. Por lo cual Opazo asegura que \u201cel Estado no ha estado a la altura\u201d, dejando \u201cal arbitrio de cualquier ciudadano que pueda adquirir ese terreno a un precio inferior al que tendr\u00eda el terreno subdividido. Quedando el campesino, el productor, el pionero, el hijo de pionero, en la m\u00e1s absoluta vulnerabilidad\u201d, finaliz\u00f3.<\/p>\n<\/div><\/section><\/div><div  style='height:50px' class='hr hr-invisible   avia-builder-el-6  el_after_av_one_full  el_before_av_social_share '><span class='hr-inner ' ><span class='hr-inner-style'><\/span><\/span><\/div><\/p>\n<div  class='av-social-sharing-box  avia-builder-el-7  el_after_av_hr  el_before_av_hr  '><div class='av-share-box'><h5 class='av-share-link-description av-no-toc '>Compartir esta noticia<\/h5><ul class='av-share-box-list noLightbox'><li class='av-share-link av-social-link-facebook' ><a target=\"_blank\" aria-label=\"Compartir en Facebook\" href='https:\/\/www.facebook.com\/sharer.php?u=https:\/\/radiorevelacionfm.cl\/?p=31461&#038;t=Impulsan%20programa%20de%20regularizaci%C3%B3n%20de%20terrenos%20en%20comuna%20de%20Lago%20Verde' aria-hidden='false' data-av_icon='\ue8f3' data-av_iconfont='entypo-fontello' title='' data-avia-related-tooltip='Compartir en Facebook' rel=\"noopener\"><span class='avia_hidden_link_text'>Compartir en Facebook<\/span><\/a><\/li><li class='av-share-link av-social-link-twitter' ><a target=\"_blank\" aria-label=\"Compartir en Twitter\" href='https:\/\/twitter.com\/share?text=Impulsan%20programa%20de%20regularizaci%C3%B3n%20de%20terrenos%20en%20comuna%20de%20Lago%20Verde&#038;url=https:\/\/radiorevelacionfm.cl\/?p=31461' aria-hidden='false' data-av_icon='\ue8f1' data-av_iconfont='entypo-fontello' title='' data-avia-related-tooltip='Compartir en Twitter' rel=\"noopener\"><span class='avia_hidden_link_text'>Compartir en Twitter<\/span><\/a><\/li><li class='av-share-link av-social-link-whatsapp' ><a target=\"_blank\" aria-label=\"Compartir en Whatsapp\" href='https:\/\/api.whatsapp.com\/send?text=https:\/\/radiorevelacionfm.cl\/?p=31461' aria-hidden='false' data-av_icon='\uf232' data-av_iconfont='entypo-fontello' title='' data-avia-related-tooltip='Compartir en Whatsapp' rel=\"noopener\"><span class='avia_hidden_link_text'>Compartir en Whatsapp<\/span><\/a><\/li><li class='av-share-link av-social-link-linkedin' ><a target=\"_blank\" aria-label=\"Compartir en LinkedIn\" href='https:\/\/linkedin.com\/shareArticle?mini=true&#038;title=Impulsan%20programa%20de%20regularizaci%C3%B3n%20de%20terrenos%20en%20comuna%20de%20Lago%20Verde&#038;url=https:\/\/radiorevelacionfm.cl\/?p=31461' aria-hidden='false' data-av_icon='\ue8fc' data-av_iconfont='entypo-fontello' title='' data-avia-related-tooltip='Compartir en LinkedIn' rel=\"noopener\"><span class='avia_hidden_link_text'>Compartir en LinkedIn<\/span><\/a><\/li><li class='av-share-link av-social-link-mail' ><a  aria-label=\"Compartir por correo\" href='mailto:?subject=Impulsan%20programa%20de%20regularizaci%C3%B3n%20de%20terrenos%20en%20comuna%20de%20Lago%20Verde&#038;body=https:\/\/radiorevelacionfm.cl\/?p=31461' aria-hidden='false' data-av_icon='\ue805' data-av_iconfont='entypo-fontello' title='' data-avia-related-tooltip='Compartir por correo'><span class='avia_hidden_link_text'>Compartir por correo<\/span><\/a><\/li><\/ul><\/div><\/div>\n<div  style='height:50px' class='hr hr-invisible   avia-builder-el-8  el_after_av_social_share  el_before_av_comments_list '><span class='hr-inner ' ><span class='hr-inner-style'><\/span><\/span><\/div>\n<div  class='av-buildercomment  av-blog-meta-html-info-disabled av-blog-meta-tag-disabled  '><\/div>\n","protected":false},"excerpt":{"rendered":"","protected":false},"author":1,"featured_media":31462,"comment_status":"open","ping_status":"open","sticky":false,"template":"","format":"standard","meta":{"footnotes":""},"categories":[38],"tags":[],"class_list":["post-31461","post","type-post","status-publish","format-standard","has-post-thumbnail","hentry","category-regional"],"jetpack_featured_media_url":"https:\/\/radiorevelacionfm.cl\/wp-content\/uploads\/2023\/05\/Nota-Lago-Verde-2023-05-26-1-1-1.jpeg","_links":{"self":[{"href":"https:\/\/radiorevelacionfm.cl\/index.php?rest_route=\/wp\/v2\/posts\/31461","targetHints":{"allow":["GET"]}}],"collection":[{"href":"https:\/\/radiorevelacionfm.cl\/index.php?rest_route=\/wp\/v2\/posts"}],"about":[{"href":"https:\/\/radiorevelacionfm.cl\/index.php?rest_route=\/wp\/v2\/types\/post"}],"author":[{"embeddable":true,"href":"https:\/\/radiorevelacionfm.cl\/index.php?rest_route=\/wp\/v2\/users\/1"}],"replies":[{"embeddable":true,"href":"https:\/\/radiorevelacionfm.cl\/index.php?rest_route=%2Fwp%2Fv2%2Fcomments&post=31461"}],"version-history":[{"count":1,"href":"https:\/\/radiorevelacionfm.cl\/index.php?rest_route=\/wp\/v2\/posts\/31461\/revisions"}],"predecessor-version":[{"id":31463,"href":"https:\/\/radiorevelacionfm.cl\/index.php?rest_route=\/wp\/v2\/posts\/31461\/revisions\/31463"}],"wp:featuredmedia":[{"embeddable":true,"href":"https:\/\/radiorevelacionfm.cl\/index.php?rest_route=\/wp\/v2\/media\/31462"}],"wp:attachment":[{"href":"https:\/\/radiorevelacionfm.cl\/index.php?rest_route=%2Fwp%2Fv2%2Fmedia&parent=31461"}],"wp:term":[{"taxonomy":"category","embeddable":true,"href":"https:\/\/radiorevelacionfm.cl\/index.php?rest_route=%2Fwp%2Fv2%2Fcategories&post=31461"},{"taxonomy":"post_tag","embeddable":true,"href":"https:\/\/radiorevelacionfm.cl\/index.php?rest_route=%2Fwp%2Fv2%2Ftags&post=31461"}],"curies":[{"name":"wp","href":"https:\/\/api.w.org\/{rel}","templated":true}]}}