{"id":31457,"date":"2023-05-29T20:53:58","date_gmt":"2023-05-29T23:53:58","guid":{"rendered":"https:\/\/radiorevelacionfm.cl\/?p=31457"},"modified":"2023-05-29T20:53:58","modified_gmt":"2023-05-29T23:53:58","slug":"un-90-de-avances-alcanzan-las-obras-del-jardin-infantil-mackay","status":"publish","type":"post","link":"https:\/\/radiorevelacionfm.cl\/?p=31457","title":{"rendered":"Un 90% de avances alcanzan las obras del Jard\u00edn Infantil Mackay"},"content":{"rendered":"<div class=\"flex_column av_one_full  flex_column_div av-zero-column-padding first  avia-builder-el-0  el_before_av_one_full  avia-builder-el-first  \" style='border-radius:0px; '><div  class='avia-image-container  av-styling-    avia-builder-el-1  avia-builder-el-no-sibling  avia-align-center '  itemprop=\"image\" itemscope=\"itemscope\" itemtype=\"https:\/\/schema.org\/ImageObject\"  ><div class='avia-image-container-inner'><div class='avia-image-overlay-wrap'><img decoding=\"async\" class='wp-image-31458 avia-img-lazy-loading-not-31458 avia_image' src=\"https:\/\/radiorevelacionfm.cl\/wp-content\/uploads\/2023\/05\/1-24-1-1.jpeg\" alt='' title='1 (24) (1) (1)' height=\"600\" width=\"825\"  itemprop=\"thumbnailUrl\" srcset=\"https:\/\/radiorevelacionfm.cl\/wp-content\/uploads\/2023\/05\/1-24-1-1.jpeg 825w, https:\/\/radiorevelacionfm.cl\/wp-content\/uploads\/2023\/05\/1-24-1-1-300x218.jpeg 300w, https:\/\/radiorevelacionfm.cl\/wp-content\/uploads\/2023\/05\/1-24-1-1-768x559.jpeg 768w, https:\/\/radiorevelacionfm.cl\/wp-content\/uploads\/2023\/05\/1-24-1-1-705x513.jpeg 705w, https:\/\/radiorevelacionfm.cl\/wp-content\/uploads\/2023\/05\/1-24-1-1-450x327.jpeg 450w, https:\/\/radiorevelacionfm.cl\/wp-content\/uploads\/2023\/05\/1-24-1-1-600x436.jpeg 600w\" sizes=\"(max-width: 825px) 100vw, 825px\" \/><\/div><\/div><\/div><\/div><div class=\"flex_column av_one_full  flex_column_div av-zero-column-padding first  avia-builder-el-2  el_after_av_one_full  el_before_av_one_full  column-top-margin\" style='border-radius:0px; '><section class=\"av_textblock_section \"  itemscope=\"itemscope\" itemtype=\"https:\/\/schema.org\/BlogPosting\" itemprop=\"blogPost\" ><div class='avia_textblock  '   itemprop=\"text\" ><p style=\"text-align: center;\"><strong><span style=\"font-size: 18pt;\">Un 90% de avances alcanzan las obras del Jard\u00edn Infantil Mackay<\/span><\/strong><\/p>\n<div id=\"gtx-trans\" style=\"position: absolute; left: -50px; top: 4.31534px;\">\n<div class=\"gtx-trans-icon\"><\/div>\n<\/div>\n<\/div><\/section><\/div><div class=\"flex_column av_one_full  flex_column_div av-zero-column-padding first  avia-builder-el-4  el_after_av_one_full  el_before_av_hr  column-top-margin\" style='border-radius:0px; '><section class=\"av_textblock_section \"  itemscope=\"itemscope\" itemtype=\"https:\/\/schema.org\/BlogPosting\" itemprop=\"blogPost\" ><div class='avia_textblock  '   itemprop=\"text\" ><p style=\"font-weight: 400; text-align: justify;\">A toda m\u00e1quina avanzan las obras de reposici\u00f3n del Jard\u00edn Infantil y Sala Cuna \u201cMackay\u201d el cual beneficiar\u00e1 a 76 p\u00e1rvulos de la capital regional. Este proyecto se destaca por ser de los m\u00e1s modernos del pa\u00eds y que cuenta con tecnolog\u00edas como climatizaci\u00f3n independiente de recintos mediante pisos radiantes el\u00e9ctricos, iluminaci\u00f3n eficaz con espacios interiores seguros, amplios y confortables para el trabajo con los p\u00e1rvulos.<\/p>\n<p style=\"font-weight: 400; text-align: justify;\">La directora regional de Fundaci\u00f3n Integra, Leticia Araya Norambuena, adem\u00e1s reforz\u00f3 la importancia que tienen los establecimientos educacionales en lo que se denomina como el tercer educador reiterando que \u201ces importante el rol que tiene los espacios educativos en los aprendizajes de ni\u00f1os y ni\u00f1as, por lo cual el tener un espacio como el que estamos construyendo permitir\u00e1 que los p\u00e1rvulos puedan desarrollar al m\u00e1ximo sus potencialidades\u201d.<\/p>\n<p style=\"font-weight: 400; text-align: justify;\">Esta obra est\u00e1 emplazada en calle Sargento Aldea \u2013entre calle Lautaro y Errazuriz- en una superficie total de 1250 metros cuadrados, con una infraestructura de m\u00e1s de 600 metros cuadrados \u00a0los que estar\u00e1n habilitados para que los ni\u00f1os y ni\u00f1as puedan interactuar con el medio ambiente y en un entorno natural, utilizando cada espacio como foco de aprendizaje.<\/p>\n<p style=\"font-weight: 400; text-align: justify;\">Bruno Aguirre Serazzi, arquitecto de Fundaci\u00f3n Integra en la regi\u00f3n, se\u00f1ala que \u201cla obra lleva un poco m\u00e1s de 12 meses y a la fecha tiene un avance del 90%, proyect\u00e1ndose su apertura para mediados del segundo semestre del 2023\u201d. A la vez destaca que \u00abuna de las ventajas que tiene el jard\u00edn infantil es que est\u00e1 en un sector c\u00e9ntrico de la ciudad y beneficia a las personas que trabajan por el sector\u201d.<\/p>\n<p style=\"font-weight: 400; text-align: justify;\">Cabe destacar que este proyecto contar\u00e1 con 3 niveles como lo son una sala cuna, un nivel medio menor y un nivel medio mayor. Adem\u00e1s el establecimiento contar\u00e1 con una sala multiuso, otra de amamantamiento y dos patios cubiertos, adem\u00e1s un patio de juego exterior el que contar\u00e1 con 165 metros cuadrados de piso de caucho que tendr\u00e1 juegos infantiles did\u00e1cticos y jardines verticales.<\/p>\n<p style=\"font-weight: 400; text-align: justify;\">Katherine Ugarte Espa\u00f1a, directora del Jard\u00edn Infantil \u201cMackay\u201d se\u00f1ala \u00a0que como equipo educativo \u201cestamos contentos, felices y ansiosos por nuestra nueva casa. Queremos conocer la infraestructura, sus materiales para poder continuar nuestro trabajo bajo nuestro sello educativo que es Medioambiental y poder utilizarlo en pos del trabajo que desarrollamos con nuestros ni\u00f1os y ni\u00f1as\u201d. A la vez refuerza que \u201cactualmente tenemos poco espacio de patios y \u00e1reas verdes por lo que estamos ansiosas de poder mudarnos a este nuevo jard\u00edn y poder tener nuestros cultivos, nuestra huerta, nuestra compostera, y trabajar en esta materia, siempre acompa\u00f1ados de nuestras familias y comunidad\u201d.<\/p>\n<p style=\"font-weight: 400; text-align: justify;\">Finalmente cabe destacar que Fundaci\u00f3n Integra pertenece a la Red de Fundaciones de la Presidencia de la Rep\u00fablica. Con 32 a\u00f1os de experiencia, cuenta con m\u00e1s de 1.230 jardines infantiles y salas cuna gratuitos a los que asisten m\u00e1s de 91 mil ni\u00f1os y ni\u00f1as en todo Chile.<\/p>\n<\/div><\/section><\/div><div  style='height:50px' class='hr hr-invisible   avia-builder-el-6  el_after_av_one_full  el_before_av_social_share '><span class='hr-inner ' ><span class='hr-inner-style'><\/span><\/span><\/div><\/p>\n<div  class='av-social-sharing-box  avia-builder-el-7  el_after_av_hr  el_before_av_hr  '><div class='av-share-box'><h5 class='av-share-link-description av-no-toc '>Compartir esta noticia<\/h5><ul class='av-share-box-list noLightbox'><li class='av-share-link av-social-link-facebook' ><a target=\"_blank\" aria-label=\"Compartir en Facebook\" href='https:\/\/www.facebook.com\/sharer.php?u=https:\/\/radiorevelacionfm.cl\/?p=31457&#038;t=Un%2090%25%20de%20avances%20alcanzan%20las%20obras%20del%20Jard%C3%ADn%20Infantil%20Mackay' aria-hidden='false' data-av_icon='\ue8f3' data-av_iconfont='entypo-fontello' title='' data-avia-related-tooltip='Compartir en Facebook' rel=\"noopener\"><span class='avia_hidden_link_text'>Compartir en Facebook<\/span><\/a><\/li><li class='av-share-link av-social-link-twitter' ><a target=\"_blank\" aria-label=\"Compartir en Twitter\" href='https:\/\/twitter.com\/share?text=Un%2090%25%20de%20avances%20alcanzan%20las%20obras%20del%20Jard%C3%ADn%20Infantil%20Mackay&#038;url=https:\/\/radiorevelacionfm.cl\/?p=31457' aria-hidden='false' data-av_icon='\ue8f1' data-av_iconfont='entypo-fontello' title='' data-avia-related-tooltip='Compartir en Twitter' rel=\"noopener\"><span class='avia_hidden_link_text'>Compartir en Twitter<\/span><\/a><\/li><li class='av-share-link av-social-link-whatsapp' ><a target=\"_blank\" aria-label=\"Compartir en Whatsapp\" href='https:\/\/api.whatsapp.com\/send?text=https:\/\/radiorevelacionfm.cl\/?p=31457' aria-hidden='false' data-av_icon='\uf232' data-av_iconfont='entypo-fontello' title='' data-avia-related-tooltip='Compartir en Whatsapp' rel=\"noopener\"><span class='avia_hidden_link_text'>Compartir en Whatsapp<\/span><\/a><\/li><li class='av-share-link av-social-link-linkedin' ><a target=\"_blank\" aria-label=\"Compartir en LinkedIn\" href='https:\/\/linkedin.com\/shareArticle?mini=true&#038;title=Un%2090%25%20de%20avances%20alcanzan%20las%20obras%20del%20Jard%C3%ADn%20Infantil%20Mackay&#038;url=https:\/\/radiorevelacionfm.cl\/?p=31457' aria-hidden='false' data-av_icon='\ue8fc' data-av_iconfont='entypo-fontello' title='' data-avia-related-tooltip='Compartir en LinkedIn' rel=\"noopener\"><span class='avia_hidden_link_text'>Compartir en LinkedIn<\/span><\/a><\/li><li class='av-share-link av-social-link-mail' ><a  aria-label=\"Compartir por correo\" href='mailto:?subject=Un%2090%25%20de%20avances%20alcanzan%20las%20obras%20del%20Jard%C3%ADn%20Infantil%20Mackay&#038;body=https:\/\/radiorevelacionfm.cl\/?p=31457' aria-hidden='false' data-av_icon='\ue805' data-av_iconfont='entypo-fontello' title='' data-avia-related-tooltip='Compartir por correo'><span class='avia_hidden_link_text'>Compartir por correo<\/span><\/a><\/li><\/ul><\/div><\/div>\n<div  style='height:50px' class='hr hr-invisible   avia-builder-el-8  el_after_av_social_share  el_before_av_comments_list '><span class='hr-inner ' ><span class='hr-inner-style'><\/span><\/span><\/div>\n<div  class='av-buildercomment  av-blog-meta-html-info-disabled av-blog-meta-tag-disabled  '><\/div>\n","protected":false},"excerpt":{"rendered":"","protected":false},"author":1,"featured_media":31458,"comment_status":"open","ping_status":"open","sticky":false,"template":"","format":"standard","meta":{"footnotes":""},"categories":[49],"tags":[],"class_list":["post-31457","post","type-post","status-publish","format-standard","has-post-thumbnail","hentry","category-educacion"],"jetpack_featured_media_url":"https:\/\/radiorevelacionfm.cl\/wp-content\/uploads\/2023\/05\/1-24-1-1.jpeg","_links":{"self":[{"href":"https:\/\/radiorevelacionfm.cl\/index.php?rest_route=\/wp\/v2\/posts\/31457","targetHints":{"allow":["GET"]}}],"collection":[{"href":"https:\/\/radiorevelacionfm.cl\/index.php?rest_route=\/wp\/v2\/posts"}],"about":[{"href":"https:\/\/radiorevelacionfm.cl\/index.php?rest_route=\/wp\/v2\/types\/post"}],"author":[{"embeddable":true,"href":"https:\/\/radiorevelacionfm.cl\/index.php?rest_route=\/wp\/v2\/users\/1"}],"replies":[{"embeddable":true,"href":"https:\/\/radiorevelacionfm.cl\/index.php?rest_route=%2Fwp%2Fv2%2Fcomments&post=31457"}],"version-history":[{"count":1,"href":"https:\/\/radiorevelacionfm.cl\/index.php?rest_route=\/wp\/v2\/posts\/31457\/revisions"}],"predecessor-version":[{"id":31459,"href":"https:\/\/radiorevelacionfm.cl\/index.php?rest_route=\/wp\/v2\/posts\/31457\/revisions\/31459"}],"wp:featuredmedia":[{"embeddable":true,"href":"https:\/\/radiorevelacionfm.cl\/index.php?rest_route=\/wp\/v2\/media\/31458"}],"wp:attachment":[{"href":"https:\/\/radiorevelacionfm.cl\/index.php?rest_route=%2Fwp%2Fv2%2Fmedia&parent=31457"}],"wp:term":[{"taxonomy":"category","embeddable":true,"href":"https:\/\/radiorevelacionfm.cl\/index.php?rest_route=%2Fwp%2Fv2%2Fcategories&post=31457"},{"taxonomy":"post_tag","embeddable":true,"href":"https:\/\/radiorevelacionfm.cl\/index.php?rest_route=%2Fwp%2Fv2%2Ftags&post=31457"}],"curies":[{"name":"wp","href":"https:\/\/api.w.org\/{rel}","templated":true}]}}