{"id":31455,"date":"2023-05-29T18:28:23","date_gmt":"2023-05-29T21:28:23","guid":{"rendered":"https:\/\/radiorevelacionfm.cl\/?p=31455"},"modified":"2023-05-29T18:28:23","modified_gmt":"2023-05-29T21:28:23","slug":"corte-ordena-a-usuaria-de-cochrane-eliminar-comentarios-y-fotografias-ofensivas-de-la-red-social-facebook","status":"publish","type":"post","link":"https:\/\/radiorevelacionfm.cl\/?p=31455","title":{"rendered":"Corte ordena a usuaria de Cochrane eliminar comentarios y fotograf\u00edas ofensivas de la red social Facebook"},"content":{"rendered":"<div class=\"flex_column av_one_full  flex_column_div av-zero-column-padding first  avia-builder-el-0  el_before_av_one_full  avia-builder-el-first  \" style='border-radius:0px; '><div  class='avia-image-container  av-styling-    avia-builder-el-1  avia-builder-el-no-sibling  avia-align-center '  itemprop=\"image\" itemscope=\"itemscope\" itemtype=\"https:\/\/schema.org\/ImageObject\"  ><div class='avia-image-container-inner'><div class='avia-image-overlay-wrap'><img decoding=\"async\" class='wp-image-16644 avia-img-lazy-loading-not-16644 avia_image' src=\"https:\/\/radiorevelacionfm.cl\/wp-content\/uploads\/2022\/05\/Corte-de-Apelaciones-1-1.jpg\" alt='' title='Corte de Apelaciones (1) (1)' height=\"600\" width=\"900\"  itemprop=\"thumbnailUrl\" srcset=\"https:\/\/radiorevelacionfm.cl\/wp-content\/uploads\/2022\/05\/Corte-de-Apelaciones-1-1.jpg 900w, https:\/\/radiorevelacionfm.cl\/wp-content\/uploads\/2022\/05\/Corte-de-Apelaciones-1-1-300x200.jpg 300w, https:\/\/radiorevelacionfm.cl\/wp-content\/uploads\/2022\/05\/Corte-de-Apelaciones-1-1-768x512.jpg 768w, https:\/\/radiorevelacionfm.cl\/wp-content\/uploads\/2022\/05\/Corte-de-Apelaciones-1-1-705x470.jpg 705w, https:\/\/radiorevelacionfm.cl\/wp-content\/uploads\/2022\/05\/Corte-de-Apelaciones-1-1-600x400.jpg 600w\" sizes=\"(max-width: 900px) 100vw, 900px\" \/><\/div><\/div><\/div><\/div><div class=\"flex_column av_one_full  flex_column_div av-zero-column-padding first  avia-builder-el-2  el_after_av_one_full  el_before_av_one_full  column-top-margin\" style='border-radius:0px; '><section class=\"av_textblock_section \"  itemscope=\"itemscope\" itemtype=\"https:\/\/schema.org\/BlogPosting\" itemprop=\"blogPost\" ><div class='avia_textblock  '   itemprop=\"text\" ><p style=\"text-align: center;\"><strong><span style=\"font-size: 18pt;\">Corte ordena a usuaria de Cochrane a eliminar comentarios y fotograf\u00edas ofensivas de la red social Facebook<\/span><\/strong><\/p>\n<div id=\"gtx-trans\" style=\"position: absolute; left: -50px; top: 4.31534px;\">\n<div class=\"gtx-trans-icon\"><\/div>\n<\/div>\n<\/div><\/section><\/div><div class=\"flex_column av_one_full  flex_column_div av-zero-column-padding first  avia-builder-el-4  el_after_av_one_full  el_before_av_hr  column-top-margin\" style='border-radius:0px; '><section class=\"av_textblock_section \"  itemscope=\"itemscope\" itemtype=\"https:\/\/schema.org\/BlogPosting\" itemprop=\"blogPost\" ><div class='avia_textblock  '   itemprop=\"text\" ><p class=\"v1MsoNormal\" style=\"text-align: justify;\">La Corte de Apelaciones de Coyhaique acogi\u00f3 el recurso de protecci\u00f3n deducido en contra de usuaria menor de edad de Facebook, quien public\u00f3 en la red social comentarios y fotograf\u00edas que afectan la honra del recurrente. Il\u00edcito perpetrado desde diciembre del a\u00f1o pasado, en la comuna de Cochrane.<\/p>\n<p class=\"v1MsoNormal\" style=\"text-align: justify;\">En fallo un\u00e1nime, la Primera Sala del tribunal de alzada \u2013integrada por los ministros Jos\u00e9 Ignacio Mora Trujillo, Pedro Castro Espinoza y Paola Aguilar Gallardo\u2013 acogi\u00f3 la acci\u00f3n cautelar y le orden\u00f3 a la recurrida proceda a eliminar de Facebook, todo comentario y expresi\u00f3n directa e indirecta y abstenerse de incurrir nuevamente en dichas conductas por cualquier medio de comunicaci\u00f3n social, redes sociales u otra forma de difusi\u00f3n masiva.<\/p>\n<p class=\"v1MsoNormal\" style=\"text-align: justify;\">\u00ab(&#8230;) del mismo modo se ha publicado en la p\u00e1gina de Facebook de la recurrida dos fotograf\u00edas que exhiben el rostro del recurrente, atribuy\u00e9ndole las expresiones antes referidas, seg\u00fan lo establecido en el motivo Quinto del presente fallo, de modo que se ha hecho uso de su imagen sin el consentimiento de este, afect\u00e1ndose el derecho de propiedad que el recurrente tiene sobre su persona f\u00edsica, siendo su imagen una extensi\u00f3n de esta, conculc\u00e1ndose, igualmente, el derecho de propiedad consagrado en el N\u00b0 24 del art\u00edculo 19 de la Carta Fundamental\u00bb, sostiene el fallo.<\/p>\n<p class=\"v1MsoNormal\" style=\"text-align: justify;\">\u00ab(&#8230;) por lo antes razonado, esta Corte estima que la recurrida ha incurrido en un acto arbitrario e ilegal que ha afectado el derecho a la honra del recurrente, por lo que habr\u00e1 de acogerse la presente acci\u00f3n constitucional\u00bb, a\u00f1ade.<\/p>\n<p class=\"v1MsoNormal\" style=\"text-align: justify;\">\u00ab(&#8230;) en consecuencia, se acceder\u00e1 a las peticiones contenidas en el recurso, sin perjuicio que de estimarse por la recurrida que si existe alguna vulneraci\u00f3n de derechos o la comisi\u00f3n de un delito por parte del recurrente, en el caso que se conoce, debe accionar por la v\u00eda id\u00f3nea que la ley concede para tales efectos y no a trav\u00e9s de v\u00edas de hecho como lo son emitir publicaciones y comentarios en contra de personas en redes sociales que son de masiva difusi\u00f3n\u00bb, advierte la resoluci\u00f3n.<\/p>\n<\/div><\/section><\/div><div  style='height:50px' class='hr hr-invisible   avia-builder-el-6  el_after_av_one_full  el_before_av_social_share '><span class='hr-inner ' ><span class='hr-inner-style'><\/span><\/span><\/div><\/p>\n<div  class='av-social-sharing-box  avia-builder-el-7  el_after_av_hr  el_before_av_hr  '><div class='av-share-box'><h5 class='av-share-link-description av-no-toc '>Compartir esta noticia<\/h5><ul class='av-share-box-list noLightbox'><li class='av-share-link av-social-link-facebook' ><a target=\"_blank\" aria-label=\"Compartir en Facebook\" href='https:\/\/www.facebook.com\/sharer.php?u=https:\/\/radiorevelacionfm.cl\/?p=31455&#038;t=Corte%20ordena%20a%20usuaria%20de%20Cochrane%20eliminar%20comentarios%20y%20fotograf%C3%ADas%20ofensivas%20de%20la%20red%20social%20Facebook' aria-hidden='false' data-av_icon='\ue8f3' data-av_iconfont='entypo-fontello' title='' data-avia-related-tooltip='Compartir en Facebook' rel=\"noopener\"><span class='avia_hidden_link_text'>Compartir en Facebook<\/span><\/a><\/li><li class='av-share-link av-social-link-twitter' ><a target=\"_blank\" aria-label=\"Compartir en Twitter\" href='https:\/\/twitter.com\/share?text=Corte%20ordena%20a%20usuaria%20de%20Cochrane%20eliminar%20comentarios%20y%20fotograf%C3%ADas%20ofensivas%20de%20la%20red%20social%20Facebook&#038;url=https:\/\/radiorevelacionfm.cl\/?p=31455' aria-hidden='false' data-av_icon='\ue8f1' data-av_iconfont='entypo-fontello' title='' data-avia-related-tooltip='Compartir en Twitter' rel=\"noopener\"><span class='avia_hidden_link_text'>Compartir en Twitter<\/span><\/a><\/li><li class='av-share-link av-social-link-whatsapp' ><a target=\"_blank\" aria-label=\"Compartir en Whatsapp\" href='https:\/\/api.whatsapp.com\/send?text=https:\/\/radiorevelacionfm.cl\/?p=31455' aria-hidden='false' data-av_icon='\uf232' data-av_iconfont='entypo-fontello' title='' data-avia-related-tooltip='Compartir en Whatsapp' rel=\"noopener\"><span class='avia_hidden_link_text'>Compartir en Whatsapp<\/span><\/a><\/li><li class='av-share-link av-social-link-linkedin' ><a target=\"_blank\" aria-label=\"Compartir en LinkedIn\" href='https:\/\/linkedin.com\/shareArticle?mini=true&#038;title=Corte%20ordena%20a%20usuaria%20de%20Cochrane%20eliminar%20comentarios%20y%20fotograf%C3%ADas%20ofensivas%20de%20la%20red%20social%20Facebook&#038;url=https:\/\/radiorevelacionfm.cl\/?p=31455' aria-hidden='false' data-av_icon='\ue8fc' data-av_iconfont='entypo-fontello' title='' data-avia-related-tooltip='Compartir en LinkedIn' rel=\"noopener\"><span class='avia_hidden_link_text'>Compartir en LinkedIn<\/span><\/a><\/li><li class='av-share-link av-social-link-mail' ><a  aria-label=\"Compartir por correo\" href='mailto:?subject=Corte%20ordena%20a%20usuaria%20de%20Cochrane%20eliminar%20comentarios%20y%20fotograf%C3%ADas%20ofensivas%20de%20la%20red%20social%20Facebook&#038;body=https:\/\/radiorevelacionfm.cl\/?p=31455' aria-hidden='false' data-av_icon='\ue805' data-av_iconfont='entypo-fontello' title='' data-avia-related-tooltip='Compartir por correo'><span class='avia_hidden_link_text'>Compartir por correo<\/span><\/a><\/li><\/ul><\/div><\/div>\n<div  style='height:50px' class='hr hr-invisible   avia-builder-el-8  el_after_av_social_share  el_before_av_comments_list '><span class='hr-inner ' ><span class='hr-inner-style'><\/span><\/span><\/div>\n<div  class='av-buildercomment  av-blog-meta-html-info-disabled av-blog-meta-tag-disabled  '><\/div>\n","protected":false},"excerpt":{"rendered":"","protected":false},"author":1,"featured_media":16644,"comment_status":"open","ping_status":"open","sticky":false,"template":"","format":"standard","meta":{"footnotes":""},"categories":[55],"tags":[],"class_list":["post-31455","post","type-post","status-publish","format-standard","has-post-thumbnail","hentry","category-justicia"],"jetpack_featured_media_url":"https:\/\/radiorevelacionfm.cl\/wp-content\/uploads\/2022\/05\/Corte-de-Apelaciones-1-1.jpg","_links":{"self":[{"href":"https:\/\/radiorevelacionfm.cl\/index.php?rest_route=\/wp\/v2\/posts\/31455","targetHints":{"allow":["GET"]}}],"collection":[{"href":"https:\/\/radiorevelacionfm.cl\/index.php?rest_route=\/wp\/v2\/posts"}],"about":[{"href":"https:\/\/radiorevelacionfm.cl\/index.php?rest_route=\/wp\/v2\/types\/post"}],"author":[{"embeddable":true,"href":"https:\/\/radiorevelacionfm.cl\/index.php?rest_route=\/wp\/v2\/users\/1"}],"replies":[{"embeddable":true,"href":"https:\/\/radiorevelacionfm.cl\/index.php?rest_route=%2Fwp%2Fv2%2Fcomments&post=31455"}],"version-history":[{"count":1,"href":"https:\/\/radiorevelacionfm.cl\/index.php?rest_route=\/wp\/v2\/posts\/31455\/revisions"}],"predecessor-version":[{"id":31456,"href":"https:\/\/radiorevelacionfm.cl\/index.php?rest_route=\/wp\/v2\/posts\/31455\/revisions\/31456"}],"wp:featuredmedia":[{"embeddable":true,"href":"https:\/\/radiorevelacionfm.cl\/index.php?rest_route=\/wp\/v2\/media\/16644"}],"wp:attachment":[{"href":"https:\/\/radiorevelacionfm.cl\/index.php?rest_route=%2Fwp%2Fv2%2Fmedia&parent=31455"}],"wp:term":[{"taxonomy":"category","embeddable":true,"href":"https:\/\/radiorevelacionfm.cl\/index.php?rest_route=%2Fwp%2Fv2%2Fcategories&post=31455"},{"taxonomy":"post_tag","embeddable":true,"href":"https:\/\/radiorevelacionfm.cl\/index.php?rest_route=%2Fwp%2Fv2%2Ftags&post=31455"}],"curies":[{"name":"wp","href":"https:\/\/api.w.org\/{rel}","templated":true}]}}