{"id":31452,"date":"2023-05-30T11:20:28","date_gmt":"2023-05-30T14:20:28","guid":{"rendered":"https:\/\/radiorevelacionfm.cl\/?p=31452"},"modified":"2023-05-30T11:20:28","modified_gmt":"2023-05-30T14:20:28","slug":"alertan-sobre-nueva-variante-de-covid-19-la-cual-ya-esta-presente-en-sudamerica","status":"publish","type":"post","link":"https:\/\/radiorevelacionfm.cl\/?p=31452","title":{"rendered":"Alertan sobre nueva variante de COVID-19, la cual ya est\u00e1 presente en Sudam\u00e9rica"},"content":{"rendered":"<div class=\"flex_column av_one_full  flex_column_div av-zero-column-padding first  avia-builder-el-0  el_before_av_one_full  avia-builder-el-first  \" style='border-radius:0px; '><div  class='avia-image-container  av-styling-    avia-builder-el-1  avia-builder-el-no-sibling  avia-align-center '  itemprop=\"image\" itemscope=\"itemscope\" itemtype=\"https:\/\/schema.org\/ImageObject\"  ><div class='avia-image-container-inner'><div class='avia-image-overlay-wrap'><img decoding=\"async\" class='wp-image-31453 avia-img-lazy-loading-not-31453 avia_image' src=\"https:\/\/radiorevelacionfm.cl\/wp-content\/uploads\/2023\/05\/COVID-1-1-1.jpg\" alt='' title='COVID (1) (1) (1)' height=\"600\" width=\"900\"  itemprop=\"thumbnailUrl\" srcset=\"https:\/\/radiorevelacionfm.cl\/wp-content\/uploads\/2023\/05\/COVID-1-1-1.jpg 900w, https:\/\/radiorevelacionfm.cl\/wp-content\/uploads\/2023\/05\/COVID-1-1-1-300x200.jpg 300w, https:\/\/radiorevelacionfm.cl\/wp-content\/uploads\/2023\/05\/COVID-1-1-1-768x512.jpg 768w, https:\/\/radiorevelacionfm.cl\/wp-content\/uploads\/2023\/05\/COVID-1-1-1-705x470.jpg 705w, https:\/\/radiorevelacionfm.cl\/wp-content\/uploads\/2023\/05\/COVID-1-1-1-450x300.jpg 450w, https:\/\/radiorevelacionfm.cl\/wp-content\/uploads\/2023\/05\/COVID-1-1-1-600x400.jpg 600w\" sizes=\"(max-width: 900px) 100vw, 900px\" \/><\/div><\/div><\/div><\/div><div class=\"flex_column av_one_full  flex_column_div av-zero-column-padding first  avia-builder-el-2  el_after_av_one_full  el_before_av_one_full  column-top-margin\" style='border-radius:0px; '><section class=\"av_textblock_section \"  itemscope=\"itemscope\" itemtype=\"https:\/\/schema.org\/BlogPosting\" itemprop=\"blogPost\" ><div class='avia_textblock  '   itemprop=\"text\" ><p style=\"text-align: center;\"><strong><span style=\"font-size: 18pt;\">Alertan sobre nueva variante de COVID-19, la cual ya est\u00e1 presente en Sudam\u00e9rica<\/span><\/strong><\/p>\n<div id=\"gtx-trans\" style=\"position: absolute; left: -50px; top: 4.31534px;\">\n<div class=\"gtx-trans-icon\"><\/div>\n<\/div>\n<\/div><\/section><\/div><div class=\"flex_column av_one_full  flex_column_div av-zero-column-padding first  avia-builder-el-4  el_after_av_one_full  el_before_av_hr  column-top-margin\" style='border-radius:0px; '><section class=\"av_textblock_section \"  itemscope=\"itemscope\" itemtype=\"https:\/\/schema.org\/BlogPosting\" itemprop=\"blogPost\" ><div class='avia_textblock  '   itemprop=\"text\" ><p style=\"text-align: justify;\">La nueva subvariante de \u00d3micron XBB.1,16, conocida en redes sociales como Arcturus, est\u00e1 propag\u00e1ndose con gran rapidez y superando a la subvarinte XBB.1,5, desde donde se origin\u00f3. Es en la actualidad la cepa dominante en India, y tiene presencia en otros 32 pa\u00edses, como USA. En pa\u00edses donde la variante XBB.1,5 no fue predominante, como India y China, XBB.1,16 tiene muchas m\u00e1s posibilidades de expandirse, como se ha visto con olas de contagio muy r\u00e1pidas en la India.<\/p>\n<p style=\"text-align: justify;\">Sin embargo, los investigadores de la OMS piensan que en pa\u00edses donde predomin\u00f3 la variante XBB.1,5, dej\u00f3 un grado de inmunidad protectora contra sus subvarientes, como lo es XBB.1,16. De todas formas hay que estar muy atentos a su comportamiento en la poblaci\u00f3n, por ejemplo, en USA en s\u00f3lo una semana pas\u00f3 de representar un 6% de los casos nuevos, a un 10%. Si bien, no se ha asociado esta nueva subvariante con una manifestaci\u00f3n de la enfermedad COVID-19 m\u00e1s aguda, su velocidad de propagaci\u00f3n podr\u00eda ser su mayor factor de riesgo para la salud p\u00fablica. Especialmente ahora, que nuestros sistemas se encuentran desafiados por nuestros cl\u00e1sicos virus invernales, como lo son la influenza, o VRS en menores. A\u00fan no llega a Chile, pero ya se report\u00f3 el primer caso en Ecuador, por lo tanto, s\u00f3lo es cuesti\u00f3n de tiempo para que se presente el primer caso en suelo nacional. Se\u00f1al\u00f3 el Dr. Christian Palavecino, Investigador y acad\u00e9mico Facultad de Salud, U.Central.<\/p>\n<\/div><\/section><\/div><div  style='height:50px' class='hr hr-invisible   avia-builder-el-6  el_after_av_one_full  el_before_av_social_share '><span class='hr-inner ' ><span class='hr-inner-style'><\/span><\/span><\/div><\/p>\n<div  class='av-social-sharing-box  avia-builder-el-7  el_after_av_hr  el_before_av_hr  '><div class='av-share-box'><h5 class='av-share-link-description av-no-toc '>Compartir esta noticia<\/h5><ul class='av-share-box-list noLightbox'><li class='av-share-link av-social-link-facebook' ><a target=\"_blank\" aria-label=\"Compartir en Facebook\" href='https:\/\/www.facebook.com\/sharer.php?u=https:\/\/radiorevelacionfm.cl\/?p=31452&#038;t=Alertan%20sobre%20nueva%20variante%20de%20COVID-19%2C%20la%20cual%20ya%20est%C3%A1%20presente%20en%20Sudam%C3%A9rica' aria-hidden='false' data-av_icon='\ue8f3' data-av_iconfont='entypo-fontello' title='' data-avia-related-tooltip='Compartir en Facebook' rel=\"noopener\"><span class='avia_hidden_link_text'>Compartir en Facebook<\/span><\/a><\/li><li class='av-share-link av-social-link-twitter' ><a target=\"_blank\" aria-label=\"Compartir en Twitter\" href='https:\/\/twitter.com\/share?text=Alertan%20sobre%20nueva%20variante%20de%20COVID-19%2C%20la%20cual%20ya%20est%C3%A1%20presente%20en%20Sudam%C3%A9rica&#038;url=https:\/\/radiorevelacionfm.cl\/?p=31452' aria-hidden='false' data-av_icon='\ue8f1' data-av_iconfont='entypo-fontello' title='' data-avia-related-tooltip='Compartir en Twitter' rel=\"noopener\"><span class='avia_hidden_link_text'>Compartir en Twitter<\/span><\/a><\/li><li class='av-share-link av-social-link-whatsapp' ><a target=\"_blank\" aria-label=\"Compartir en Whatsapp\" href='https:\/\/api.whatsapp.com\/send?text=https:\/\/radiorevelacionfm.cl\/?p=31452' aria-hidden='false' data-av_icon='\uf232' data-av_iconfont='entypo-fontello' title='' data-avia-related-tooltip='Compartir en Whatsapp' rel=\"noopener\"><span class='avia_hidden_link_text'>Compartir en Whatsapp<\/span><\/a><\/li><li class='av-share-link av-social-link-linkedin' ><a target=\"_blank\" aria-label=\"Compartir en LinkedIn\" href='https:\/\/linkedin.com\/shareArticle?mini=true&#038;title=Alertan%20sobre%20nueva%20variante%20de%20COVID-19%2C%20la%20cual%20ya%20est%C3%A1%20presente%20en%20Sudam%C3%A9rica&#038;url=https:\/\/radiorevelacionfm.cl\/?p=31452' aria-hidden='false' data-av_icon='\ue8fc' data-av_iconfont='entypo-fontello' title='' data-avia-related-tooltip='Compartir en LinkedIn' rel=\"noopener\"><span class='avia_hidden_link_text'>Compartir en LinkedIn<\/span><\/a><\/li><li class='av-share-link av-social-link-mail' ><a  aria-label=\"Compartir por correo\" href='mailto:?subject=Alertan%20sobre%20nueva%20variante%20de%20COVID-19%2C%20la%20cual%20ya%20est%C3%A1%20presente%20en%20Sudam%C3%A9rica&#038;body=https:\/\/radiorevelacionfm.cl\/?p=31452' aria-hidden='false' data-av_icon='\ue805' data-av_iconfont='entypo-fontello' title='' data-avia-related-tooltip='Compartir por correo'><span class='avia_hidden_link_text'>Compartir por correo<\/span><\/a><\/li><\/ul><\/div><\/div>\n<div  style='height:50px' class='hr hr-invisible   avia-builder-el-8  el_after_av_social_share  el_before_av_comments_list '><span class='hr-inner ' ><span class='hr-inner-style'><\/span><\/span><\/div>\n<div  class='av-buildercomment  av-blog-meta-html-info-disabled av-blog-meta-tag-disabled  '><\/div>\n","protected":false},"excerpt":{"rendered":"","protected":false},"author":1,"featured_media":31453,"comment_status":"open","ping_status":"open","sticky":false,"template":"","format":"standard","meta":{"footnotes":""},"categories":[46],"tags":[],"class_list":["post-31452","post","type-post","status-publish","format-standard","has-post-thumbnail","hentry","category-salud"],"jetpack_featured_media_url":"https:\/\/radiorevelacionfm.cl\/wp-content\/uploads\/2023\/05\/COVID-1-1-1.jpg","_links":{"self":[{"href":"https:\/\/radiorevelacionfm.cl\/index.php?rest_route=\/wp\/v2\/posts\/31452","targetHints":{"allow":["GET"]}}],"collection":[{"href":"https:\/\/radiorevelacionfm.cl\/index.php?rest_route=\/wp\/v2\/posts"}],"about":[{"href":"https:\/\/radiorevelacionfm.cl\/index.php?rest_route=\/wp\/v2\/types\/post"}],"author":[{"embeddable":true,"href":"https:\/\/radiorevelacionfm.cl\/index.php?rest_route=\/wp\/v2\/users\/1"}],"replies":[{"embeddable":true,"href":"https:\/\/radiorevelacionfm.cl\/index.php?rest_route=%2Fwp%2Fv2%2Fcomments&post=31452"}],"version-history":[{"count":1,"href":"https:\/\/radiorevelacionfm.cl\/index.php?rest_route=\/wp\/v2\/posts\/31452\/revisions"}],"predecessor-version":[{"id":31454,"href":"https:\/\/radiorevelacionfm.cl\/index.php?rest_route=\/wp\/v2\/posts\/31452\/revisions\/31454"}],"wp:featuredmedia":[{"embeddable":true,"href":"https:\/\/radiorevelacionfm.cl\/index.php?rest_route=\/wp\/v2\/media\/31453"}],"wp:attachment":[{"href":"https:\/\/radiorevelacionfm.cl\/index.php?rest_route=%2Fwp%2Fv2%2Fmedia&parent=31452"}],"wp:term":[{"taxonomy":"category","embeddable":true,"href":"https:\/\/radiorevelacionfm.cl\/index.php?rest_route=%2Fwp%2Fv2%2Fcategories&post=31452"},{"taxonomy":"post_tag","embeddable":true,"href":"https:\/\/radiorevelacionfm.cl\/index.php?rest_route=%2Fwp%2Fv2%2Ftags&post=31452"}],"curies":[{"name":"wp","href":"https:\/\/api.w.org\/{rel}","templated":true}]}}