{"id":31449,"date":"2023-05-29T17:05:13","date_gmt":"2023-05-29T20:05:13","guid":{"rendered":"https:\/\/radiorevelacionfm.cl\/?p=31449"},"modified":"2023-05-29T17:05:13","modified_gmt":"2023-05-29T20:05:13","slug":"instalaran-senales-viales-para-proteccion-de-fauna-nativa-en-areas-silvestres-protegidas","status":"publish","type":"post","link":"https:\/\/radiorevelacionfm.cl\/?p=31449","title":{"rendered":"Instalar\u00e1n se\u00f1ales viales para protecci\u00f3n de fauna nativa en \u00c1reas Silvestres Protegidas"},"content":{"rendered":"<div class=\"flex_column av_one_full  flex_column_div av-zero-column-padding first  avia-builder-el-0  el_before_av_one_full  avia-builder-el-first  \" style='border-radius:0px; '><div  class='avia-image-container  av-styling-    avia-builder-el-1  avia-builder-el-no-sibling  avia-align-center '  itemprop=\"image\" itemscope=\"itemscope\" itemtype=\"https:\/\/schema.org\/ImageObject\"  ><div class='avia-image-container-inner'><div class='avia-image-overlay-wrap'><img decoding=\"async\" class='wp-image-31450 avia-img-lazy-loading-not-31450 avia_image' src=\"https:\/\/radiorevelacionfm.cl\/wp-content\/uploads\/2023\/05\/Senales-ASP-2-1-1.jpeg\" alt='' title='Se\u00f1ales ASP (2) (1) (1)' height=\"600\" width=\"929\"  itemprop=\"thumbnailUrl\" srcset=\"https:\/\/radiorevelacionfm.cl\/wp-content\/uploads\/2023\/05\/Senales-ASP-2-1-1.jpeg 929w, https:\/\/radiorevelacionfm.cl\/wp-content\/uploads\/2023\/05\/Senales-ASP-2-1-1-300x194.jpeg 300w, https:\/\/radiorevelacionfm.cl\/wp-content\/uploads\/2023\/05\/Senales-ASP-2-1-1-768x496.jpeg 768w, https:\/\/radiorevelacionfm.cl\/wp-content\/uploads\/2023\/05\/Senales-ASP-2-1-1-705x455.jpeg 705w, https:\/\/radiorevelacionfm.cl\/wp-content\/uploads\/2023\/05\/Senales-ASP-2-1-1-450x291.jpeg 450w, https:\/\/radiorevelacionfm.cl\/wp-content\/uploads\/2023\/05\/Senales-ASP-2-1-1-600x388.jpeg 600w\" sizes=\"(max-width: 929px) 100vw, 929px\" \/><\/div><\/div><\/div><\/div><div class=\"flex_column av_one_full  flex_column_div av-zero-column-padding first  avia-builder-el-2  el_after_av_one_full  el_before_av_one_full  column-top-margin\" style='border-radius:0px; '><section class=\"av_textblock_section \"  itemscope=\"itemscope\" itemtype=\"https:\/\/schema.org\/BlogPosting\" itemprop=\"blogPost\" ><div class='avia_textblock  '   itemprop=\"text\" ><p style=\"text-align: center;\"><span style=\"font-size: 18pt;\"><b>Instalar\u00e1n se\u00f1ales viales para protecci\u00f3n de fauna nativa en \u00c1reas Silvestres Protegidas<\/b><\/span><\/p>\n<div id=\"gtx-trans\" style=\"position: absolute; left: -50px; top: 4.31534px;\">\n<div class=\"gtx-trans-icon\"><\/div>\n<\/div>\n<\/div><\/section><\/div><div class=\"flex_column av_one_full  flex_column_div av-zero-column-padding first  avia-builder-el-4  el_after_av_one_full  el_before_av_hr  column-top-margin\" style='border-radius:0px; '><section class=\"av_textblock_section \"  itemscope=\"itemscope\" itemtype=\"https:\/\/schema.org\/BlogPosting\" itemprop=\"blogPost\" ><div class='avia_textblock  '   itemprop=\"text\" ><p style=\"text-align: justify;\">En el contexto de la visita del subsecretario de Transportes Jorge Daza; seremiTT, seremi de Agricultura, direcci\u00f3n de Conaf, director de Vialidad Renzo Sanders y Carabineros, se dieron cita en el sector Laguna Chiguay del Parque Nacional Cerro Castillo, con el fin de anunciar la instalaci\u00f3n de se\u00f1ales viales de reducci\u00f3n de velocidad, y as\u00ed fomentar la protecci\u00f3n de fauna silvestre en \u00c1reas Silvestres Protegidas, donde se han dado casos de atropellos de huemules, espec\u00edficamente.<\/p>\n<p style=\"text-align: justify;\">Dicha medida ser\u00e1 posible de aplicar gracias a una modificaci\u00f3n normativa impulsada por la seremitt Regi\u00f3n de Ays\u00e9n, para prescindir de un informe de Vialidad, el cual aborda aspectos como el tipo de v\u00eda, velocidad de dise\u00f1o y de operaci\u00f3n, la accidentalidad registrada, el uso del suelo del sector adyacente, entre otras. Dicho estudio implicaba la inversi\u00f3n de ingentes recursos y un tiempo considerable de ejecuci\u00f3n, por lo que este cambio en la norma permitir\u00e1 agilizar y facilitar la instalaci\u00f3n de las se\u00f1ales en ruta.<\/p>\n<p style=\"text-align: justify;\">Otro aspecto relevante que incluye esta regulaci\u00f3n, es que en lugar de se\u00f1alizar una velocidad \u00absugerida\u00bb, la indicaci\u00f3n pasa a ser obligatoria, es decir permitir\u00e1 que Carabineros pueda fiscalizar que los conductores respeten la velocidad indicada.<\/p>\n<p style=\"text-align: justify;\">La autoridad nacional valor\u00f3 el trabajo conjunto, relevando que en la seguridad vial, todas las vidas importan, lo que ser\u00e1 posible \u201cbajo una normativa que permite flexibilizar la normativa anterior y eliminar lo que eran los informes previos para poder disminuir la velocidad. Y entonces, con esta instalaci\u00f3n de se\u00f1ales vamos a disminuir mucho tiempo en la instalaci\u00f3n de las se\u00f1ales y por cierto, disminuir las muertes aqu\u00ed en esta carretera\u201d, explic\u00f3 el subsecretario Jorge Daza.<\/p>\n<p style=\"text-align: justify;\">Desde Conaf, su directora Loreto Pedraza agreg\u00f3 que: \u201cson se\u00f1ales que est\u00e1n incluidas en el manual de carretera y que van a dar un sentido de identidad tambi\u00e9n, como tambi\u00e9n permitir\u00e1 que Carabineros de Chile pueda sancionar de mejor forma el tr\u00e1nsito a velocidades excesivas dentro de \u00e1reas silvestres protegidas. El trabajo mancomunado de los distintos sectores del Estado ha sido exitoso a trav\u00e9s de este resultado\u201d.<\/p>\n<p style=\"text-align: justify;\">Asimismo desde Agricultura se se\u00f1al\u00f3 que se realizar\u00e1 un catastro con las zonas de mayor siniestralidad para identificar las \u00e1reas m\u00e1s id\u00f3neas para la instalaci\u00f3n de las se\u00f1ales viales. \u201cY en ese sentido esperamos que dentro de poco empezar\u00eda a ser operativo el cambio que ustedes van a observar cuando pasen por dentro del parque y que va a indicar justamente que hay que cuidar la velocidad, porque lo que tenemos que hacer es cuidar a nuestros animales protegidos dentro de la reserva y dentro del parque nacional\u201d, dijo el seremi (s) Ricardo K\u00f6nig.<\/p>\n<p style=\"text-align: justify;\">Vialidad indic\u00f3 adem\u00e1s que existe intenci\u00f3n de mejorar en general el sistema de se\u00f1ales viales, por lo que ser\u00e1 importante la coordinaci\u00f3n con Conaf: \u201cPara poder levantar la necesidades y poder ir mejorando todo lo que tiene que ver con la se\u00f1al\u00e9tica\u00a0 tanto informativa como o preventiva, vertical , lateral como en piso. La verdad que para nosotros es muy importante ser parte de este proyecto y poder dar soluci\u00f3n y proteger\u00a0 la fauna\u201d asegur\u00f3 el director Renzo Sanders.<\/p>\n<p style=\"text-align: justify;\">Finalmente el capit\u00e1n Mat\u00edas Maureira de la Subcomisar\u00eda de Balmaceda, se refiri\u00f3 a las labores de control que realiza peri\u00f3dicamente el organismo, para dar seguridad en las v\u00edas. \u201cLa prevenci\u00f3n en cuanto a la acci\u00f3n, a los accidentes de tr\u00e1nsito que puedan producirse para las propias personas. Pero tambi\u00e9n el tema de proteger nuestra fauna, tener una se\u00f1al nos ayuda en hacer m\u00e1s visible la \u00a0protecci\u00f3n que tenemos que darle aqu\u00ed en el Parque Nacional Cerro Castillo\u201d.<\/p>\n<\/div><\/section><\/div><div  style='height:50px' class='hr hr-invisible   avia-builder-el-6  el_after_av_one_full  el_before_av_social_share '><span class='hr-inner ' ><span class='hr-inner-style'><\/span><\/span><\/div><\/p>\n<div  class='av-social-sharing-box  avia-builder-el-7  el_after_av_hr  el_before_av_hr  '><div class='av-share-box'><h5 class='av-share-link-description av-no-toc '>Compartir esta noticia<\/h5><ul class='av-share-box-list noLightbox'><li class='av-share-link av-social-link-facebook' ><a target=\"_blank\" aria-label=\"Compartir en Facebook\" href='https:\/\/www.facebook.com\/sharer.php?u=https:\/\/radiorevelacionfm.cl\/?p=31449&#038;t=Instalar%C3%A1n%20se%C3%B1ales%20viales%20para%20protecci%C3%B3n%20de%20fauna%20nativa%20en%20%C3%81reas%20Silvestres%20Protegidas' aria-hidden='false' data-av_icon='\ue8f3' data-av_iconfont='entypo-fontello' title='' data-avia-related-tooltip='Compartir en Facebook' rel=\"noopener\"><span class='avia_hidden_link_text'>Compartir en Facebook<\/span><\/a><\/li><li class='av-share-link av-social-link-twitter' ><a target=\"_blank\" aria-label=\"Compartir en Twitter\" href='https:\/\/twitter.com\/share?text=Instalar%C3%A1n%20se%C3%B1ales%20viales%20para%20protecci%C3%B3n%20de%20fauna%20nativa%20en%20%C3%81reas%20Silvestres%20Protegidas&#038;url=https:\/\/radiorevelacionfm.cl\/?p=31449' aria-hidden='false' data-av_icon='\ue8f1' data-av_iconfont='entypo-fontello' title='' data-avia-related-tooltip='Compartir en Twitter' rel=\"noopener\"><span class='avia_hidden_link_text'>Compartir en Twitter<\/span><\/a><\/li><li class='av-share-link av-social-link-whatsapp' ><a target=\"_blank\" aria-label=\"Compartir en Whatsapp\" href='https:\/\/api.whatsapp.com\/send?text=https:\/\/radiorevelacionfm.cl\/?p=31449' aria-hidden='false' data-av_icon='\uf232' data-av_iconfont='entypo-fontello' title='' data-avia-related-tooltip='Compartir en Whatsapp' rel=\"noopener\"><span class='avia_hidden_link_text'>Compartir en Whatsapp<\/span><\/a><\/li><li class='av-share-link av-social-link-linkedin' ><a target=\"_blank\" aria-label=\"Compartir en LinkedIn\" href='https:\/\/linkedin.com\/shareArticle?mini=true&#038;title=Instalar%C3%A1n%20se%C3%B1ales%20viales%20para%20protecci%C3%B3n%20de%20fauna%20nativa%20en%20%C3%81reas%20Silvestres%20Protegidas&#038;url=https:\/\/radiorevelacionfm.cl\/?p=31449' aria-hidden='false' data-av_icon='\ue8fc' data-av_iconfont='entypo-fontello' title='' data-avia-related-tooltip='Compartir en LinkedIn' rel=\"noopener\"><span class='avia_hidden_link_text'>Compartir en LinkedIn<\/span><\/a><\/li><li class='av-share-link av-social-link-mail' ><a  aria-label=\"Compartir por correo\" href='mailto:?subject=Instalar%C3%A1n%20se%C3%B1ales%20viales%20para%20protecci%C3%B3n%20de%20fauna%20nativa%20en%20%C3%81reas%20Silvestres%20Protegidas&#038;body=https:\/\/radiorevelacionfm.cl\/?p=31449' aria-hidden='false' data-av_icon='\ue805' data-av_iconfont='entypo-fontello' title='' data-avia-related-tooltip='Compartir por correo'><span class='avia_hidden_link_text'>Compartir por correo<\/span><\/a><\/li><\/ul><\/div><\/div>\n<div  style='height:50px' class='hr hr-invisible   avia-builder-el-8  el_after_av_social_share  el_before_av_comments_list '><span class='hr-inner ' ><span class='hr-inner-style'><\/span><\/span><\/div>\n<div  class='av-buildercomment  av-blog-meta-html-info-disabled av-blog-meta-tag-disabled  '><\/div>\n","protected":false},"excerpt":{"rendered":"","protected":false},"author":1,"featured_media":31450,"comment_status":"open","ping_status":"open","sticky":false,"template":"","format":"standard","meta":{"footnotes":""},"categories":[38],"tags":[],"class_list":["post-31449","post","type-post","status-publish","format-standard","has-post-thumbnail","hentry","category-regional"],"jetpack_featured_media_url":"https:\/\/radiorevelacionfm.cl\/wp-content\/uploads\/2023\/05\/Senales-ASP-2-1-1.jpeg","_links":{"self":[{"href":"https:\/\/radiorevelacionfm.cl\/index.php?rest_route=\/wp\/v2\/posts\/31449","targetHints":{"allow":["GET"]}}],"collection":[{"href":"https:\/\/radiorevelacionfm.cl\/index.php?rest_route=\/wp\/v2\/posts"}],"about":[{"href":"https:\/\/radiorevelacionfm.cl\/index.php?rest_route=\/wp\/v2\/types\/post"}],"author":[{"embeddable":true,"href":"https:\/\/radiorevelacionfm.cl\/index.php?rest_route=\/wp\/v2\/users\/1"}],"replies":[{"embeddable":true,"href":"https:\/\/radiorevelacionfm.cl\/index.php?rest_route=%2Fwp%2Fv2%2Fcomments&post=31449"}],"version-history":[{"count":1,"href":"https:\/\/radiorevelacionfm.cl\/index.php?rest_route=\/wp\/v2\/posts\/31449\/revisions"}],"predecessor-version":[{"id":31451,"href":"https:\/\/radiorevelacionfm.cl\/index.php?rest_route=\/wp\/v2\/posts\/31449\/revisions\/31451"}],"wp:featuredmedia":[{"embeddable":true,"href":"https:\/\/radiorevelacionfm.cl\/index.php?rest_route=\/wp\/v2\/media\/31450"}],"wp:attachment":[{"href":"https:\/\/radiorevelacionfm.cl\/index.php?rest_route=%2Fwp%2Fv2%2Fmedia&parent=31449"}],"wp:term":[{"taxonomy":"category","embeddable":true,"href":"https:\/\/radiorevelacionfm.cl\/index.php?rest_route=%2Fwp%2Fv2%2Fcategories&post=31449"},{"taxonomy":"post_tag","embeddable":true,"href":"https:\/\/radiorevelacionfm.cl\/index.php?rest_route=%2Fwp%2Fv2%2Ftags&post=31449"}],"curies":[{"name":"wp","href":"https:\/\/api.w.org\/{rel}","templated":true}]}}