{"id":31446,"date":"2023-05-31T11:16:47","date_gmt":"2023-05-31T14:16:47","guid":{"rendered":"https:\/\/radiorevelacionfm.cl\/?p=31446"},"modified":"2023-05-31T11:16:47","modified_gmt":"2023-05-31T14:16:47","slug":"dia-mundial-sin-tabaco-los-beneficios-de-vivir-libre-de-humo","status":"publish","type":"post","link":"https:\/\/radiorevelacionfm.cl\/?p=31446","title":{"rendered":"D\u00eda Mundial Sin Tabaco: los beneficios de vivir libre de humo"},"content":{"rendered":"<div class=\"flex_column av_one_full  flex_column_div av-zero-column-padding first  avia-builder-el-0  el_before_av_one_full  avia-builder-el-first  \" style='border-radius:0px; '><div  class='avia-image-container  av-styling-    avia-builder-el-1  avia-builder-el-no-sibling  avia-align-center '  itemprop=\"image\" itemscope=\"itemscope\" itemtype=\"https:\/\/schema.org\/ImageObject\"  ><div class='avia-image-container-inner'><div class='avia-image-overlay-wrap'><img decoding=\"async\" class='wp-image-31447 avia-img-lazy-loading-not-31447 avia_image' src=\"https:\/\/radiorevelacionfm.cl\/wp-content\/uploads\/2023\/05\/dia-mundial-sin-tabaco-1-1.jpg\" alt='' title='dia-mundial-sin-tabaco (1) (1)' height=\"600\" width=\"870\"  itemprop=\"thumbnailUrl\" srcset=\"https:\/\/radiorevelacionfm.cl\/wp-content\/uploads\/2023\/05\/dia-mundial-sin-tabaco-1-1.jpg 870w, https:\/\/radiorevelacionfm.cl\/wp-content\/uploads\/2023\/05\/dia-mundial-sin-tabaco-1-1-300x207.jpg 300w, https:\/\/radiorevelacionfm.cl\/wp-content\/uploads\/2023\/05\/dia-mundial-sin-tabaco-1-1-768x530.jpg 768w, https:\/\/radiorevelacionfm.cl\/wp-content\/uploads\/2023\/05\/dia-mundial-sin-tabaco-1-1-705x486.jpg 705w, https:\/\/radiorevelacionfm.cl\/wp-content\/uploads\/2023\/05\/dia-mundial-sin-tabaco-1-1-450x310.jpg 450w, https:\/\/radiorevelacionfm.cl\/wp-content\/uploads\/2023\/05\/dia-mundial-sin-tabaco-1-1-600x414.jpg 600w\" sizes=\"(max-width: 870px) 100vw, 870px\" \/><\/div><\/div><\/div><\/div><div class=\"flex_column av_one_full  flex_column_div av-zero-column-padding first  avia-builder-el-2  el_after_av_one_full  el_before_av_one_full  column-top-margin\" style='border-radius:0px; '><section class=\"av_textblock_section \"  itemscope=\"itemscope\" itemtype=\"https:\/\/schema.org\/BlogPosting\" itemprop=\"blogPost\" ><div class='avia_textblock  '   itemprop=\"text\" ><p style=\"text-align: center;\"><span style=\"font-size: 18pt;\"><b>D\u00eda Mundial Sin Tabaco: los beneficios de vivir libre de humo\u00a0<\/b><\/span><\/p>\n<div id=\"gtx-trans\" style=\"position: absolute; left: -50px; top: 4.31534px;\">\n<div class=\"gtx-trans-icon\"><\/div>\n<\/div>\n<\/div><\/section><\/div><div class=\"flex_column av_one_full  flex_column_div av-zero-column-padding first  avia-builder-el-4  el_after_av_one_full  el_before_av_hr  column-top-margin\" style='border-radius:0px; '><section class=\"av_textblock_section \"  itemscope=\"itemscope\" itemtype=\"https:\/\/schema.org\/BlogPosting\" itemprop=\"blogPost\" ><div class='avia_textblock  '   itemprop=\"text\" ><p style=\"font-weight: 400; text-align: justify;\">Cada 31 de mayo, el mundo se une para conmemorar el D\u00eda Mundial Sin Tabaco, una iniciativa global que busca concienciar sobre los efectos nocivos de su consumo y promover la importancia de abandonar este h\u00e1bito. De acuerdo a la\u00a0<a href=\"https:\/\/www.paho.org\/es\/noticias\/22-2-2022-chile-presenta-nuevas-advertencias-sanitarias-para-productos-tabaco\" data-saferedirecturl=\"https:\/\/www.google.com\/url?q=https:\/\/www.paho.org\/es\/noticias\/22-2-2022-chile-presenta-nuevas-advertencias-sanitarias-para-productos-tabaco&amp;source=gmail&amp;ust=1685473688865000&amp;usg=AOvVaw3GNUOPTD8M5ptA1OHxVtp3\">Organizaci\u00f3n Mundial de la Salud<\/a> (OMS), 52 chilenos mueren por d\u00eda a causa del tabaquismo y el 16% del total de los fallecimientos que se producen en el pa\u00eds pueden ser atribuidos a esta causa. Asimismo, anualmente, el tabaco afecta a m\u00e1s de 62 mil personas por enfermedades pulmonares (EPOC); 31 mil por patolog\u00edas cardiacas; 12 mil por accidentes cerebrovasculares; y, 8 mil 500 por c\u00e1ncer.<\/p>\n<p style=\"font-weight: 400; text-align: justify;\">\u201cTiene consecuencias devastadoras para nuestra salud. Da\u00f1a directamente a los pulmones, provocando enfermedades cr\u00f3nicas como bronquitis y enfisema. Adem\u00e1s, aumenta el riesgo de c\u00e1ncer pulmonar, de boca, de lengua y otros tipos. Tambi\u00e9n altera nuestro sistema cardiovascular, aumentando el riesgo de infarto al miocardio, de accidentes cerebrovasculares y otras enfermedades al coraz\u00f3n. El humo afecta a las personas que nos rodean, incrementando las patolog\u00edas respiratorias, especialmente en ni\u00f1os y pacientes con preexistencias\u201d, explica el\u00a0Dr. Juan Carlos Molina, cirujano de T\u00f3rax de Cl\u00ednica Santa Mar\u00eda.<\/p>\n<p style=\"font-weight: 400; text-align: justify;\">En Chile, las cifras de tabaquismo marcan una tendencia a la baja. Seg\u00fan la \u00faltima\u00a0<a href=\"http:\/\/epi.minsal.cl\/wp-content\/uploads\/2021\/07\/Informe_tabaco_ENS_2016_17.pdf\" data-saferedirecturl=\"https:\/\/www.google.com\/url?q=http:\/\/epi.minsal.cl\/wp-content\/uploads\/2021\/07\/Informe_tabaco_ENS_2016_17.pdf&amp;source=gmail&amp;ust=1685473688865000&amp;usg=AOvVaw0GvkkaF8cck-sROQjl-clf\">Encuesta Nacional de Salud<\/a> (2016-2017), se registr\u00f3 una disminuci\u00f3n en la prevalencia de consumo de tabaco de un 42,2% a un 32,5% en poblaci\u00f3n de 15 a 65 a\u00f1os y m\u00e1s.<\/p>\n<p style=\"font-weight: 400; text-align: justify;\">El Dr. V\u00edctor Leiva, broncopulmonar de Cl\u00ednica Ciudad del Mar, sostiene que esto se puede deber a dos razones: las normativas que regulan el consumo del tabaco y el mayor acceso a informaci\u00f3n respecto a sus efectos nocivos en la salud. \u201cEsto redunda en una disminuci\u00f3n en la prevalencia, sobre todo en edades tan cr\u00edticas como son las m\u00e1s j\u00f3venes. Sabemos que el consumo del tabaco parte entre los 13 y los 14 a\u00f1os, lo que en el largo plazo puede determinar importantes enfermedades respiratorias\u201d, afirma el especialista.<\/p>\n<p style=\"font-weight: 400; text-align: justify;\">Adem\u00e1s de demostrar las consecuencias de este mal h\u00e1bito, los profesionales de la salud resaltan los beneficios de dejar de fumar para vivir de manera m\u00e1s saludable, tanto f\u00edsica como mentalmente.<\/p>\n<p style=\"font-weight: 400; text-align: justify;\">\u201cEs importante entender que nunca es tarde, que siempre hay cambios positivos. Se empiezan a ver los efectos cardiovasculares, baja la presi\u00f3n arterial y la frecuencia card\u00edaca. Despu\u00e9s, cuando van pasando los meses, mejora la selecci\u00f3n mucosa respiratoria, el tejido pulmonar comienza a recuperarse de a poco y, al cabo de los a\u00f1os, reduce el riesgo de tener accidentes cardiovasculares, tanto cerebrovasculares como al coraz\u00f3n, adem\u00e1s de ir disminuyendo las posibilidades de desarrollar alg\u00fan tipo de c\u00e1ncer relacionado, en especial, el pulmonar\u201d, detalla el\u00a0Dr. Francisco Su\u00e1rez, cirujano de T\u00f3rax de Cl\u00ednica Santa Mar\u00eda.<\/p>\n<p style=\"font-weight: 400; text-align: justify;\">Por su parte, el\u00a0psic\u00f3logo de Vidaintegra, Fernando Marchant,\u00a0destaca: \u201cDesde el punto de vista de la salud mental, entender que se avanza en la capacidad de reducir la frecuencia e intensidad del acto, les devuelve a las personas el sentimiento de autocontrol y de ir mejorando su estado an\u00edmico, entendiendo que pueden manejar mejor su ansiedad por v\u00edas alternativas y creativas\u201d, asegura. Adem\u00e1s, seg\u00fan el profesional, la condici\u00f3n f\u00edsica se ver\u00e1 beneficiada, lo que permitir\u00e1 tener mejores pensamientos y emociones.<\/p>\n<p style=\"font-weight: 400; text-align: justify;\">En este proceso, ser\u00e1 fundamental buscar apoyo profesional a fin de obtener \u00e9xito, como se\u00f1ala el Dr. Felipe Rivera, broncopulmonar de Cl\u00ednica D\u00e1vila: \u201cLa mayor\u00eda de las personas que intentan dejar de fumar sin un programa o sin conocer lo que hay que hacer suelen fracasar, solo un 3% -m\u00e1ximo un 5%- lo logra exitosamente con pura voluntad. As\u00ed, el riesgo de que el paciente no quiera intentarlo nuevamente es alto, tras fracasar por su cuenta\u201d.<\/p>\n<p style=\"font-weight: 400; text-align: justify;\">\u201cPor tanto, todos los individuos que quieran dejar de fumar deben, en lo posible, recurrir a un profesional que los gu\u00ede en este proceso y recordar que, sin voluntad, no hay tratamiento que sirva\u201d, concluye el especialista.<\/p>\n<\/div><\/section><\/div><div  style='height:50px' class='hr hr-invisible   avia-builder-el-6  el_after_av_one_full  el_before_av_social_share '><span class='hr-inner ' ><span class='hr-inner-style'><\/span><\/span><\/div><\/p>\n<div  class='av-social-sharing-box  avia-builder-el-7  el_after_av_hr  el_before_av_hr  '><div class='av-share-box'><h5 class='av-share-link-description av-no-toc '>Compartir esta noticia<\/h5><ul class='av-share-box-list noLightbox'><li class='av-share-link av-social-link-facebook' ><a target=\"_blank\" aria-label=\"Compartir en Facebook\" href='https:\/\/www.facebook.com\/sharer.php?u=https:\/\/radiorevelacionfm.cl\/?p=31446&#038;t=D%C3%ADa%20Mundial%20Sin%20Tabaco%3A%20los%20beneficios%20de%20vivir%20libre%20de%20humo' aria-hidden='false' data-av_icon='\ue8f3' data-av_iconfont='entypo-fontello' title='' data-avia-related-tooltip='Compartir en Facebook' rel=\"noopener\"><span class='avia_hidden_link_text'>Compartir en Facebook<\/span><\/a><\/li><li class='av-share-link av-social-link-twitter' ><a target=\"_blank\" aria-label=\"Compartir en Twitter\" href='https:\/\/twitter.com\/share?text=D%C3%ADa%20Mundial%20Sin%20Tabaco%3A%20los%20beneficios%20de%20vivir%20libre%20de%20humo&#038;url=https:\/\/radiorevelacionfm.cl\/?p=31446' aria-hidden='false' data-av_icon='\ue8f1' data-av_iconfont='entypo-fontello' title='' data-avia-related-tooltip='Compartir en Twitter' rel=\"noopener\"><span class='avia_hidden_link_text'>Compartir en Twitter<\/span><\/a><\/li><li class='av-share-link av-social-link-whatsapp' ><a target=\"_blank\" aria-label=\"Compartir en Whatsapp\" href='https:\/\/api.whatsapp.com\/send?text=https:\/\/radiorevelacionfm.cl\/?p=31446' aria-hidden='false' data-av_icon='\uf232' data-av_iconfont='entypo-fontello' title='' data-avia-related-tooltip='Compartir en Whatsapp' rel=\"noopener\"><span class='avia_hidden_link_text'>Compartir en Whatsapp<\/span><\/a><\/li><li class='av-share-link av-social-link-linkedin' ><a target=\"_blank\" aria-label=\"Compartir en LinkedIn\" href='https:\/\/linkedin.com\/shareArticle?mini=true&#038;title=D%C3%ADa%20Mundial%20Sin%20Tabaco%3A%20los%20beneficios%20de%20vivir%20libre%20de%20humo&#038;url=https:\/\/radiorevelacionfm.cl\/?p=31446' aria-hidden='false' data-av_icon='\ue8fc' data-av_iconfont='entypo-fontello' title='' data-avia-related-tooltip='Compartir en LinkedIn' rel=\"noopener\"><span class='avia_hidden_link_text'>Compartir en LinkedIn<\/span><\/a><\/li><li class='av-share-link av-social-link-mail' ><a  aria-label=\"Compartir por correo\" href='mailto:?subject=D%C3%ADa%20Mundial%20Sin%20Tabaco%3A%20los%20beneficios%20de%20vivir%20libre%20de%20humo&#038;body=https:\/\/radiorevelacionfm.cl\/?p=31446' aria-hidden='false' data-av_icon='\ue805' data-av_iconfont='entypo-fontello' title='' data-avia-related-tooltip='Compartir por correo'><span class='avia_hidden_link_text'>Compartir por correo<\/span><\/a><\/li><\/ul><\/div><\/div>\n<div  style='height:50px' class='hr hr-invisible   avia-builder-el-8  el_after_av_social_share  el_before_av_comments_list '><span class='hr-inner ' ><span class='hr-inner-style'><\/span><\/span><\/div>\n<div  class='av-buildercomment  av-blog-meta-html-info-disabled av-blog-meta-tag-disabled  '><\/div>\n","protected":false},"excerpt":{"rendered":"","protected":false},"author":1,"featured_media":31447,"comment_status":"open","ping_status":"open","sticky":false,"template":"","format":"standard","meta":{"footnotes":""},"categories":[46],"tags":[],"class_list":["post-31446","post","type-post","status-publish","format-standard","has-post-thumbnail","hentry","category-salud"],"jetpack_featured_media_url":"https:\/\/radiorevelacionfm.cl\/wp-content\/uploads\/2023\/05\/dia-mundial-sin-tabaco-1-1.jpg","_links":{"self":[{"href":"https:\/\/radiorevelacionfm.cl\/index.php?rest_route=\/wp\/v2\/posts\/31446","targetHints":{"allow":["GET"]}}],"collection":[{"href":"https:\/\/radiorevelacionfm.cl\/index.php?rest_route=\/wp\/v2\/posts"}],"about":[{"href":"https:\/\/radiorevelacionfm.cl\/index.php?rest_route=\/wp\/v2\/types\/post"}],"author":[{"embeddable":true,"href":"https:\/\/radiorevelacionfm.cl\/index.php?rest_route=\/wp\/v2\/users\/1"}],"replies":[{"embeddable":true,"href":"https:\/\/radiorevelacionfm.cl\/index.php?rest_route=%2Fwp%2Fv2%2Fcomments&post=31446"}],"version-history":[{"count":1,"href":"https:\/\/radiorevelacionfm.cl\/index.php?rest_route=\/wp\/v2\/posts\/31446\/revisions"}],"predecessor-version":[{"id":31448,"href":"https:\/\/radiorevelacionfm.cl\/index.php?rest_route=\/wp\/v2\/posts\/31446\/revisions\/31448"}],"wp:featuredmedia":[{"embeddable":true,"href":"https:\/\/radiorevelacionfm.cl\/index.php?rest_route=\/wp\/v2\/media\/31447"}],"wp:attachment":[{"href":"https:\/\/radiorevelacionfm.cl\/index.php?rest_route=%2Fwp%2Fv2%2Fmedia&parent=31446"}],"wp:term":[{"taxonomy":"category","embeddable":true,"href":"https:\/\/radiorevelacionfm.cl\/index.php?rest_route=%2Fwp%2Fv2%2Fcategories&post=31446"},{"taxonomy":"post_tag","embeddable":true,"href":"https:\/\/radiorevelacionfm.cl\/index.php?rest_route=%2Fwp%2Fv2%2Ftags&post=31446"}],"curies":[{"name":"wp","href":"https:\/\/api.w.org\/{rel}","templated":true}]}}