{"id":31443,"date":"2023-05-29T16:22:18","date_gmt":"2023-05-29T19:22:18","guid":{"rendered":"https:\/\/radiorevelacionfm.cl\/?p=31443"},"modified":"2023-05-29T16:22:18","modified_gmt":"2023-05-29T19:22:18","slug":"aprueban-historico-aumento-de-fondos-para-programa-fortalece-mipe-aysen-que-beneficiara-a-mas-de-mil-emprendimientos","status":"publish","type":"post","link":"https:\/\/radiorevelacionfm.cl\/?p=31443","title":{"rendered":"Aprueban hist\u00f3rico aumento de fondos para programa \u00abFortalece Mipe-Ays\u00e9n\u00bb que beneficiar\u00e1 a m\u00e1s de mil emprendimientos"},"content":{"rendered":"<div class=\"flex_column av_one_full  flex_column_div av-zero-column-padding first  avia-builder-el-0  el_before_av_one_full  avia-builder-el-first  \" style='border-radius:0px; '><div  class='avia-image-container  av-styling-    avia-builder-el-1  avia-builder-el-no-sibling  avia-align-center '  itemprop=\"image\" itemscope=\"itemscope\" itemtype=\"https:\/\/schema.org\/ImageObject\"  ><div class='avia-image-container-inner'><div class='avia-image-overlay-wrap'><img decoding=\"async\" class='wp-image-31444 avia-img-lazy-loading-not-31444 avia_image' src=\"https:\/\/radiorevelacionfm.cl\/wp-content\/uploads\/2023\/05\/fudea-4-1-1.jpg\" alt='' title='fudea 4 (1) (1)' height=\"600\" width=\"900\"  itemprop=\"thumbnailUrl\" srcset=\"https:\/\/radiorevelacionfm.cl\/wp-content\/uploads\/2023\/05\/fudea-4-1-1.jpg 900w, https:\/\/radiorevelacionfm.cl\/wp-content\/uploads\/2023\/05\/fudea-4-1-1-300x200.jpg 300w, https:\/\/radiorevelacionfm.cl\/wp-content\/uploads\/2023\/05\/fudea-4-1-1-768x512.jpg 768w, https:\/\/radiorevelacionfm.cl\/wp-content\/uploads\/2023\/05\/fudea-4-1-1-705x470.jpg 705w, https:\/\/radiorevelacionfm.cl\/wp-content\/uploads\/2023\/05\/fudea-4-1-1-450x300.jpg 450w, https:\/\/radiorevelacionfm.cl\/wp-content\/uploads\/2023\/05\/fudea-4-1-1-600x400.jpg 600w\" sizes=\"(max-width: 900px) 100vw, 900px\" \/><\/div><\/div><\/div><\/div><div class=\"flex_column av_one_full  flex_column_div av-zero-column-padding first  avia-builder-el-2  el_after_av_one_full  el_before_av_one_full  column-top-margin\" style='border-radius:0px; '><section class=\"av_textblock_section \"  itemscope=\"itemscope\" itemtype=\"https:\/\/schema.org\/BlogPosting\" itemprop=\"blogPost\" ><div class='avia_textblock  '   itemprop=\"text\" ><p style=\"text-align: center;\"><strong><span style=\"font-size: 18pt;\">Aprueban hist\u00f3rico aumento de fondos para programa \u00abFortalece Mipe-Ays\u00e9n\u00bb que beneficiar\u00e1 a m\u00e1s de mil emprendimientos<\/span><\/strong><\/p>\n<div id=\"gtx-trans\" style=\"position: absolute; left: -50px; top: 4.31534px;\">\n<div class=\"gtx-trans-icon\"><\/div>\n<\/div>\n<\/div><\/section><\/div><div class=\"flex_column av_one_full  flex_column_div av-zero-column-padding first  avia-builder-el-4  el_after_av_one_full  el_before_av_hr  column-top-margin\" style='border-radius:0px; '><section class=\"av_textblock_section \"  itemscope=\"itemscope\" itemtype=\"https:\/\/schema.org\/BlogPosting\" itemprop=\"blogPost\" ><div class='avia_textblock  '   itemprop=\"text\" ><p dir=\"ltr\" style=\"text-align: justify;\">En la \u00faltima sesi\u00f3n plenaria del Consejo Regional de Ays\u00e9n, el cuerpo colegiado, presidido por la Gobernadora Regional Andrea Mac\u00edas Palma, aprob\u00f3 un hist\u00f3rico incremento presupuestario de m\u00e1s de $5.500 millones para el programa de reactivaci\u00f3n econ\u00f3mica \u00abFortalece Mipe-Ays\u00e9n\u00bb, cuyo objetivo es apoyar a\u00a0micro y peque\u00f1os empresarios y empresarias del territorio.<\/p>\n<p dir=\"ltr\" style=\"text-align: justify;\">\u00abEs un aporte hist\u00f3rico que hace el Gobierno Regional de Ays\u00e9n y su Consejo para la reactivaci\u00f3n econ\u00f3mica, entendiendo que esto va a significar poder incrementar el aporte en capital de trabajo y en activos financieros para todos estos emprendimientos. Son m\u00e1s de $5.500 millones que van a permitir, por una parte, incrementar el n\u00famero de beneficiarios, a todos aquellos que cumplan los requisitos, pero que por falta de presupuesto hab\u00edan quedado fuera, pero tambi\u00e9n poder sustentar un segundo llamado que debiera realizarse el pr\u00f3ximo a\u00f1o\u00bb, anunci\u00f3 la Gobernadora.<\/p>\n<p dir=\"ltr\" style=\"text-align: justify;\">La m\u00e1xima autoridad regional explic\u00f3 que para el primer llamado de \u00abFortalece Mipe-Ays\u00e9n\u00bb, donde postularon m\u00e1s de 1.700 emprendimientos, s\u00f3lo se pudieron financiar 494 con la disponibilidad presupuestaria existente, quedando m\u00e1s de mil negocios que cumpl\u00edan con los requisitos de selecci\u00f3n pero que no alcanzaron a ser beneficiados. Con este incremento aprobado por el Consejo Regional, todos quienes quedaron en esa \u00ablista de espera\u00bb podr\u00e1n finalmente recibir los fondos para sus empresas.<\/p>\n<p dir=\"ltr\" style=\"text-align: justify;\">\u00abEs un trabajo conjunto donde hemos llegado a consensos con la Gobernadora. Yo creo que esta es la forma de trabajo que debemos hacer, donde nos ponemos de acuerdo por resolver los problemas de la comunidad, nos ponemos de acuerdo en la forma de c\u00f3mo abordar las soluciones, y eso es sumamente valioso y merece un reconocimiento en que actuemos de forma coordinada Gobernadora y el Consejo Regional de Ays\u00e9n\u00bb, subray\u00f3 el Consejero Regional y presidente de la Comisi\u00f3n de Fomento Productivo, Omar Mu\u00f1oz.<\/p>\n<p dir=\"ltr\" style=\"text-align: justify;\">Cabe destacar que, adem\u00e1s de la focalizaci\u00f3n en la ruralidad, pueblos originarios y mujeres, este programa del Gobierno Regional de Ays\u00e9n, ejecutado por la Fundaci\u00f3n de Desarrollo Educacional y Tecnol\u00f3gico de La Araucan\u00eda (FUDEA), tiene como objetivo priorizar como beneficiarios y beneficiarias a quienes no hayan recibido financiamiento de fondos concursables de otras instituciones del sector p\u00fablico, como Corfo y Sercotec.<\/p>\n<p dir=\"ltr\" style=\"text-align: justify;\">\u00abHa sido un trabajo arduo pero muy enriquecedor, en el sentido de conocer la realidad en la que se encuentran hoy las micro y peque\u00f1as empresas de la Regi\u00f3n de Ays\u00e9n, en todo el territorio, porque este programa del Gobierno Regional tiene un enfoque importante respecto a la justicia territorial en funci\u00f3n de los recursos que se distribuyen, teniendo empresas beneficiadas en las diez comunas de la regi\u00f3n\u00bb, recalc\u00f3 la trabajadora de FUDEA y jefa del programa Fortalece Mipe-Ays\u00e9n, Sandra Maldonado.<\/p>\n<\/div><\/section><\/div><div  style='height:50px' class='hr hr-invisible   avia-builder-el-6  el_after_av_one_full  el_before_av_social_share '><span class='hr-inner ' ><span class='hr-inner-style'><\/span><\/span><\/div><\/p>\n<div  class='av-social-sharing-box  avia-builder-el-7  el_after_av_hr  el_before_av_hr  '><div class='av-share-box'><h5 class='av-share-link-description av-no-toc '>Compartir esta noticia<\/h5><ul class='av-share-box-list noLightbox'><li class='av-share-link av-social-link-facebook' ><a target=\"_blank\" aria-label=\"Compartir en Facebook\" href='https:\/\/www.facebook.com\/sharer.php?u=https:\/\/radiorevelacionfm.cl\/?p=31443&#038;t=Aprueban%20hist%C3%B3rico%20aumento%20de%20fondos%20para%20programa%20%C2%ABFortalece%20Mipe-Ays%C3%A9n%C2%BB%20que%20beneficiar%C3%A1%20a%20m%C3%A1s%20de%20mil%20emprendimientos' aria-hidden='false' data-av_icon='\ue8f3' data-av_iconfont='entypo-fontello' title='' data-avia-related-tooltip='Compartir en Facebook' rel=\"noopener\"><span class='avia_hidden_link_text'>Compartir en Facebook<\/span><\/a><\/li><li class='av-share-link av-social-link-twitter' ><a target=\"_blank\" aria-label=\"Compartir en Twitter\" href='https:\/\/twitter.com\/share?text=Aprueban%20hist%C3%B3rico%20aumento%20de%20fondos%20para%20programa%20%C2%ABFortalece%20Mipe-Ays%C3%A9n%C2%BB%20que%20beneficiar%C3%A1%20a%20m%C3%A1s%20de%20mil%20emprendimientos&#038;url=https:\/\/radiorevelacionfm.cl\/?p=31443' aria-hidden='false' data-av_icon='\ue8f1' data-av_iconfont='entypo-fontello' title='' data-avia-related-tooltip='Compartir en Twitter' rel=\"noopener\"><span class='avia_hidden_link_text'>Compartir en Twitter<\/span><\/a><\/li><li class='av-share-link av-social-link-whatsapp' ><a target=\"_blank\" aria-label=\"Compartir en Whatsapp\" href='https:\/\/api.whatsapp.com\/send?text=https:\/\/radiorevelacionfm.cl\/?p=31443' aria-hidden='false' data-av_icon='\uf232' data-av_iconfont='entypo-fontello' title='' data-avia-related-tooltip='Compartir en Whatsapp' rel=\"noopener\"><span class='avia_hidden_link_text'>Compartir en Whatsapp<\/span><\/a><\/li><li class='av-share-link av-social-link-linkedin' ><a target=\"_blank\" aria-label=\"Compartir en LinkedIn\" href='https:\/\/linkedin.com\/shareArticle?mini=true&#038;title=Aprueban%20hist%C3%B3rico%20aumento%20de%20fondos%20para%20programa%20%C2%ABFortalece%20Mipe-Ays%C3%A9n%C2%BB%20que%20beneficiar%C3%A1%20a%20m%C3%A1s%20de%20mil%20emprendimientos&#038;url=https:\/\/radiorevelacionfm.cl\/?p=31443' aria-hidden='false' data-av_icon='\ue8fc' data-av_iconfont='entypo-fontello' title='' data-avia-related-tooltip='Compartir en LinkedIn' rel=\"noopener\"><span class='avia_hidden_link_text'>Compartir en LinkedIn<\/span><\/a><\/li><li class='av-share-link av-social-link-mail' ><a  aria-label=\"Compartir por correo\" href='mailto:?subject=Aprueban%20hist%C3%B3rico%20aumento%20de%20fondos%20para%20programa%20%C2%ABFortalece%20Mipe-Ays%C3%A9n%C2%BB%20que%20beneficiar%C3%A1%20a%20m%C3%A1s%20de%20mil%20emprendimientos&#038;body=https:\/\/radiorevelacionfm.cl\/?p=31443' aria-hidden='false' data-av_icon='\ue805' data-av_iconfont='entypo-fontello' title='' data-avia-related-tooltip='Compartir por correo'><span class='avia_hidden_link_text'>Compartir por correo<\/span><\/a><\/li><\/ul><\/div><\/div>\n<div  style='height:50px' class='hr hr-invisible   avia-builder-el-8  el_after_av_social_share  el_before_av_comments_list '><span class='hr-inner ' ><span class='hr-inner-style'><\/span><\/span><\/div>\n<div  class='av-buildercomment  av-blog-meta-html-info-disabled av-blog-meta-tag-disabled  '><\/div>\n","protected":false},"excerpt":{"rendered":"","protected":false},"author":1,"featured_media":31444,"comment_status":"open","ping_status":"open","sticky":false,"template":"","format":"standard","meta":{"footnotes":""},"categories":[38],"tags":[],"class_list":["post-31443","post","type-post","status-publish","format-standard","has-post-thumbnail","hentry","category-regional"],"jetpack_featured_media_url":"https:\/\/radiorevelacionfm.cl\/wp-content\/uploads\/2023\/05\/fudea-4-1-1.jpg","_links":{"self":[{"href":"https:\/\/radiorevelacionfm.cl\/index.php?rest_route=\/wp\/v2\/posts\/31443","targetHints":{"allow":["GET"]}}],"collection":[{"href":"https:\/\/radiorevelacionfm.cl\/index.php?rest_route=\/wp\/v2\/posts"}],"about":[{"href":"https:\/\/radiorevelacionfm.cl\/index.php?rest_route=\/wp\/v2\/types\/post"}],"author":[{"embeddable":true,"href":"https:\/\/radiorevelacionfm.cl\/index.php?rest_route=\/wp\/v2\/users\/1"}],"replies":[{"embeddable":true,"href":"https:\/\/radiorevelacionfm.cl\/index.php?rest_route=%2Fwp%2Fv2%2Fcomments&post=31443"}],"version-history":[{"count":1,"href":"https:\/\/radiorevelacionfm.cl\/index.php?rest_route=\/wp\/v2\/posts\/31443\/revisions"}],"predecessor-version":[{"id":31445,"href":"https:\/\/radiorevelacionfm.cl\/index.php?rest_route=\/wp\/v2\/posts\/31443\/revisions\/31445"}],"wp:featuredmedia":[{"embeddable":true,"href":"https:\/\/radiorevelacionfm.cl\/index.php?rest_route=\/wp\/v2\/media\/31444"}],"wp:attachment":[{"href":"https:\/\/radiorevelacionfm.cl\/index.php?rest_route=%2Fwp%2Fv2%2Fmedia&parent=31443"}],"wp:term":[{"taxonomy":"category","embeddable":true,"href":"https:\/\/radiorevelacionfm.cl\/index.php?rest_route=%2Fwp%2Fv2%2Fcategories&post=31443"},{"taxonomy":"post_tag","embeddable":true,"href":"https:\/\/radiorevelacionfm.cl\/index.php?rest_route=%2Fwp%2Fv2%2Ftags&post=31443"}],"curies":[{"name":"wp","href":"https:\/\/api.w.org\/{rel}","templated":true}]}}