{"id":31440,"date":"2023-05-30T10:46:51","date_gmt":"2023-05-30T13:46:51","guid":{"rendered":"https:\/\/radiorevelacionfm.cl\/?p=31440"},"modified":"2023-05-30T10:46:51","modified_gmt":"2023-05-30T13:46:51","slug":"invitan-a-vecinos-de-puerto-guadal-a-ultimo-proceso-de-participacion-ciudadana-del-proyecto-mini-central-los-maquis","status":"publish","type":"post","link":"https:\/\/radiorevelacionfm.cl\/?p=31440","title":{"rendered":"Invitan a vecinos de Puerto Guadal a \u00faltimo proceso de participaci\u00f3n ciudadana del proyecto Mini Central Los Maquis"},"content":{"rendered":"<div class=\"flex_column av_one_full  flex_column_div av-zero-column-padding first  avia-builder-el-0  el_before_av_one_full  avia-builder-el-first  \" style='border-radius:0px; '><div  class='avia-image-container  av-styling-    avia-builder-el-1  avia-builder-el-no-sibling  avia-align-center '  itemprop=\"image\" itemscope=\"itemscope\" itemtype=\"https:\/\/schema.org\/ImageObject\"  ><div class='avia-image-container-inner'><div class='avia-image-overlay-wrap'><img decoding=\"async\" class='wp-image-31441 avia-img-lazy-loading-not-31441 avia_image' src=\"https:\/\/radiorevelacionfm.cl\/wp-content\/uploads\/2023\/05\/4TA-PACA_01-1-1.jpeg\" alt='' title='4TA PACA_01 (1) (1)' height=\"600\" width=\"753\"  itemprop=\"thumbnailUrl\" srcset=\"https:\/\/radiorevelacionfm.cl\/wp-content\/uploads\/2023\/05\/4TA-PACA_01-1-1.jpeg 753w, https:\/\/radiorevelacionfm.cl\/wp-content\/uploads\/2023\/05\/4TA-PACA_01-1-1-300x239.jpeg 300w, https:\/\/radiorevelacionfm.cl\/wp-content\/uploads\/2023\/05\/4TA-PACA_01-1-1-705x562.jpeg 705w, https:\/\/radiorevelacionfm.cl\/wp-content\/uploads\/2023\/05\/4TA-PACA_01-1-1-450x359.jpeg 450w, https:\/\/radiorevelacionfm.cl\/wp-content\/uploads\/2023\/05\/4TA-PACA_01-1-1-600x478.jpeg 600w\" sizes=\"(max-width: 753px) 100vw, 753px\" \/><\/div><\/div><\/div><\/div><div class=\"flex_column av_one_full  flex_column_div av-zero-column-padding first  avia-builder-el-2  el_after_av_one_full  el_before_av_one_full  column-top-margin\" style='border-radius:0px; '><section class=\"av_textblock_section \"  itemscope=\"itemscope\" itemtype=\"https:\/\/schema.org\/BlogPosting\" itemprop=\"blogPost\" ><div class='avia_textblock  '   itemprop=\"text\" ><p style=\"text-align: center;\"><strong><span style=\"font-size: 18pt;\">Invitan a vecinos de Puerto Guadal a \u00faltimo proceso de participaci\u00f3n ciudadana del proyecto Mini Central Los Maquis<\/span><\/strong><\/p>\n<div id=\"gtx-trans\" style=\"position: absolute; left: -50px; top: 4.31534px;\">\n<div class=\"gtx-trans-icon\"><\/div>\n<\/div>\n<\/div><\/section><\/div><div class=\"flex_column av_one_full  flex_column_div av-zero-column-padding first  avia-builder-el-4  el_after_av_one_full  el_before_av_hr  column-top-margin\" style='border-radius:0px; '><section class=\"av_textblock_section \"  itemscope=\"itemscope\" itemtype=\"https:\/\/schema.org\/BlogPosting\" itemprop=\"blogPost\" ><div class='avia_textblock  '   itemprop=\"text\" ><p style=\"text-align: justify;\">Durante los d\u00edas 30 y 31 de mayo, Edelaysen desarrollar\u00e1 la quinta y \u00faltima campa\u00f1a del Proceso de Participaci\u00f3n Ciudadana Anticipada (PACA) que se inici\u00f3 en noviembre de 2022, a trav\u00e9s del cual se busc\u00f3 promover la participaci\u00f3n de la comunidad de Puerto Guadal en las tem\u00e1ticas asociadas al proyecto de la Mini Central de Pasada Los Maquis, como es conocer las preocupaciones de los vecinos y vecinas respecto a la evaluaci\u00f3n ambiental en proceso y terminaciones consideradas para las obras.<\/p>\n<p style=\"text-align: justify;\">Para esta \u00faltima etapa se realizar\u00e1 una presentaci\u00f3n con el resumen del proceso participativo anticipado con la comunidad, que incluye temas discutidos en las mesas de trabajo y resultados de la encuesta realizada en la localidad para conocer la opini\u00f3n de la comunidad respecto a temas espec\u00edficos. Luego de esto, se espera acordar las actas respecto a los diferentes acuerdos y desacuerdos que surgieron durante proceso, para su inclusi\u00f3n en el expediente previo al ingreso del proyecto al Sistema de Evaluaci\u00f3n Ambiental la semana del 12 de junio.<\/p>\n<p style=\"text-align: justify;\"><em>\u201cEsta es la \u00faltima etapa del Proceso de Participaci\u00f3n Ciudadana Anticipada al que nos sometimos voluntariamente y que llevamos desarrollando desde finales del 2022, pero sin duda seguiremos trabajando de la mano de la comunidad, tal como ha sido durante la etapa constructiva del proyecto. Esperamos cerrar esta parte del proceso de la mejor forma, por lo que invitamos a todos los vecinos de Puerto Guadal a sumarse a la instancia final de este proceso\u201d<\/em> se\u00f1al\u00f3 Alejandro G\u00f3mez, gerente del proyecto.<\/p>\n<p style=\"text-align: justify;\"><strong><u>ENCUESTAS Y CUARTA CAMPA\u00d1A DE PARTICIPACI\u00d3N CIUDADANA <\/u><\/strong><\/p>\n<p style=\"text-align: justify;\">La cuarta campa\u00f1a de PACA, desarrollada durante los d\u00edas 17 al 20 de abril, concluy\u00f3 con el levantamiento de las observaciones y requerimientos ciudadanos en las tem\u00e1ticas trabajadas durante el proceso, que permiti\u00f3 ampliar la diversidad de opiniones respecto a los temas planteados en las mesas de trabajo.<\/p>\n<p style=\"text-align: justify;\">Asimismo, y con el objetivo de contar con la participaci\u00f3n de m\u00e1s vecinos de la localidad, en la \u00faltima jornada de la PACA se presentar\u00e1n los resultados de una encuesta que se aplic\u00f3 a 88 personas en formato online y en hogares puerta a puerta, a trav\u00e9s de una muestra aleatoria a cargo de la empresa externa ENGAGE. <em>\u201cLa encuesta no tuvo como intenci\u00f3n ser una herramienta deliberativa ni vinculante, sin embargo, entreg\u00f3 valiosos datos sobre las preferencias de los vecinos y vecinas de Puerto Guadal en diversos temas asociados al proyecto derivados tanto de las mesas de trabajo de la PACA como tambi\u00e9n de los compromisos adquiridos en etapas previas de relacionamiento comunitario\u201d<\/em> se\u00f1alaron desde la agencia responsable de la consulta.<\/p>\n<p style=\"text-align: justify;\">Respecto a los resultados de la encuesta, a continuaci\u00f3n, se presenta algunos de los resultados m\u00e1s relevantes. Con relaci\u00f3n al \u201cSendero a cascada Los Maquis\u201d, ofrecido como aporte desde el inicio del proyecto, tema que fue tratado en diversas etapas de la PACA, el 62% de los entrevistados se\u00f1al\u00f3 preferir que se construya el sendero con accesibilidad universal, mientras que las opciones de \u201cdelimitar el sendero sin mayor intervenci\u00f3n\u201d y \u201cno hacer el sendero\u201d tuvieron cada una un 19% de las preferencias.<\/p>\n<p style=\"text-align: justify;\">Asimismo, respecto del camino de maquinaria utilizado durante la etapa de construcci\u00f3n para acceder a la zona alta del proyecto cercana a los pozones, el 68% de los encuestados se\u00f1al\u00f3 privilegiar la opci\u00f3n de recuperar la capa vegetal dejando una huella de 1m de ancho aproximadamente, para paso peatonal hasta los pozones, seguido de un 16% que eligi\u00f3 la opci\u00f3n de que el camino sea cubierto totalmente con vegetaci\u00f3n y que turistas busquen v\u00edas alternativas de acceso a los pozones y un 15% se\u00f1al\u00f3 como preferencia, que el camino se mantenga como est\u00e1 actualmente.<\/p>\n<p style=\"text-align: justify;\">En relaci\u00f3n con la antigua central, parte de la comunidad ha se\u00f1alado que \u00e9sta tiene un valor patrimonial para la localidad, por lo que se consult\u00f3 sobre el lugar m\u00e1s id\u00f3neo para presentar algunas de sus piezas caracter\u00edsticas que fueron conservadas por Edelaysen. La mayor\u00eda de los entrevistados, el 61% considera que las piezas deber\u00edan ser presentadas en la entrada del recinto de la actual planta Los Maquis, seguido por la Plaza de Puerto Guadal como segunda preferencia con un 18,2%. Tambi\u00e9n se consult\u00f3 respecto a la forma de poner en valor la antigua central, y por las piezas que se deber\u00edan rescatar, donde destacan como preferencias: el rodete de la antigua turbina, el rotor del generador y el libro con registro de la operaci\u00f3n de la antigua central.<\/p>\n<p style=\"text-align: justify;\">Finalmente, sobre posibles ideas de aporte comunitario la consulta arroj\u00f3 que un 43,7% de los encuestados le gustar\u00eda que se aportara en calefaccionar con sistema el\u00e9ctrico la escuela Bernardo O\u2019Higgins de la localidad de Puerto Guadal, seguido por un 18,4% que le gustar\u00eda que se planten especies nativas en un \u00e1rea m\u00e1s extensa que la intervenida por el proyecto, la cual ya considera terminaciones de paisajismo.<\/p>\n<p style=\"text-align: justify;\">Los resultados del Proceso de Participaci\u00f3n Ciudadana, que inici\u00f3 en noviembre del a\u00f1o 2022 ser\u00e1n revisados en detalle durante la \u00faltima campa\u00f1a a realizarse los d\u00edas, martes 30 y mi\u00e9rcoles 31 de mayo en la Sede Comunitaria Municipal de Puerto Guadal. La invitaci\u00f3n es ampliada a toda la comunidad y dirigentes de organizaciones sociales, territoriales, funcionales y vecinos que han participado en actividades anteriores, quienes ser\u00e1n contactados por los consultores de la empresa para coordinar el horario de las actividades.<\/p>\n<\/div><\/section><\/div><div  style='height:50px' class='hr hr-invisible   avia-builder-el-6  el_after_av_one_full  el_before_av_social_share '><span class='hr-inner ' ><span class='hr-inner-style'><\/span><\/span><\/div><\/p>\n<div  class='av-social-sharing-box  avia-builder-el-7  el_after_av_hr  el_before_av_hr  '><div class='av-share-box'><h5 class='av-share-link-description av-no-toc '>Compartir esta noticia<\/h5><ul class='av-share-box-list noLightbox'><li class='av-share-link av-social-link-facebook' ><a target=\"_blank\" aria-label=\"Compartir en Facebook\" href='https:\/\/www.facebook.com\/sharer.php?u=https:\/\/radiorevelacionfm.cl\/?p=31440&#038;t=Invitan%20a%20vecinos%20de%20Puerto%20Guadal%20a%20%C3%BAltimo%20proceso%20de%20participaci%C3%B3n%20ciudadana%20del%20proyecto%20Mini%20Central%20Los%20Maquis' aria-hidden='false' data-av_icon='\ue8f3' data-av_iconfont='entypo-fontello' title='' data-avia-related-tooltip='Compartir en Facebook' rel=\"noopener\"><span class='avia_hidden_link_text'>Compartir en Facebook<\/span><\/a><\/li><li class='av-share-link av-social-link-twitter' ><a target=\"_blank\" aria-label=\"Compartir en Twitter\" href='https:\/\/twitter.com\/share?text=Invitan%20a%20vecinos%20de%20Puerto%20Guadal%20a%20%C3%BAltimo%20proceso%20de%20participaci%C3%B3n%20ciudadana%20del%20proyecto%20Mini%20Central%20Los%20Maquis&#038;url=https:\/\/radiorevelacionfm.cl\/?p=31440' aria-hidden='false' data-av_icon='\ue8f1' data-av_iconfont='entypo-fontello' title='' data-avia-related-tooltip='Compartir en Twitter' rel=\"noopener\"><span class='avia_hidden_link_text'>Compartir en Twitter<\/span><\/a><\/li><li class='av-share-link av-social-link-whatsapp' ><a target=\"_blank\" aria-label=\"Compartir en Whatsapp\" href='https:\/\/api.whatsapp.com\/send?text=https:\/\/radiorevelacionfm.cl\/?p=31440' aria-hidden='false' data-av_icon='\uf232' data-av_iconfont='entypo-fontello' title='' data-avia-related-tooltip='Compartir en Whatsapp' rel=\"noopener\"><span class='avia_hidden_link_text'>Compartir en Whatsapp<\/span><\/a><\/li><li class='av-share-link av-social-link-linkedin' ><a target=\"_blank\" aria-label=\"Compartir en LinkedIn\" href='https:\/\/linkedin.com\/shareArticle?mini=true&#038;title=Invitan%20a%20vecinos%20de%20Puerto%20Guadal%20a%20%C3%BAltimo%20proceso%20de%20participaci%C3%B3n%20ciudadana%20del%20proyecto%20Mini%20Central%20Los%20Maquis&#038;url=https:\/\/radiorevelacionfm.cl\/?p=31440' aria-hidden='false' data-av_icon='\ue8fc' data-av_iconfont='entypo-fontello' title='' data-avia-related-tooltip='Compartir en LinkedIn' rel=\"noopener\"><span class='avia_hidden_link_text'>Compartir en LinkedIn<\/span><\/a><\/li><li class='av-share-link av-social-link-mail' ><a  aria-label=\"Compartir por correo\" href='mailto:?subject=Invitan%20a%20vecinos%20de%20Puerto%20Guadal%20a%20%C3%BAltimo%20proceso%20de%20participaci%C3%B3n%20ciudadana%20del%20proyecto%20Mini%20Central%20Los%20Maquis&#038;body=https:\/\/radiorevelacionfm.cl\/?p=31440' aria-hidden='false' data-av_icon='\ue805' data-av_iconfont='entypo-fontello' title='' data-avia-related-tooltip='Compartir por correo'><span class='avia_hidden_link_text'>Compartir por correo<\/span><\/a><\/li><\/ul><\/div><\/div>\n<div  style='height:50px' class='hr hr-invisible   avia-builder-el-8  el_after_av_social_share  el_before_av_comments_list '><span class='hr-inner ' ><span class='hr-inner-style'><\/span><\/span><\/div>\n<div  class='av-buildercomment  av-blog-meta-html-info-disabled av-blog-meta-tag-disabled  '><\/div>\n","protected":false},"excerpt":{"rendered":"","protected":false},"author":1,"featured_media":31441,"comment_status":"open","ping_status":"open","sticky":false,"template":"","format":"standard","meta":{"footnotes":""},"categories":[39],"tags":[],"class_list":["post-31440","post","type-post","status-publish","format-standard","has-post-thumbnail","hentry","category-medio-ambiente"],"jetpack_featured_media_url":"https:\/\/radiorevelacionfm.cl\/wp-content\/uploads\/2023\/05\/4TA-PACA_01-1-1.jpeg","_links":{"self":[{"href":"https:\/\/radiorevelacionfm.cl\/index.php?rest_route=\/wp\/v2\/posts\/31440","targetHints":{"allow":["GET"]}}],"collection":[{"href":"https:\/\/radiorevelacionfm.cl\/index.php?rest_route=\/wp\/v2\/posts"}],"about":[{"href":"https:\/\/radiorevelacionfm.cl\/index.php?rest_route=\/wp\/v2\/types\/post"}],"author":[{"embeddable":true,"href":"https:\/\/radiorevelacionfm.cl\/index.php?rest_route=\/wp\/v2\/users\/1"}],"replies":[{"embeddable":true,"href":"https:\/\/radiorevelacionfm.cl\/index.php?rest_route=%2Fwp%2Fv2%2Fcomments&post=31440"}],"version-history":[{"count":1,"href":"https:\/\/radiorevelacionfm.cl\/index.php?rest_route=\/wp\/v2\/posts\/31440\/revisions"}],"predecessor-version":[{"id":31442,"href":"https:\/\/radiorevelacionfm.cl\/index.php?rest_route=\/wp\/v2\/posts\/31440\/revisions\/31442"}],"wp:featuredmedia":[{"embeddable":true,"href":"https:\/\/radiorevelacionfm.cl\/index.php?rest_route=\/wp\/v2\/media\/31441"}],"wp:attachment":[{"href":"https:\/\/radiorevelacionfm.cl\/index.php?rest_route=%2Fwp%2Fv2%2Fmedia&parent=31440"}],"wp:term":[{"taxonomy":"category","embeddable":true,"href":"https:\/\/radiorevelacionfm.cl\/index.php?rest_route=%2Fwp%2Fv2%2Fcategories&post=31440"},{"taxonomy":"post_tag","embeddable":true,"href":"https:\/\/radiorevelacionfm.cl\/index.php?rest_route=%2Fwp%2Fv2%2Ftags&post=31440"}],"curies":[{"name":"wp","href":"https:\/\/api.w.org\/{rel}","templated":true}]}}