{"id":31434,"date":"2023-05-29T19:26:19","date_gmt":"2023-05-29T22:26:19","guid":{"rendered":"https:\/\/radiorevelacionfm.cl\/?p=31434"},"modified":"2023-05-29T20:06:40","modified_gmt":"2023-05-29T23:06:40","slug":"delegado-rodrigo-araya-el-gobierno-cautelara-siempre-la-proteccion-del-empleo-y-los-ecosistemas-en-areas-protegidas","status":"publish","type":"post","link":"https:\/\/radiorevelacionfm.cl\/?p=31434","title":{"rendered":"Delegado Rodrigo Araya por Ley SBAP: \u201cEl Gobierno cautelar\u00e1 siempre la protecci\u00f3n del empleo y los ecosistemas en \u00e1reas protegidas\u201d"},"content":{"rendered":"<div class=\"flex_column av_one_full  flex_column_div av-zero-column-padding first  avia-builder-el-0  el_before_av_one_full  avia-builder-el-first  \" style='border-radius:0px; '><div  class='avia-image-container  av-styling-    avia-builder-el-1  avia-builder-el-no-sibling  avia-align-center '  itemprop=\"image\" itemscope=\"itemscope\" itemtype=\"https:\/\/schema.org\/ImageObject\"  ><div class='avia-image-container-inner'><div class='avia-image-overlay-wrap'><img decoding=\"async\" class='wp-image-31435 avia-img-lazy-loading-not-31435 avia_image' src=\"https:\/\/radiorevelacionfm.cl\/wp-content\/uploads\/2023\/05\/IMG_20230529_111854-1-1.jpg\" alt='' title='IMG_20230529_111854 (1) (1)' height=\"600\" width=\"1055\"  itemprop=\"thumbnailUrl\" srcset=\"https:\/\/radiorevelacionfm.cl\/wp-content\/uploads\/2023\/05\/IMG_20230529_111854-1-1.jpg 1055w, https:\/\/radiorevelacionfm.cl\/wp-content\/uploads\/2023\/05\/IMG_20230529_111854-1-1-300x171.jpg 300w, https:\/\/radiorevelacionfm.cl\/wp-content\/uploads\/2023\/05\/IMG_20230529_111854-1-1-1030x586.jpg 1030w, https:\/\/radiorevelacionfm.cl\/wp-content\/uploads\/2023\/05\/IMG_20230529_111854-1-1-768x437.jpg 768w, https:\/\/radiorevelacionfm.cl\/wp-content\/uploads\/2023\/05\/IMG_20230529_111854-1-1-705x401.jpg 705w, https:\/\/radiorevelacionfm.cl\/wp-content\/uploads\/2023\/05\/IMG_20230529_111854-1-1-450x256.jpg 450w, https:\/\/radiorevelacionfm.cl\/wp-content\/uploads\/2023\/05\/IMG_20230529_111854-1-1-600x341.jpg 600w\" sizes=\"(max-width: 1055px) 100vw, 1055px\" \/><\/div><\/div><\/div><\/div>\n<div class=\"flex_column av_one_full  flex_column_div av-zero-column-padding first  avia-builder-el-2  el_after_av_one_full  el_before_av_one_full  column-top-margin\" style='border-radius:0px; '><section class=\"av_textblock_section \"  itemscope=\"itemscope\" itemtype=\"https:\/\/schema.org\/BlogPosting\" itemprop=\"blogPost\" ><div class='avia_textblock  '   itemprop=\"text\" ><p style=\"text-align: center;\"><strong><span style=\"font-size: 18pt;\">Delegado Rodrigo Araya por Ley SBAP: \u201cEl Gobierno cautelar\u00e1 siempre la protecci\u00f3n del empleo y los ecosistemas en \u00e1reas protegidas\u201d<\/span><\/strong><\/p>\n<div id=\"gtx-trans\" style=\"position: absolute; left: -50px; top: 4.31534px;\">\n<div class=\"gtx-trans-icon\"><\/div>\n<\/div>\n<\/div><\/section><\/div><div class=\"flex_column av_one_full  flex_column_div av-zero-column-padding first  avia-builder-el-4  el_after_av_one_full  el_before_av_hr  column-top-margin\" style='border-radius:0px; '><section class=\"av_textblock_section \"  itemscope=\"itemscope\" itemtype=\"https:\/\/schema.org\/BlogPosting\" itemprop=\"blogPost\" ><div class='avia_textblock  '   itemprop=\"text\" ><p style=\"text-align: justify;\">Como una iniciativa esencial para la institucionalidad ambiental, en un contexto de cambio clim\u00e1tico, p\u00e9rdida de biodiversidad acelerada y de contaminaci\u00f3n, entregando certezas a la industria y a trabajadores y trabajadoras del sector acu\u00edcola, calific\u00f3 el Delegado Presidencial Regional, Rodrigo Araya, el proyecto de ley que crea el Servicio de Biodiversidad de \u00c1reas Protegidas (SBAP).<\/p>\n<p style=\"text-align: justify;\">La iniciativa, que se votar\u00e1 este lunes en Comisi\u00f3n Mixta, tiene como objetivo crear el Servicio de Biodiversidad y \u00c1reas Protegidas como un Servicio P\u00fablico, orientado a la conservaci\u00f3n de la biodiversidad del pa\u00eds, a trav\u00e9s de la gesti\u00f3n para la preservaci\u00f3n, restauraci\u00f3n y uso sustentable de especies y ecosistemas, tanto dentro como fuera de las \u00e1reas protegidas.<\/p>\n<p style=\"text-align: justify;\">Seg\u00fan indic\u00f3, la Ley 20.417 del a\u00f1o 2010 estableci\u00f3 la institucionalidad ambiental actual, que incluye al Ministerio del Medio Ambiente, el Servicio de Evaluaci\u00f3n Ambiental y la Superintendencia del Medio Ambiente. Sin embargo, el Servicio de Biodiversidad y \u00c1reas Protegidas, uno de los organismos previstos por esta Ley, a\u00fan no ha sido creado, lo que ha generado una brecha en la gesti\u00f3n de las \u00e1reas protegidas y la biodiversidad del pa\u00eds.<\/p>\n<p style=\"text-align: justify;\">\u201cLa aprobaci\u00f3n del SBAP resulta esencial para completar la institucionalidad ambiental del pa\u00eds y cubrir una carencia en nuestro sistema respecto a la preservaci\u00f3n, restauraci\u00f3n y uso sustentable de la biodiversidad. Adem\u00e1s, constituye un compromiso del programa de Gobierno del Presidente Boric\u201d, se\u00f1al\u00f3.<\/p>\n<p style=\"text-align: justify;\">Actualmente, se est\u00e1n discutiendo en la Comisi\u00f3n Mixta los \u00faltimos temas pendientes, para resolver las controversias entre ambas c\u00e1maras legislativas, donde uno de los temas es el relacionado con el desarrollo de acuicultura ex\u00f3tica, espec\u00edficamente la salmonicultura, en \u00e1reas protegidas.<\/p>\n<p style=\"text-align: justify;\">En el marco de la Comisi\u00f3n Mixta relativa a la salmonicultura, se ha presentado el art\u00edculo 147 numeral 5) que busca modificar el art\u00edculo 158 de la Ley General de Pesca y Acuicultura, que establece excepciones para la pesca extractiva y la acuicultura en ciertas \u00e1reas protegidas.<\/p>\n<p style=\"text-align: justify;\">El Ejecutivo present\u00f3 una propuesta que busca prohibir el otorgamiento de nuevas concesiones de acuicultura de especies hidrobiol\u00f3gicas ex\u00f3ticas (como la salmonicultura) en todas las \u00e1reas protegidas del pa\u00eds, eliminando la excepci\u00f3n del art\u00edculo 158 de la Ley de Pesca y Acuicultura. As\u00ed, restringe la acuicultura con especies ex\u00f3ticas en las reservas, sin afectar la pesca o la acuicultura con especies nativas en dichas \u00e1reas.<\/p>\n<p style=\"text-align: justify;\">\u201cEsta indicaci\u00f3n regula la situaci\u00f3n de las concesiones que pudiesen otorgarse hacia el futuro, sin incidir en las que est\u00e1n actualmente vigentes al interior de las \u00e1reas silvestres. De este modo, la indicaci\u00f3n busca el equilibrio entre la protecci\u00f3n del empleo actual -el que no se ver\u00e1 afectado- y de los ecosistemas en las \u00e1reas protegidas\u201d, recalc\u00f3 el Delegado Araya.<\/p>\n<p style=\"text-align: justify;\">Actualmente, existen 1.359 concesiones de salm\u00f3nidos vigentes en todo el pa\u00eds, de las cuales 426 se encuentran al interior de \u00e1reas protegidas, equivalente al 31,3% del total de concesiones.<\/p>\n<p style=\"text-align: justify;\">\u201cSe debe se\u00f1alar que ninguna de estas se ver\u00e1 afectada con la aprobaci\u00f3n del proyecto de ley SBAP, pues la ley no tiene un car\u00e1cter retroactivo. Por tanto, de aprobarse el proyecto de ley con el texto que propone el gobierno, no se est\u00e1 poniendo en riesgo ning\u00fan empleo\u201d, puntualiz\u00f3.<\/p>\n<p style=\"text-align: justify;\">En este sentido, concluy\u00f3 que la iniciativa excluye la salmonicultura en \u00e1reas protegidas para el futuro; no proh\u00edbe acuicultura con especies nativas, ni tampoco proh\u00edbe la pesca; entrega certeza a la industria ya instalada en \u00e1reas protegidas al no ser retroactiva, y permite que aquellos procedimientos actualmente avanzados, puedan finalizar su tramitaci\u00f3n, sin afectar el empleo actual.<\/p>\n<\/div><\/section><\/div><\/p>\n<div  style='height:50px' class='hr hr-invisible   avia-builder-el-6  el_after_av_one_full  el_before_av_social_share '><span class='hr-inner ' ><span class='hr-inner-style'><\/span><\/span><\/div>\n<div  class='av-social-sharing-box  avia-builder-el-7  el_after_av_hr  el_before_av_hr  '><div class='av-share-box'><h5 class='av-share-link-description av-no-toc '>Compartir esta noticia<\/h5><ul class='av-share-box-list noLightbox'><li class='av-share-link av-social-link-facebook' ><a target=\"_blank\" aria-label=\"Compartir en Facebook\" href='https:\/\/www.facebook.com\/sharer.php?u=https:\/\/radiorevelacionfm.cl\/?p=31434&#038;t=Delegado%20Rodrigo%20Araya%20por%20Ley%20SBAP%3A%20%E2%80%9CEl%20Gobierno%20cautelar%C3%A1%20siempre%20la%20protecci%C3%B3n%20del%20empleo%20y%20los%20ecosistemas%20en%20%C3%A1reas%20protegidas%E2%80%9D' aria-hidden='false' data-av_icon='\ue8f3' data-av_iconfont='entypo-fontello' title='' data-avia-related-tooltip='Compartir en Facebook' rel=\"noopener\"><span class='avia_hidden_link_text'>Compartir en Facebook<\/span><\/a><\/li><li class='av-share-link av-social-link-twitter' ><a target=\"_blank\" aria-label=\"Compartir en Twitter\" href='https:\/\/twitter.com\/share?text=Delegado%20Rodrigo%20Araya%20por%20Ley%20SBAP%3A%20%E2%80%9CEl%20Gobierno%20cautelar%C3%A1%20siempre%20la%20protecci%C3%B3n%20del%20empleo%20y%20los%20ecosistemas%20en%20%C3%A1reas%20protegidas%E2%80%9D&#038;url=https:\/\/radiorevelacionfm.cl\/?p=31434' aria-hidden='false' data-av_icon='\ue8f1' data-av_iconfont='entypo-fontello' title='' data-avia-related-tooltip='Compartir en Twitter' rel=\"noopener\"><span class='avia_hidden_link_text'>Compartir en Twitter<\/span><\/a><\/li><li class='av-share-link av-social-link-whatsapp' ><a target=\"_blank\" aria-label=\"Compartir en Whatsapp\" href='https:\/\/api.whatsapp.com\/send?text=https:\/\/radiorevelacionfm.cl\/?p=31434' aria-hidden='false' data-av_icon='\uf232' data-av_iconfont='entypo-fontello' title='' data-avia-related-tooltip='Compartir en Whatsapp' rel=\"noopener\"><span class='avia_hidden_link_text'>Compartir en Whatsapp<\/span><\/a><\/li><li class='av-share-link av-social-link-linkedin' ><a target=\"_blank\" aria-label=\"Compartir en LinkedIn\" href='https:\/\/linkedin.com\/shareArticle?mini=true&#038;title=Delegado%20Rodrigo%20Araya%20por%20Ley%20SBAP%3A%20%E2%80%9CEl%20Gobierno%20cautelar%C3%A1%20siempre%20la%20protecci%C3%B3n%20del%20empleo%20y%20los%20ecosistemas%20en%20%C3%A1reas%20protegidas%E2%80%9D&#038;url=https:\/\/radiorevelacionfm.cl\/?p=31434' aria-hidden='false' data-av_icon='\ue8fc' data-av_iconfont='entypo-fontello' title='' data-avia-related-tooltip='Compartir en LinkedIn' rel=\"noopener\"><span class='avia_hidden_link_text'>Compartir en LinkedIn<\/span><\/a><\/li><li class='av-share-link av-social-link-mail' ><a  aria-label=\"Compartir por correo\" href='mailto:?subject=Delegado%20Rodrigo%20Araya%20por%20Ley%20SBAP%3A%20%E2%80%9CEl%20Gobierno%20cautelar%C3%A1%20siempre%20la%20protecci%C3%B3n%20del%20empleo%20y%20los%20ecosistemas%20en%20%C3%A1reas%20protegidas%E2%80%9D&#038;body=https:\/\/radiorevelacionfm.cl\/?p=31434' aria-hidden='false' data-av_icon='\ue805' data-av_iconfont='entypo-fontello' title='' data-avia-related-tooltip='Compartir por correo'><span class='avia_hidden_link_text'>Compartir por correo<\/span><\/a><\/li><\/ul><\/div><\/div>\n<div  style='height:50px' class='hr hr-invisible   avia-builder-el-8  el_after_av_social_share  el_before_av_comments_list '><span class='hr-inner ' ><span class='hr-inner-style'><\/span><\/span><\/div>\n<div  class='av-buildercomment  av-blog-meta-html-info-disabled av-blog-meta-tag-disabled  '><\/div>\n","protected":false},"excerpt":{"rendered":"","protected":false},"author":1,"featured_media":31435,"comment_status":"open","ping_status":"open","sticky":false,"template":"","format":"standard","meta":{"footnotes":""},"categories":[38],"tags":[],"class_list":["post-31434","post","type-post","status-publish","format-standard","has-post-thumbnail","hentry","category-regional"],"jetpack_featured_media_url":"https:\/\/radiorevelacionfm.cl\/wp-content\/uploads\/2023\/05\/IMG_20230529_111854-1-1.jpg","_links":{"self":[{"href":"https:\/\/radiorevelacionfm.cl\/index.php?rest_route=\/wp\/v2\/posts\/31434","targetHints":{"allow":["GET"]}}],"collection":[{"href":"https:\/\/radiorevelacionfm.cl\/index.php?rest_route=\/wp\/v2\/posts"}],"about":[{"href":"https:\/\/radiorevelacionfm.cl\/index.php?rest_route=\/wp\/v2\/types\/post"}],"author":[{"embeddable":true,"href":"https:\/\/radiorevelacionfm.cl\/index.php?rest_route=\/wp\/v2\/users\/1"}],"replies":[{"embeddable":true,"href":"https:\/\/radiorevelacionfm.cl\/index.php?rest_route=%2Fwp%2Fv2%2Fcomments&post=31434"}],"version-history":[{"count":2,"href":"https:\/\/radiorevelacionfm.cl\/index.php?rest_route=\/wp\/v2\/posts\/31434\/revisions"}],"predecessor-version":[{"id":31460,"href":"https:\/\/radiorevelacionfm.cl\/index.php?rest_route=\/wp\/v2\/posts\/31434\/revisions\/31460"}],"wp:featuredmedia":[{"embeddable":true,"href":"https:\/\/radiorevelacionfm.cl\/index.php?rest_route=\/wp\/v2\/media\/31435"}],"wp:attachment":[{"href":"https:\/\/radiorevelacionfm.cl\/index.php?rest_route=%2Fwp%2Fv2%2Fmedia&parent=31434"}],"wp:term":[{"taxonomy":"category","embeddable":true,"href":"https:\/\/radiorevelacionfm.cl\/index.php?rest_route=%2Fwp%2Fv2%2Fcategories&post=31434"},{"taxonomy":"post_tag","embeddable":true,"href":"https:\/\/radiorevelacionfm.cl\/index.php?rest_route=%2Fwp%2Fv2%2Ftags&post=31434"}],"curies":[{"name":"wp","href":"https:\/\/api.w.org\/{rel}","templated":true}]}}