{"id":31424,"date":"2023-05-28T21:10:38","date_gmt":"2023-05-29T00:10:38","guid":{"rendered":"https:\/\/radiorevelacionfm.cl\/?p=31424"},"modified":"2023-05-28T21:10:38","modified_gmt":"2023-05-29T00:10:38","slug":"invitan-a-la-comunidad-a-visitar-exposicion-gentileza-artistica-iii","status":"publish","type":"post","link":"https:\/\/radiorevelacionfm.cl\/?p=31424","title":{"rendered":"Invitan a la comunidad a visitar exposici\u00f3n \u00abGentileza Art\u00edstica III\u00bb"},"content":{"rendered":"<div class=\"flex_column av_one_full  flex_column_div av-zero-column-padding first  avia-builder-el-0  el_before_av_one_full  avia-builder-el-first  \" style='border-radius:0px; '><div  class='avia-image-container  av-styling-    avia-builder-el-1  avia-builder-el-no-sibling  avia-align-center '  itemprop=\"image\" itemscope=\"itemscope\" itemtype=\"https:\/\/schema.org\/ImageObject\"  ><div class='avia-image-container-inner'><div class='avia-image-overlay-wrap'><img decoding=\"async\" class='wp-image-31425 avia-img-lazy-loading-not-31425 avia_image' src=\"https:\/\/radiorevelacionfm.cl\/wp-content\/uploads\/2023\/05\/foto-5-exposicion-1_optimized.jpg\" alt='' title='foto-5-exposicion-(1)_optimized' height=\"600\" width=\"1067\"  itemprop=\"thumbnailUrl\" srcset=\"https:\/\/radiorevelacionfm.cl\/wp-content\/uploads\/2023\/05\/foto-5-exposicion-1_optimized.jpg 1067w, https:\/\/radiorevelacionfm.cl\/wp-content\/uploads\/2023\/05\/foto-5-exposicion-1_optimized-300x169.jpg 300w, https:\/\/radiorevelacionfm.cl\/wp-content\/uploads\/2023\/05\/foto-5-exposicion-1_optimized-1030x579.jpg 1030w, https:\/\/radiorevelacionfm.cl\/wp-content\/uploads\/2023\/05\/foto-5-exposicion-1_optimized-768x432.jpg 768w, https:\/\/radiorevelacionfm.cl\/wp-content\/uploads\/2023\/05\/foto-5-exposicion-1_optimized-705x396.jpg 705w, https:\/\/radiorevelacionfm.cl\/wp-content\/uploads\/2023\/05\/foto-5-exposicion-1_optimized-450x253.jpg 450w, https:\/\/radiorevelacionfm.cl\/wp-content\/uploads\/2023\/05\/foto-5-exposicion-1_optimized-600x337.jpg 600w\" sizes=\"(max-width: 1067px) 100vw, 1067px\" \/><\/div><\/div><\/div><\/div><div class=\"flex_column av_one_full  flex_column_div av-zero-column-padding first  avia-builder-el-2  el_after_av_one_full  el_before_av_one_full  column-top-margin\" style='border-radius:0px; '><section class=\"av_textblock_section \"  itemscope=\"itemscope\" itemtype=\"https:\/\/schema.org\/BlogPosting\" itemprop=\"blogPost\" ><div class='avia_textblock  '   itemprop=\"text\" ><p style=\"text-align: center;\"><strong><span style=\"font-size: 18pt;\">Invitan a la comunidad a visitar exposici\u00f3n \u00abGentileza Art\u00edstica III\u00bb<\/span><\/strong><\/p>\n<div id=\"gtx-trans\" style=\"position: absolute; left: -50px; top: 4.31534px;\">\n<div class=\"gtx-trans-icon\"><\/div>\n<\/div>\n<\/div><\/section><\/div><div class=\"flex_column av_one_full  flex_column_div av-zero-column-padding first  avia-builder-el-4  el_after_av_one_full  el_before_av_hr  column-top-margin\" style='border-radius:0px; '><section class=\"av_textblock_section \"  itemscope=\"itemscope\" itemtype=\"https:\/\/schema.org\/BlogPosting\" itemprop=\"blogPost\" ><div class='avia_textblock  '   itemprop=\"text\" ><p class=\"v1MsoNormal\" style=\"text-align: justify;\">En el contexto del mes del patrimonio cultural, la Corte de Apelaciones de Coyhaique invita a la comunidad a presenciar la exposici\u00f3n \u00abGentileza Art\u00edstica III\u00bb, del artista Cristi\u00e1n Rei\u00f1anco, alias Trist\u00e1n, quien expondr\u00e1 14 obras pict\u00f3ricas inspiradas en los estilos del neo romanticismo y del fen\u00f3meno de la ilustraci\u00f3n.<\/p>\n<p class=\"v1MsoNormal\" style=\"text-align: justify;\">Sobre esta exposici\u00f3n, el presidente del tribunal de alzada, ministro Jos\u00e9 Ignacio Mora, sostuvo que \u00abnuevamente la Corte de Apelaciones abre sus puertas para la segunda exposici\u00f3n de este a\u00f1o y esta vez fue el turno de Cristi\u00e1n Rei\u00f1anco, un joven artista regional que tiene una pasi\u00f3n por una \u00e9poca de nuestra historia que nos trasladar\u00e1 al\u00a0 romanticismo y el barroco. Son 14 obras que est\u00e1n expuestas en el hall de acceso de nuestro tribunal y realmente resultan interesantes y muy llamativas. As\u00ed que invit\u00f3 a toda la comunidad a acercarse hasta nuestro tribunal\u00bb.<\/p>\n<p class=\"v1MsoNormal\" style=\"text-align: justify;\">En tanto, el artista Cristi\u00e1n Rei\u00f1anco, quien se presenta bajo el seud\u00f3nimo \u00abTrist\u00e1n\u00bb,\u00a0 indic\u00f3 que \u00abinvito a la comunidad de Coyhaique y de sus sectores aleda\u00f1os, para dejarse auto retraer por el sentimentalismo art\u00edstico, as\u00ed que invito a aquellas almas a que vengan a presenciar esta exposici\u00f3n en sus diferentes estructuras, vanguardismo y nociones. Est\u00e1n cordialmente todos invitados\u00bb.<\/p>\n<p class=\"v1MsoNormal\" style=\"text-align: justify;\">Destacar que Trist\u00e1n, desde temprana edad, comenz\u00f3 a interesarse en las artes visuales, por medio del conocimiento de influencias del renacimiento, con artistas como Leonardo da Vinci, Caravaggio, Pedro Pablo Rubens, Rembrandt, Diego Vel\u00e1squez y Albert Durer, entre otros.<\/p>\n<p class=\"v1MsoNormal\" style=\"text-align: justify;\">La muestra \u00abGentileza Art\u00edstica III\u00bb estar\u00e1 abierta al p\u00fablico en Baquedano # 182, hasta el 18 de junio de 2023, de lunes a viernes de 08:00 a 16:00 horas y los s\u00e1bados de 09:00 a 12:00 horas.<\/p>\n<\/div><\/section><\/div><div  style='height:50px' class='hr hr-invisible   avia-builder-el-6  el_after_av_one_full  el_before_av_social_share '><span class='hr-inner ' ><span class='hr-inner-style'><\/span><\/span><\/div><\/p>\n<div  class='av-social-sharing-box  avia-builder-el-7  el_after_av_hr  el_before_av_hr  '><div class='av-share-box'><h5 class='av-share-link-description av-no-toc '>Compartir esta noticia<\/h5><ul class='av-share-box-list noLightbox'><li class='av-share-link av-social-link-facebook' ><a target=\"_blank\" aria-label=\"Compartir en Facebook\" href='https:\/\/www.facebook.com\/sharer.php?u=https:\/\/radiorevelacionfm.cl\/?p=31424&#038;t=Invitan%20a%20la%20comunidad%20a%20visitar%20exposici%C3%B3n%20%C2%ABGentileza%20Art%C3%ADstica%20III%C2%BB' aria-hidden='false' data-av_icon='\ue8f3' data-av_iconfont='entypo-fontello' title='' data-avia-related-tooltip='Compartir en Facebook' rel=\"noopener\"><span class='avia_hidden_link_text'>Compartir en Facebook<\/span><\/a><\/li><li class='av-share-link av-social-link-twitter' ><a target=\"_blank\" aria-label=\"Compartir en Twitter\" href='https:\/\/twitter.com\/share?text=Invitan%20a%20la%20comunidad%20a%20visitar%20exposici%C3%B3n%20%C2%ABGentileza%20Art%C3%ADstica%20III%C2%BB&#038;url=https:\/\/radiorevelacionfm.cl\/?p=31424' aria-hidden='false' data-av_icon='\ue8f1' data-av_iconfont='entypo-fontello' title='' data-avia-related-tooltip='Compartir en Twitter' rel=\"noopener\"><span class='avia_hidden_link_text'>Compartir en Twitter<\/span><\/a><\/li><li class='av-share-link av-social-link-whatsapp' ><a target=\"_blank\" aria-label=\"Compartir en Whatsapp\" href='https:\/\/api.whatsapp.com\/send?text=https:\/\/radiorevelacionfm.cl\/?p=31424' aria-hidden='false' data-av_icon='\uf232' data-av_iconfont='entypo-fontello' title='' data-avia-related-tooltip='Compartir en Whatsapp' rel=\"noopener\"><span class='avia_hidden_link_text'>Compartir en Whatsapp<\/span><\/a><\/li><li class='av-share-link av-social-link-linkedin' ><a target=\"_blank\" aria-label=\"Compartir en LinkedIn\" href='https:\/\/linkedin.com\/shareArticle?mini=true&#038;title=Invitan%20a%20la%20comunidad%20a%20visitar%20exposici%C3%B3n%20%C2%ABGentileza%20Art%C3%ADstica%20III%C2%BB&#038;url=https:\/\/radiorevelacionfm.cl\/?p=31424' aria-hidden='false' data-av_icon='\ue8fc' data-av_iconfont='entypo-fontello' title='' data-avia-related-tooltip='Compartir en LinkedIn' rel=\"noopener\"><span class='avia_hidden_link_text'>Compartir en LinkedIn<\/span><\/a><\/li><li class='av-share-link av-social-link-mail' ><a  aria-label=\"Compartir por correo\" href='mailto:?subject=Invitan%20a%20la%20comunidad%20a%20visitar%20exposici%C3%B3n%20%C2%ABGentileza%20Art%C3%ADstica%20III%C2%BB&#038;body=https:\/\/radiorevelacionfm.cl\/?p=31424' aria-hidden='false' data-av_icon='\ue805' data-av_iconfont='entypo-fontello' title='' data-avia-related-tooltip='Compartir por correo'><span class='avia_hidden_link_text'>Compartir por correo<\/span><\/a><\/li><\/ul><\/div><\/div>\n<div  style='height:50px' class='hr hr-invisible   avia-builder-el-8  el_after_av_social_share  el_before_av_comments_list '><span class='hr-inner ' ><span class='hr-inner-style'><\/span><\/span><\/div>\n<div  class='av-buildercomment  av-blog-meta-html-info-disabled av-blog-meta-tag-disabled  '><\/div>\n","protected":false},"excerpt":{"rendered":"","protected":false},"author":1,"featured_media":31425,"comment_status":"open","ping_status":"open","sticky":false,"template":"","format":"standard","meta":{"footnotes":""},"categories":[55],"tags":[],"class_list":["post-31424","post","type-post","status-publish","format-standard","has-post-thumbnail","hentry","category-justicia"],"jetpack_featured_media_url":"https:\/\/radiorevelacionfm.cl\/wp-content\/uploads\/2023\/05\/foto-5-exposicion-1_optimized.jpg","_links":{"self":[{"href":"https:\/\/radiorevelacionfm.cl\/index.php?rest_route=\/wp\/v2\/posts\/31424","targetHints":{"allow":["GET"]}}],"collection":[{"href":"https:\/\/radiorevelacionfm.cl\/index.php?rest_route=\/wp\/v2\/posts"}],"about":[{"href":"https:\/\/radiorevelacionfm.cl\/index.php?rest_route=\/wp\/v2\/types\/post"}],"author":[{"embeddable":true,"href":"https:\/\/radiorevelacionfm.cl\/index.php?rest_route=\/wp\/v2\/users\/1"}],"replies":[{"embeddable":true,"href":"https:\/\/radiorevelacionfm.cl\/index.php?rest_route=%2Fwp%2Fv2%2Fcomments&post=31424"}],"version-history":[{"count":1,"href":"https:\/\/radiorevelacionfm.cl\/index.php?rest_route=\/wp\/v2\/posts\/31424\/revisions"}],"predecessor-version":[{"id":31426,"href":"https:\/\/radiorevelacionfm.cl\/index.php?rest_route=\/wp\/v2\/posts\/31424\/revisions\/31426"}],"wp:featuredmedia":[{"embeddable":true,"href":"https:\/\/radiorevelacionfm.cl\/index.php?rest_route=\/wp\/v2\/media\/31425"}],"wp:attachment":[{"href":"https:\/\/radiorevelacionfm.cl\/index.php?rest_route=%2Fwp%2Fv2%2Fmedia&parent=31424"}],"wp:term":[{"taxonomy":"category","embeddable":true,"href":"https:\/\/radiorevelacionfm.cl\/index.php?rest_route=%2Fwp%2Fv2%2Fcategories&post=31424"},{"taxonomy":"post_tag","embeddable":true,"href":"https:\/\/radiorevelacionfm.cl\/index.php?rest_route=%2Fwp%2Fv2%2Ftags&post=31424"}],"curies":[{"name":"wp","href":"https:\/\/api.w.org\/{rel}","templated":true}]}}