{"id":31421,"date":"2023-05-29T10:56:52","date_gmt":"2023-05-29T13:56:52","guid":{"rendered":"https:\/\/radiorevelacionfm.cl\/?p=31421"},"modified":"2023-05-29T10:56:52","modified_gmt":"2023-05-29T13:56:52","slug":"plan-guaitecas-servicios-se-unen-para-definir-acciones-que-impulsen-el-desarrollo-de-melinka","status":"publish","type":"post","link":"https:\/\/radiorevelacionfm.cl\/?p=31421","title":{"rendered":"Plan Guaitecas: Servicios se unen para definir acciones que impulsen el desarrollo de Melinka"},"content":{"rendered":"<div class=\"flex_column av_one_full  flex_column_div av-zero-column-padding first  avia-builder-el-0  el_before_av_one_full  avia-builder-el-first  \" style='border-radius:0px; '><div  class='avia-image-container  av-styling-    avia-builder-el-1  avia-builder-el-no-sibling  avia-align-center '  itemprop=\"image\" itemscope=\"itemscope\" itemtype=\"https:\/\/schema.org\/ImageObject\"  ><div class='avia-image-container-inner'><div class='avia-image-overlay-wrap'><img decoding=\"async\" class='wp-image-31422 avia-img-lazy-loading-not-31422 avia_image' src=\"https:\/\/radiorevelacionfm.cl\/wp-content\/uploads\/2023\/05\/img-3657-1_optimized.jpg\" alt='' title='img-3657-(1)_optimized' height=\"600\" width=\"800\"  itemprop=\"thumbnailUrl\" srcset=\"https:\/\/radiorevelacionfm.cl\/wp-content\/uploads\/2023\/05\/img-3657-1_optimized.jpg 800w, https:\/\/radiorevelacionfm.cl\/wp-content\/uploads\/2023\/05\/img-3657-1_optimized-300x225.jpg 300w, https:\/\/radiorevelacionfm.cl\/wp-content\/uploads\/2023\/05\/img-3657-1_optimized-768x576.jpg 768w, https:\/\/radiorevelacionfm.cl\/wp-content\/uploads\/2023\/05\/img-3657-1_optimized-705x529.jpg 705w, https:\/\/radiorevelacionfm.cl\/wp-content\/uploads\/2023\/05\/img-3657-1_optimized-450x338.jpg 450w, https:\/\/radiorevelacionfm.cl\/wp-content\/uploads\/2023\/05\/img-3657-1_optimized-600x450.jpg 600w\" sizes=\"(max-width: 800px) 100vw, 800px\" \/><\/div><\/div><\/div><\/div><div class=\"flex_column av_one_full  flex_column_div av-zero-column-padding first  avia-builder-el-2  el_after_av_one_full  el_before_av_one_full  column-top-margin\" style='border-radius:0px; '><section class=\"av_textblock_section \"  itemscope=\"itemscope\" itemtype=\"https:\/\/schema.org\/BlogPosting\" itemprop=\"blogPost\" ><div class='avia_textblock  '   itemprop=\"text\" ><p style=\"text-align: center;\"><strong><span style=\"font-size: 18pt;\">Plan Guaitecas: Servicios se unen para definir acciones que impulsen el desarrollo de Melinka<\/span><\/strong><\/p>\n<div id=\"gtx-trans\" style=\"position: absolute; left: -50px; top: 4.31534px;\">\n<div class=\"gtx-trans-icon\"><\/div>\n<\/div>\n<\/div><\/section><\/div><div class=\"flex_column av_one_full  flex_column_div av-zero-column-padding first  avia-builder-el-4  el_after_av_one_full  el_before_av_hr  column-top-margin\" style='border-radius:0px; '><section class=\"av_textblock_section \"  itemscope=\"itemscope\" itemtype=\"https:\/\/schema.org\/BlogPosting\" itemprop=\"blogPost\" ><div class='avia_textblock  '   itemprop=\"text\" ><p style=\"text-align: justify;\">Con preocupaci\u00f3n por el desorden territorial con el cual ha crecido Melinka, capital de la comuna de Guaitecas; la Seremi de Bienes Nacionales, Irina Morend, convoc\u00f3 a su par de Vivienda, Paulina Ruz, encargado regional de Subdere, Guillermo Mart\u00ednez y al alcalde Marcos Silva, con el fin de poder conformar -por primera vez-, una mesa de trabajo netamente t\u00e9cnica, con el fin de poder definir acciones de corto, mediano\u00a0 y largo plazo, que sirvan como base para gestionar el desarrollo \u00f3ptimo del territorio aislado, y as\u00ed, contribuir en destrabar el problema que aqueja a las vecinas y vecinos, quienes, por ejemplo, no pueden regularizar la propiedad ra\u00edz debido a disposiciones administrativas que se relacionan directamente con el Plan Seccional de Melinka, instrumento de ordenamiento totalmente desactualizado y que claramente no conversa con el crecimiento actual de la isla.<\/p>\n<p style=\"text-align: justify;\"><strong>Conflicto territorial y el Plan Guaitecas<\/strong><\/p>\n<p style=\"text-align: justify;\">El instrumento de planificaci\u00f3n territorial que rige el orden y crecimiento de Melinka, se denomina Plan Seccional, cuya elaboraci\u00f3n data de noviembre de 1989, estando vigente desde febrero de 1990 mediante ordenanza especial donde se identifica el Plano que define su l\u00edmite urbano, zonificaci\u00f3n, usos de suelo, condiciones de subdivisi\u00f3n predial, de edificaci\u00f3n, de urbanizaci\u00f3n y vialidad. Para graficar el conflicto que se vive hace a\u00f1os en la localidad, se puede se\u00f1alar que muchas viviendas edificadas previamente a la data del seccional, fueron construidas en zonificaci\u00f3n definida para otros fines, contando con restricciones, lo que ha generado irregularidad sobre todo de construcciones para fines habitacionales. Es decir, el crecimiento se ha dado sin respetar el orden establecido en el \u00b489, el que no ponder\u00f3 aspectos como aumento de poblaci\u00f3n y sus demandas, lo que, adem\u00e1s, se suma a las ocupaciones ilegales de inmuebles fiscales.<\/p>\n<p style=\"text-align: justify;\">En ese sentido, la seremi de Bienes Nacionales contextualiz\u00f3 el conflicto territorial que complica a los habitantes de Melinka y tambi\u00e9n a organismos del Estado, cuya inversi\u00f3n no llega a la isla, precisamente por falta de suelo urbanizado y disponible que no se contraponga a restricciones. \u201cEs importante se\u00f1alar que como Ministerio, para poder regularizar la propiedad ra\u00edz, se requiere primero, realizar un diagn\u00f3stico de la situaci\u00f3n de la irregularidad, segundo, levantar restricciones del instrumento de planificaci\u00f3n territorial que impide regularizar, y tercero, urbanizar aquellas \u00e1reas que se pretende regularizar. Para el avance de regularizaci\u00f3n se requiere de la articulaci\u00f3n intersectorial, de esta mesa que hemos denominado Plan Guaitecas, con la cual nosotros seguiremos avanzando y tambi\u00e9n ampliaremos a otras instancias que tienen competencia y pueden colaborar con las estrategias de soluci\u00f3n\u201d, indic\u00f3 la autoridad, se\u00f1alando la importancia de la iniciativa, pues \u201cda cuenta de nuestro compromiso territorial, especialmente con las zonas aisladas, las cuales llevan mucho tiempo sin poder acceder a la propiedad de la tierra, y en el caso de Guaitecas, no solo por la ocupaci\u00f3n particular, familiar, sino que tambi\u00e9n, por la futura materializaci\u00f3n de proyectos para la comuna que hasta el momento no han podido avanzar precisamente porque a\u00fan no hemos podido resolver el tema de la regularizaci\u00f3n de la propiedad\u201d.<\/p>\n<p style=\"text-align: justify;\">La mesa t\u00e9cnica impulsada por Bienes Nacionales, Municipalidad, Subdere y Minvu, es solo el puntapi\u00e9 y ya ha definido acciones, es as\u00ed que en las pr\u00f3ximas semanas, se informar\u00e1 el levantamiento de diagn\u00f3stico con roles definidos y etapas de avance, con el objetivo de pensar en nuevos actores que puedan sumarse a la instancia.<\/p>\n<p style=\"text-align: justify;\">En ese sentido, el alcalde Marcos Silva coment\u00f3, \u201ctodos sabemos que tenemos un plano seccional que tiene un sinn\u00famero de restricciones, y hay que ir haciendo levantamiento que requiere de asistencias t\u00e9cnicas para ir dando soluciones, y paralelamente ir desarrollando un plan de desarrollo comunal integral, as\u00ed que ese es el sentido de poder sentar a distintos actores, para que todos de alguna manera tengamos la informaci\u00f3n y las cosas claras de qu\u00e9 nos corresponde a cada uno de nosotros y as\u00ed poder entregar desarrollo a nuestra comuna\u201d, sostuvo, resaltando adem\u00e1s el inter\u00e9s de las autoridades \u201cque est\u00e1n preocupadas de c\u00f3mo hoy en d\u00eda, Guaitecas, despu\u00e9s de tantos a\u00f1os toma este impulso que necesita para su ordenamiento para ir avanzando en distintas pol\u00edticas de desarrollo\u201d.<\/p>\n<p style=\"text-align: justify;\">Por su parte, Guillermo Mart\u00ednez, encargado regional de la Subsecretar\u00eda de Desarrollo Regional,\u00a0 destac\u00f3 la instancia \u201cpara poder analizar en profundidad las problem\u00e1ticas que existen en la localidad de Melinka y poder definir cu\u00e1les son los pasos para avanzar de cara a poder ir resolviendo algunos problemas como la propiedad de los habitantes, quienes a\u00fan tienen dificultades para lograr obtener un t\u00edtulo de dominio\u201d, resalt\u00f3 la autoridad, agregando que ya se han definido las primeras acciones, las que son lideradas por el equipo t\u00e9cnico de Bienes Nacionales y permitir\u00e1n definir funciones y aporte de cada sector inicialmente involucrado.<\/p>\n<p style=\"text-align: justify;\">Tras la instalaci\u00f3n de esta mesa, el pasado 23 de mayo, el jefe comunal de Guaitecas, agradeci\u00f3 la preocupaci\u00f3n de las autoridades \u201cagradecer a Irina, nuestra seremi de Bienes Nacionales quien ha sido impulsora en articular a las distintas entidades que hoy en d\u00eda est\u00e1n vinculadas a c\u00f3mo desarrollar este Plan Guaitecas. Es evidente que tenemos una serie de situaciones complejas que debemos abordar paulatinamente y paralelamente para desarrollar un plan comunal que permita entregar directrices de c\u00f3mo desarrollamos la comuna\u201d, destac\u00f3 Marcos Silva, a\u00f1adiendo que la asistencia t\u00e9cnica y recursos son importantes para que como Municipalidad puedan accionar, y por ello, destac\u00f3 igualmente la participaci\u00f3n de Subdere y Minvu.<\/p>\n<p style=\"text-align: justify;\">Finalmente, y tal como resalt\u00f3 Irina Morend, este trabajo se ampliar\u00e1 para unir a m\u00e1s actores, desarroll\u00e1ndose un ejemplo de articulaci\u00f3n intersectorial, el cual cuenta con la venia del Subsecretario de Desarrollo Regional y Administrativo, Subdere, Nicol\u00e1s Cataldo, quien destac\u00f3 la iniciativa, \u201cresaltando que, aunque los pasos son largos, hay que finalmente empezar a darlos, por eso estamos contentos de poder haber generado esta primera instancia de articulaci\u00f3n. Ojo, es importante tenerlo claro, que es un objetivo que se dar\u00e1 a corto, mediano y largo plazo como estrategia de soluci\u00f3n\u201d, finaliz\u00f3 la seremi de Bienes Nacionales.<\/p>\n<\/div><\/section><\/div><div  style='height:50px' class='hr hr-invisible   avia-builder-el-6  el_after_av_one_full  el_before_av_social_share '><span class='hr-inner ' ><span class='hr-inner-style'><\/span><\/span><\/div><\/p>\n<div  class='av-social-sharing-box  avia-builder-el-7  el_after_av_hr  el_before_av_hr  '><div class='av-share-box'><h5 class='av-share-link-description av-no-toc '>Compartir esta noticia<\/h5><ul class='av-share-box-list noLightbox'><li class='av-share-link av-social-link-facebook' ><a target=\"_blank\" aria-label=\"Compartir en Facebook\" href='https:\/\/www.facebook.com\/sharer.php?u=https:\/\/radiorevelacionfm.cl\/?p=31421&#038;t=Plan%20Guaitecas%3A%20Servicios%20se%20unen%20para%20definir%20acciones%20que%20impulsen%20el%20desarrollo%20de%20Melinka' aria-hidden='false' data-av_icon='\ue8f3' data-av_iconfont='entypo-fontello' title='' data-avia-related-tooltip='Compartir en Facebook' rel=\"noopener\"><span class='avia_hidden_link_text'>Compartir en Facebook<\/span><\/a><\/li><li class='av-share-link av-social-link-twitter' ><a target=\"_blank\" aria-label=\"Compartir en Twitter\" href='https:\/\/twitter.com\/share?text=Plan%20Guaitecas%3A%20Servicios%20se%20unen%20para%20definir%20acciones%20que%20impulsen%20el%20desarrollo%20de%20Melinka&#038;url=https:\/\/radiorevelacionfm.cl\/?p=31421' aria-hidden='false' data-av_icon='\ue8f1' data-av_iconfont='entypo-fontello' title='' data-avia-related-tooltip='Compartir en Twitter' rel=\"noopener\"><span class='avia_hidden_link_text'>Compartir en Twitter<\/span><\/a><\/li><li class='av-share-link av-social-link-whatsapp' ><a target=\"_blank\" aria-label=\"Compartir en Whatsapp\" href='https:\/\/api.whatsapp.com\/send?text=https:\/\/radiorevelacionfm.cl\/?p=31421' aria-hidden='false' data-av_icon='\uf232' data-av_iconfont='entypo-fontello' title='' data-avia-related-tooltip='Compartir en Whatsapp' rel=\"noopener\"><span class='avia_hidden_link_text'>Compartir en Whatsapp<\/span><\/a><\/li><li class='av-share-link av-social-link-linkedin' ><a target=\"_blank\" aria-label=\"Compartir en LinkedIn\" href='https:\/\/linkedin.com\/shareArticle?mini=true&#038;title=Plan%20Guaitecas%3A%20Servicios%20se%20unen%20para%20definir%20acciones%20que%20impulsen%20el%20desarrollo%20de%20Melinka&#038;url=https:\/\/radiorevelacionfm.cl\/?p=31421' aria-hidden='false' data-av_icon='\ue8fc' data-av_iconfont='entypo-fontello' title='' data-avia-related-tooltip='Compartir en LinkedIn' rel=\"noopener\"><span class='avia_hidden_link_text'>Compartir en LinkedIn<\/span><\/a><\/li><li class='av-share-link av-social-link-mail' ><a  aria-label=\"Compartir por correo\" href='mailto:?subject=Plan%20Guaitecas%3A%20Servicios%20se%20unen%20para%20definir%20acciones%20que%20impulsen%20el%20desarrollo%20de%20Melinka&#038;body=https:\/\/radiorevelacionfm.cl\/?p=31421' aria-hidden='false' data-av_icon='\ue805' data-av_iconfont='entypo-fontello' title='' data-avia-related-tooltip='Compartir por correo'><span class='avia_hidden_link_text'>Compartir por correo<\/span><\/a><\/li><\/ul><\/div><\/div>\n<div  style='height:50px' class='hr hr-invisible   avia-builder-el-8  el_after_av_social_share  el_before_av_comments_list '><span class='hr-inner ' ><span class='hr-inner-style'><\/span><\/span><\/div>\n<div  class='av-buildercomment  av-blog-meta-html-info-disabled av-blog-meta-tag-disabled  '><\/div>\n","protected":false},"excerpt":{"rendered":"","protected":false},"author":1,"featured_media":31422,"comment_status":"open","ping_status":"open","sticky":false,"template":"","format":"standard","meta":{"footnotes":""},"categories":[38],"tags":[],"class_list":["post-31421","post","type-post","status-publish","format-standard","has-post-thumbnail","hentry","category-regional"],"jetpack_featured_media_url":"https:\/\/radiorevelacionfm.cl\/wp-content\/uploads\/2023\/05\/img-3657-1_optimized.jpg","_links":{"self":[{"href":"https:\/\/radiorevelacionfm.cl\/index.php?rest_route=\/wp\/v2\/posts\/31421","targetHints":{"allow":["GET"]}}],"collection":[{"href":"https:\/\/radiorevelacionfm.cl\/index.php?rest_route=\/wp\/v2\/posts"}],"about":[{"href":"https:\/\/radiorevelacionfm.cl\/index.php?rest_route=\/wp\/v2\/types\/post"}],"author":[{"embeddable":true,"href":"https:\/\/radiorevelacionfm.cl\/index.php?rest_route=\/wp\/v2\/users\/1"}],"replies":[{"embeddable":true,"href":"https:\/\/radiorevelacionfm.cl\/index.php?rest_route=%2Fwp%2Fv2%2Fcomments&post=31421"}],"version-history":[{"count":1,"href":"https:\/\/radiorevelacionfm.cl\/index.php?rest_route=\/wp\/v2\/posts\/31421\/revisions"}],"predecessor-version":[{"id":31423,"href":"https:\/\/radiorevelacionfm.cl\/index.php?rest_route=\/wp\/v2\/posts\/31421\/revisions\/31423"}],"wp:featuredmedia":[{"embeddable":true,"href":"https:\/\/radiorevelacionfm.cl\/index.php?rest_route=\/wp\/v2\/media\/31422"}],"wp:attachment":[{"href":"https:\/\/radiorevelacionfm.cl\/index.php?rest_route=%2Fwp%2Fv2%2Fmedia&parent=31421"}],"wp:term":[{"taxonomy":"category","embeddable":true,"href":"https:\/\/radiorevelacionfm.cl\/index.php?rest_route=%2Fwp%2Fv2%2Fcategories&post=31421"},{"taxonomy":"post_tag","embeddable":true,"href":"https:\/\/radiorevelacionfm.cl\/index.php?rest_route=%2Fwp%2Fv2%2Ftags&post=31421"}],"curies":[{"name":"wp","href":"https:\/\/api.w.org\/{rel}","templated":true}]}}