{"id":31419,"date":"2023-05-28T19:07:15","date_gmt":"2023-05-28T22:07:15","guid":{"rendered":"https:\/\/radiorevelacionfm.cl\/?p=31419"},"modified":"2023-05-28T19:07:15","modified_gmt":"2023-05-28T22:07:15","slug":"tras-proceso-de-consulta-pescadores-ayseninos-aprobaron-extender-el-acuerdo-de-zonas-contiguas","status":"publish","type":"post","link":"https:\/\/radiorevelacionfm.cl\/?p=31419","title":{"rendered":"Tras proceso de consulta, pescadores ayseninos aprobaron extender el acuerdo de Zonas Contiguas"},"content":{"rendered":"<div class=\"flex_column av_one_full  flex_column_div av-zero-column-padding first  avia-builder-el-0  el_before_av_one_full  avia-builder-el-first  \" style='border-radius:0px; '><div  class='avia-image-container  av-styling-    avia-builder-el-1  avia-builder-el-no-sibling  avia-align-center '  itemprop=\"image\" itemscope=\"itemscope\" itemtype=\"https:\/\/schema.org\/ImageObject\"  ><div class='avia-image-container-inner'><div class='avia-image-overlay-wrap'><img decoding=\"async\" class='wp-image-27687 avia-img-lazy-loading-not-27687 avia_image' src=\"https:\/\/radiorevelacionfm.cl\/wp-content\/uploads\/2023\/02\/melinka-guaitecas_optimized.jpg\" alt='' title='melinka-guaitecas_optimized' height=\"600\" width=\"800\"  itemprop=\"thumbnailUrl\" srcset=\"https:\/\/radiorevelacionfm.cl\/wp-content\/uploads\/2023\/02\/melinka-guaitecas_optimized.jpg 800w, https:\/\/radiorevelacionfm.cl\/wp-content\/uploads\/2023\/02\/melinka-guaitecas_optimized-300x225.jpg 300w, https:\/\/radiorevelacionfm.cl\/wp-content\/uploads\/2023\/02\/melinka-guaitecas_optimized-768x576.jpg 768w, https:\/\/radiorevelacionfm.cl\/wp-content\/uploads\/2023\/02\/melinka-guaitecas_optimized-705x529.jpg 705w, https:\/\/radiorevelacionfm.cl\/wp-content\/uploads\/2023\/02\/melinka-guaitecas_optimized-600x450.jpg 600w\" sizes=\"(max-width: 800px) 100vw, 800px\" \/><\/div><\/div><\/div><\/div><div class=\"flex_column av_one_full  flex_column_div av-zero-column-padding first  avia-builder-el-2  el_after_av_one_full  el_before_av_one_full  column-top-margin\" style='border-radius:0px; '><section class=\"av_textblock_section \"  itemscope=\"itemscope\" itemtype=\"https:\/\/schema.org\/BlogPosting\" itemprop=\"blogPost\" ><div class='avia_textblock  '   itemprop=\"text\" ><p style=\"text-align: center;\"><strong><span style=\"font-size: 18pt;\">Tras proceso de consulta, pescadores ayseninos aprobaron extender el acuerdo de Zonas Contiguas <\/span><\/strong><\/p>\n<div id=\"gtx-trans\" style=\"position: absolute; left: -50px; top: 4.31534px;\">\n<div class=\"gtx-trans-icon\"><\/div>\n<\/div>\n<\/div><\/section><\/div><div class=\"flex_column av_one_full  flex_column_div av-zero-column-padding first  avia-builder-el-4  el_after_av_one_full  el_before_av_hr  column-top-margin\" style='border-radius:0px; '><section class=\"av_textblock_section \"  itemscope=\"itemscope\" itemtype=\"https:\/\/schema.org\/BlogPosting\" itemprop=\"blogPost\" ><div class='avia_textblock  '   itemprop=\"text\" ><p style=\"font-weight: 400; text-align: justify;\">En el marco de la consulta para aprobar o rechazar el\u00a0acuerdo que permite la extensi\u00f3n de operaciones de los buzos mariscadores de la Regi\u00f3n de los Lagos, en las coordenadas establecidas para la operaci\u00f3n de Zonas Contiguas, la direcci\u00f3n zonal de la Subsecretar\u00eda de Pesca y Acuicultura (Subpesca) de la Regi\u00f3n de Ays\u00e9n informa que los buzos mariscadores ayseninos\u00a0votaron por aprobar\u00a0renovar\u00a0esta medida, por lo que prontamente la subsecretar\u00eda emitir\u00e1 y publicar\u00e1 la resoluci\u00f3n para materializar esta renovaci\u00f3n.<\/p>\n<p style=\"font-weight: 400; text-align: justify;\">El director zonal Subpesca de Ays\u00e9n, Manuel P\u00e9rez, explic\u00f3 que este proceso,\u00a0regulado en el art\u00edculo N\u00b050 de la normativa vigente\u00a0y con el llamado cristalizado en\u00a0la Resoluci\u00f3n\u00a0Exenta\u00a0N\u00b0\u00a01156,\u00a0se desarroll\u00f3 entre los d\u00edas lunes 22 y mi\u00e9rcoles 24 de mayo\u00a0y\u00a0se llev\u00f3 a cabo en completa normalidad en los diferentes puntos de votaci\u00f3n.<\/p>\n<p style=\"font-weight: 400; text-align: justify;\">Adem\u00e1s,\u00a0P\u00e9rez indic\u00f3 que la instancia cont\u00f3 con una amplia participaci\u00f3n de los votantes habilitados\u00a0en relaci\u00f3n a procesos anteriores- 275 buzos mariscadores- de los cuales 210 concurrieron a votar, registr\u00e1ndose: 138 votos para aprobar y 72 para rechazar, lo cual representa una participaci\u00f3n del 76%.<\/p>\n<p style=\"font-weight: 400; text-align: justify;\">Finalmente, la autoridad regional agradeci\u00f3 y destac\u00f3 el apoyo, para el desarrollo del exitoso proceso de votaci\u00f3n, del Servicio Nacional de Pesca y Acuicultura\u00a0(Sernapesca;\u00a0Armada de Chile;\u00a0Carabineros de Chile; y las Ilustres Municipalidades de\u00a0Ays\u00e9n y\u00a0Guaitecas,\u00a0quienes\u00a0prestaron apoyo log\u00edstico\u00a0y seguridad en cada punto de votaci\u00f3n.<\/p>\n<\/div><\/section><\/div><div  style='height:50px' class='hr hr-invisible   avia-builder-el-6  el_after_av_one_full  el_before_av_social_share '><span class='hr-inner ' ><span class='hr-inner-style'><\/span><\/span><\/div><\/p>\n<div  class='av-social-sharing-box  avia-builder-el-7  el_after_av_hr  el_before_av_hr  '><div class='av-share-box'><h5 class='av-share-link-description av-no-toc '>Compartir esta noticia<\/h5><ul class='av-share-box-list noLightbox'><li class='av-share-link av-social-link-facebook' ><a target=\"_blank\" aria-label=\"Compartir en Facebook\" href='https:\/\/www.facebook.com\/sharer.php?u=https:\/\/radiorevelacionfm.cl\/?p=31419&#038;t=Tras%20proceso%20de%20consulta%2C%20pescadores%20ayseninos%20aprobaron%20extender%20el%20acuerdo%20de%20Zonas%20Contiguas' aria-hidden='false' data-av_icon='\ue8f3' data-av_iconfont='entypo-fontello' title='' data-avia-related-tooltip='Compartir en Facebook' rel=\"noopener\"><span class='avia_hidden_link_text'>Compartir en Facebook<\/span><\/a><\/li><li class='av-share-link av-social-link-twitter' ><a target=\"_blank\" aria-label=\"Compartir en Twitter\" href='https:\/\/twitter.com\/share?text=Tras%20proceso%20de%20consulta%2C%20pescadores%20ayseninos%20aprobaron%20extender%20el%20acuerdo%20de%20Zonas%20Contiguas&#038;url=https:\/\/radiorevelacionfm.cl\/?p=31419' aria-hidden='false' data-av_icon='\ue8f1' data-av_iconfont='entypo-fontello' title='' data-avia-related-tooltip='Compartir en Twitter' rel=\"noopener\"><span class='avia_hidden_link_text'>Compartir en Twitter<\/span><\/a><\/li><li class='av-share-link av-social-link-whatsapp' ><a target=\"_blank\" aria-label=\"Compartir en Whatsapp\" href='https:\/\/api.whatsapp.com\/send?text=https:\/\/radiorevelacionfm.cl\/?p=31419' aria-hidden='false' data-av_icon='\uf232' data-av_iconfont='entypo-fontello' title='' data-avia-related-tooltip='Compartir en Whatsapp' rel=\"noopener\"><span class='avia_hidden_link_text'>Compartir en Whatsapp<\/span><\/a><\/li><li class='av-share-link av-social-link-linkedin' ><a target=\"_blank\" aria-label=\"Compartir en LinkedIn\" href='https:\/\/linkedin.com\/shareArticle?mini=true&#038;title=Tras%20proceso%20de%20consulta%2C%20pescadores%20ayseninos%20aprobaron%20extender%20el%20acuerdo%20de%20Zonas%20Contiguas&#038;url=https:\/\/radiorevelacionfm.cl\/?p=31419' aria-hidden='false' data-av_icon='\ue8fc' data-av_iconfont='entypo-fontello' title='' data-avia-related-tooltip='Compartir en LinkedIn' rel=\"noopener\"><span class='avia_hidden_link_text'>Compartir en LinkedIn<\/span><\/a><\/li><li class='av-share-link av-social-link-mail' ><a  aria-label=\"Compartir por correo\" href='mailto:?subject=Tras%20proceso%20de%20consulta%2C%20pescadores%20ayseninos%20aprobaron%20extender%20el%20acuerdo%20de%20Zonas%20Contiguas&#038;body=https:\/\/radiorevelacionfm.cl\/?p=31419' aria-hidden='false' data-av_icon='\ue805' data-av_iconfont='entypo-fontello' title='' data-avia-related-tooltip='Compartir por correo'><span class='avia_hidden_link_text'>Compartir por correo<\/span><\/a><\/li><\/ul><\/div><\/div>\n<div  style='height:50px' class='hr hr-invisible   avia-builder-el-8  el_after_av_social_share  el_before_av_comments_list '><span class='hr-inner ' ><span class='hr-inner-style'><\/span><\/span><\/div>\n<div  class='av-buildercomment  av-blog-meta-html-info-disabled av-blog-meta-tag-disabled  '><\/div>\n","protected":false},"excerpt":{"rendered":"","protected":false},"author":1,"featured_media":27687,"comment_status":"open","ping_status":"open","sticky":false,"template":"","format":"standard","meta":{"footnotes":""},"categories":[60],"tags":[],"class_list":["post-31419","post","type-post","status-publish","format-standard","has-post-thumbnail","hentry","category-pesca"],"jetpack_featured_media_url":"https:\/\/radiorevelacionfm.cl\/wp-content\/uploads\/2023\/02\/melinka-guaitecas_optimized.jpg","_links":{"self":[{"href":"https:\/\/radiorevelacionfm.cl\/index.php?rest_route=\/wp\/v2\/posts\/31419","targetHints":{"allow":["GET"]}}],"collection":[{"href":"https:\/\/radiorevelacionfm.cl\/index.php?rest_route=\/wp\/v2\/posts"}],"about":[{"href":"https:\/\/radiorevelacionfm.cl\/index.php?rest_route=\/wp\/v2\/types\/post"}],"author":[{"embeddable":true,"href":"https:\/\/radiorevelacionfm.cl\/index.php?rest_route=\/wp\/v2\/users\/1"}],"replies":[{"embeddable":true,"href":"https:\/\/radiorevelacionfm.cl\/index.php?rest_route=%2Fwp%2Fv2%2Fcomments&post=31419"}],"version-history":[{"count":1,"href":"https:\/\/radiorevelacionfm.cl\/index.php?rest_route=\/wp\/v2\/posts\/31419\/revisions"}],"predecessor-version":[{"id":31420,"href":"https:\/\/radiorevelacionfm.cl\/index.php?rest_route=\/wp\/v2\/posts\/31419\/revisions\/31420"}],"wp:featuredmedia":[{"embeddable":true,"href":"https:\/\/radiorevelacionfm.cl\/index.php?rest_route=\/wp\/v2\/media\/27687"}],"wp:attachment":[{"href":"https:\/\/radiorevelacionfm.cl\/index.php?rest_route=%2Fwp%2Fv2%2Fmedia&parent=31419"}],"wp:term":[{"taxonomy":"category","embeddable":true,"href":"https:\/\/radiorevelacionfm.cl\/index.php?rest_route=%2Fwp%2Fv2%2Fcategories&post=31419"},{"taxonomy":"post_tag","embeddable":true,"href":"https:\/\/radiorevelacionfm.cl\/index.php?rest_route=%2Fwp%2Fv2%2Ftags&post=31419"}],"curies":[{"name":"wp","href":"https:\/\/api.w.org\/{rel}","templated":true}]}}