{"id":31416,"date":"2023-05-28T22:19:16","date_gmt":"2023-05-29T01:19:16","guid":{"rendered":"https:\/\/radiorevelacionfm.cl\/?p=31416"},"modified":"2023-05-28T22:19:16","modified_gmt":"2023-05-29T01:19:16","slug":"llaman-a-mujeres-de-la-comuna-de-coyhaique-a-postular-al-programa-mujer-emprende","status":"publish","type":"post","link":"https:\/\/radiorevelacionfm.cl\/?p=31416","title":{"rendered":"Llaman a mujeres de la comuna de Coyhaique a postular al programa Mujer Emprende"},"content":{"rendered":"<div class=\"flex_column av_one_full  flex_column_div av-zero-column-padding first  avia-builder-el-0  el_before_av_one_full  avia-builder-el-first  \" style='border-radius:0px; '><div  class='avia-image-container  av-styling-    avia-builder-el-1  avia-builder-el-no-sibling  avia-align-center '  itemprop=\"image\" itemscope=\"itemscope\" itemtype=\"https:\/\/schema.org\/ImageObject\"  ><div class='avia-image-container-inner'><div class='avia-image-overlay-wrap'><img decoding=\"async\" class='wp-image-31417 avia-img-lazy-loading-not-31417 avia_image' src=\"https:\/\/radiorevelacionfm.cl\/wp-content\/uploads\/2023\/05\/dsc_0134-1_optimized.jpg\" alt='' title='dsc_0134-(1)_optimized' height=\"600\" width=\"1015\"  itemprop=\"thumbnailUrl\" srcset=\"https:\/\/radiorevelacionfm.cl\/wp-content\/uploads\/2023\/05\/dsc_0134-1_optimized.jpg 1015w, https:\/\/radiorevelacionfm.cl\/wp-content\/uploads\/2023\/05\/dsc_0134-1_optimized-300x177.jpg 300w, https:\/\/radiorevelacionfm.cl\/wp-content\/uploads\/2023\/05\/dsc_0134-1_optimized-768x454.jpg 768w, https:\/\/radiorevelacionfm.cl\/wp-content\/uploads\/2023\/05\/dsc_0134-1_optimized-705x417.jpg 705w, https:\/\/radiorevelacionfm.cl\/wp-content\/uploads\/2023\/05\/dsc_0134-1_optimized-450x266.jpg 450w, https:\/\/radiorevelacionfm.cl\/wp-content\/uploads\/2023\/05\/dsc_0134-1_optimized-600x355.jpg 600w\" sizes=\"(max-width: 1015px) 100vw, 1015px\" \/><\/div><\/div><\/div><\/div><div class=\"flex_column av_one_full  flex_column_div av-zero-column-padding first  avia-builder-el-2  el_after_av_one_full  el_before_av_one_full  column-top-margin\" style='border-radius:0px; '><section class=\"av_textblock_section \"  itemscope=\"itemscope\" itemtype=\"https:\/\/schema.org\/BlogPosting\" itemprop=\"blogPost\" ><div class='avia_textblock  '   itemprop=\"text\" ><p style=\"text-align: center;\"><strong><span style=\"font-size: 18pt;\">Llaman a mujeres de la comuna de Coyhaique a postular al programa Mujer Emprende<\/span><\/strong><\/p>\n<div id=\"gtx-trans\" style=\"position: absolute; left: -50px; top: 4.31534px;\">\n<div class=\"gtx-trans-icon\"><\/div>\n<\/div>\n<\/div><\/section><\/div><div class=\"flex_column av_one_full  flex_column_div av-zero-column-padding first  avia-builder-el-4  el_after_av_one_full  el_before_av_hr  column-top-margin\" style='border-radius:0px; '><section class=\"av_textblock_section \"  itemscope=\"itemscope\" itemtype=\"https:\/\/schema.org\/BlogPosting\" itemprop=\"blogPost\" ><div class='avia_textblock  '   itemprop=\"text\" ><div>\n<p class=\"v1MsoNormal\" style=\"text-align: justify;\"><span lang=\"ES\">300 personas en los \u00faltimos 5 a\u00f1os, han sido beneficiadas por el programa Mujer Emprende del Servicio Nacional de la Mujer y la Equidad de G\u00e9nero, SernamEG, cuyo objetivo es garantizar el desarrollo continuo de los emprendimientos femeninos, entreg\u00e1ndoles herramientas t\u00e9cnicas y de gesti\u00f3n; a trav\u00e9s de 3 l\u00edneas de acci\u00f3n que comprenden una escuela, ferias y mentor\u00edas. Intervenci\u00f3n program\u00e1tica que, desde el retorno a la democracia, responde a la tarea prioritaria de la democratizaci\u00f3n y la modernizaci\u00f3n del pa\u00eds, asociadas a la necesidad de alcanzar mayor equidad social y de g\u00e9nero.<\/span><\/p>\n<p class=\"v1MsoNormal\" style=\"text-align: justify;\"><span lang=\"ES\">La Directora Regional (S) de SernamEG, Marta Godoy Carvajal, se refiri\u00f3 a la relevancia del modelo program\u00e1tico a nivel institucional, precisando que \u00abcomo Servicio tenemos la responsabilidad de promover la participaci\u00f3n de las mujeres en todos los espacios y fortalecer sus autonom\u00edas; en tal sentido, justamente este modelo program\u00e1tico sintoniza con la Agenda de G\u00e9nero que busca promocionar la autonom\u00eda econ\u00f3mica\u00bb.\u00a0<\/span><\/p>\n<p class=\"v1MsoNormal\" style=\"text-align: justify;\"><span lang=\"ES\">De acuerdo al \u00faltimo bolet\u00edn del Observatorio Laboral de Ays\u00e9n, correspondiente al mes de mayo de 2023, se registran 14.891 mujeres inactivas a nivel regional versus 8.526 hombres. En esa l\u00ednea, la autoridad regional puntualiz\u00f3 que \u00abel programa Mujer Emprende es una oportunidad concreta dirigida a las mujeres que tienen un negocio, para que reciban herramientas y conocimientos adecuados, que les permitan impulsar y fortalecer su emprendimiento. Inclusive pueden postular sin iniciaci\u00f3n de actividades, elemento diferenciador respecto a otras ofertas de otros organismos p\u00fablicos\u00bb.<\/span><\/p>\n<p class=\"v1MsoNormal\" style=\"text-align: justify;\"><b><span lang=\"ES\">TRAYECTORIA POSITIVA<\/span><\/b><\/p>\n<p class=\"v1MsoNormal\" style=\"text-align: justify;\">El programa Mujer Emprende potencia el crecimiento, viabilidad y sostenibilidad de los negocios de las emprendedoras. As\u00ed mismo, se favorece su acceso a espacios de formaci\u00f3n para generar nuevos canales de comercializaci\u00f3n. Por otro lado, p<span lang=\"ES\">rofesionalizar el emprendimiento, consolidar y profundizar conocimientos previos es parte del trabajo que realiza la Escuela Mujer Emprende, a trav\u00e9s del empoderamiento personal y relacional; lo que conduce al fortalecimiento de sus capacidades como emprendedoras.\u00a0 Para ello, el proceso de formaci\u00f3n incorpora un plan com\u00fan y uno diferenciado; que permite dar respuesta a las necesidades de los diversos perfiles de las emprendedoras. Las otras l\u00edneas de trabajo son el fomento de redes y asociatividad y acciones de gesti\u00f3n para el desarrollo de los emprendimientos.\u00a0\u00a0<\/span><\/p>\n<p class=\"v1MsoNormal\" style=\"text-align: justify;\"><span lang=\"ES\">Sobre su experiencia en la intervenci\u00f3n program\u00e1tica desde el a\u00f1o 2021, que le ha permitido ser parte de espacios de comercializaci\u00f3n y capacitaci\u00f3n para el fortalecimiento de sus habilidades blandas, Carla Tureuna Vidal, precis\u00f3 que \u00abme encant\u00f3, nada que decir sobre las tutoras; as\u00ed es que invito a todas las personas que quieran participar a que postulen, porque es una buena ayuda para las emprendedoras. Espero que todas las interesadas puedan ingresar, ya que muchas est\u00e1n interesadas y siempre hay alg\u00fan aprendizaje que incorporar\u00bb.\u00a0<\/span><\/p>\n<p class=\"v1MsoNormal\" style=\"text-align: justify;\">Pueden postular al programa Mujer Emprende mujeres de 18 a\u00f1os en adelante que cuenten con emprendimientos y\/o actividades productivas de al menos un a\u00f1o de antig\u00fcedad.\u00a0<span lang=\"ES\">Las interesadas pueden acercarse a la direcci\u00f3n regional de SernamEG, ubicada en Avenida Baquedano N\u00b0 257 en Coyhaique; de lunes a jueves, entre las 08:30 y las 12:30 horas y de 14:30 a 16:30 horas. \u00a0\u00a0<\/span><\/p>\n<\/div>\n<div style=\"text-align: justify;\"><\/div>\n<\/div><\/section><\/div><div  style='height:50px' class='hr hr-invisible   avia-builder-el-6  el_after_av_one_full  el_before_av_social_share '><span class='hr-inner ' ><span class='hr-inner-style'><\/span><\/span><\/div><\/p>\n<div  class='av-social-sharing-box  avia-builder-el-7  el_after_av_hr  el_before_av_hr  '><div class='av-share-box'><h5 class='av-share-link-description av-no-toc '>Compartir esta noticia<\/h5><ul class='av-share-box-list noLightbox'><li class='av-share-link av-social-link-facebook' ><a target=\"_blank\" aria-label=\"Compartir en Facebook\" href='https:\/\/www.facebook.com\/sharer.php?u=https:\/\/radiorevelacionfm.cl\/?p=31416&#038;t=Llaman%20a%20mujeres%20de%20la%20comuna%20de%20Coyhaique%20a%20postular%20al%20programa%20Mujer%20Emprende' aria-hidden='false' data-av_icon='\ue8f3' data-av_iconfont='entypo-fontello' title='' data-avia-related-tooltip='Compartir en Facebook' rel=\"noopener\"><span class='avia_hidden_link_text'>Compartir en Facebook<\/span><\/a><\/li><li class='av-share-link av-social-link-twitter' ><a target=\"_blank\" aria-label=\"Compartir en Twitter\" href='https:\/\/twitter.com\/share?text=Llaman%20a%20mujeres%20de%20la%20comuna%20de%20Coyhaique%20a%20postular%20al%20programa%20Mujer%20Emprende&#038;url=https:\/\/radiorevelacionfm.cl\/?p=31416' aria-hidden='false' data-av_icon='\ue8f1' data-av_iconfont='entypo-fontello' title='' data-avia-related-tooltip='Compartir en Twitter' rel=\"noopener\"><span class='avia_hidden_link_text'>Compartir en Twitter<\/span><\/a><\/li><li class='av-share-link av-social-link-whatsapp' ><a target=\"_blank\" aria-label=\"Compartir en Whatsapp\" href='https:\/\/api.whatsapp.com\/send?text=https:\/\/radiorevelacionfm.cl\/?p=31416' aria-hidden='false' data-av_icon='\uf232' data-av_iconfont='entypo-fontello' title='' data-avia-related-tooltip='Compartir en Whatsapp' rel=\"noopener\"><span class='avia_hidden_link_text'>Compartir en Whatsapp<\/span><\/a><\/li><li class='av-share-link av-social-link-linkedin' ><a target=\"_blank\" aria-label=\"Compartir en LinkedIn\" href='https:\/\/linkedin.com\/shareArticle?mini=true&#038;title=Llaman%20a%20mujeres%20de%20la%20comuna%20de%20Coyhaique%20a%20postular%20al%20programa%20Mujer%20Emprende&#038;url=https:\/\/radiorevelacionfm.cl\/?p=31416' aria-hidden='false' data-av_icon='\ue8fc' data-av_iconfont='entypo-fontello' title='' data-avia-related-tooltip='Compartir en LinkedIn' rel=\"noopener\"><span class='avia_hidden_link_text'>Compartir en LinkedIn<\/span><\/a><\/li><li class='av-share-link av-social-link-mail' ><a  aria-label=\"Compartir por correo\" href='mailto:?subject=Llaman%20a%20mujeres%20de%20la%20comuna%20de%20Coyhaique%20a%20postular%20al%20programa%20Mujer%20Emprende&#038;body=https:\/\/radiorevelacionfm.cl\/?p=31416' aria-hidden='false' data-av_icon='\ue805' data-av_iconfont='entypo-fontello' title='' data-avia-related-tooltip='Compartir por correo'><span class='avia_hidden_link_text'>Compartir por correo<\/span><\/a><\/li><\/ul><\/div><\/div>\n<div  style='height:50px' class='hr hr-invisible   avia-builder-el-8  el_after_av_social_share  el_before_av_comments_list '><span class='hr-inner ' ><span class='hr-inner-style'><\/span><\/span><\/div>\n<div  class='av-buildercomment  av-blog-meta-html-info-disabled av-blog-meta-tag-disabled  '><\/div>\n","protected":false},"excerpt":{"rendered":"","protected":false},"author":1,"featured_media":31417,"comment_status":"open","ping_status":"open","sticky":false,"template":"","format":"standard","meta":{"footnotes":""},"categories":[38],"tags":[],"class_list":["post-31416","post","type-post","status-publish","format-standard","has-post-thumbnail","hentry","category-regional"],"jetpack_featured_media_url":"https:\/\/radiorevelacionfm.cl\/wp-content\/uploads\/2023\/05\/dsc_0134-1_optimized.jpg","_links":{"self":[{"href":"https:\/\/radiorevelacionfm.cl\/index.php?rest_route=\/wp\/v2\/posts\/31416","targetHints":{"allow":["GET"]}}],"collection":[{"href":"https:\/\/radiorevelacionfm.cl\/index.php?rest_route=\/wp\/v2\/posts"}],"about":[{"href":"https:\/\/radiorevelacionfm.cl\/index.php?rest_route=\/wp\/v2\/types\/post"}],"author":[{"embeddable":true,"href":"https:\/\/radiorevelacionfm.cl\/index.php?rest_route=\/wp\/v2\/users\/1"}],"replies":[{"embeddable":true,"href":"https:\/\/radiorevelacionfm.cl\/index.php?rest_route=%2Fwp%2Fv2%2Fcomments&post=31416"}],"version-history":[{"count":1,"href":"https:\/\/radiorevelacionfm.cl\/index.php?rest_route=\/wp\/v2\/posts\/31416\/revisions"}],"predecessor-version":[{"id":31418,"href":"https:\/\/radiorevelacionfm.cl\/index.php?rest_route=\/wp\/v2\/posts\/31416\/revisions\/31418"}],"wp:featuredmedia":[{"embeddable":true,"href":"https:\/\/radiorevelacionfm.cl\/index.php?rest_route=\/wp\/v2\/media\/31417"}],"wp:attachment":[{"href":"https:\/\/radiorevelacionfm.cl\/index.php?rest_route=%2Fwp%2Fv2%2Fmedia&parent=31416"}],"wp:term":[{"taxonomy":"category","embeddable":true,"href":"https:\/\/radiorevelacionfm.cl\/index.php?rest_route=%2Fwp%2Fv2%2Fcategories&post=31416"},{"taxonomy":"post_tag","embeddable":true,"href":"https:\/\/radiorevelacionfm.cl\/index.php?rest_route=%2Fwp%2Fv2%2Ftags&post=31416"}],"curies":[{"name":"wp","href":"https:\/\/api.w.org\/{rel}","templated":true}]}}