{"id":31412,"date":"2023-05-29T13:45:41","date_gmt":"2023-05-29T16:45:41","guid":{"rendered":"https:\/\/radiorevelacionfm.cl\/?p=31412"},"modified":"2023-05-29T13:45:41","modified_gmt":"2023-05-29T16:45:41","slug":"seremi-de-educacion-realizo-la-cuenta-publica-de-su-gestion-destacando-avances-en-reactivacion-y-fortalecimiento-de-la-educacion-en-aysen","status":"publish","type":"post","link":"https:\/\/radiorevelacionfm.cl\/?p=31412","title":{"rendered":"Seremi de Educaci\u00f3n realiz\u00f3 la Cuenta P\u00fablica de su gesti\u00f3n destacando avances en Reactivaci\u00f3n y Fortalecimiento de la Educaci\u00f3n en Ays\u00e9n"},"content":{"rendered":"<div class=\"flex_column av_one_full  flex_column_div av-zero-column-padding first  avia-builder-el-0  el_before_av_one_full  avia-builder-el-first  \" style='border-radius:0px; '><div  class='avia-image-container  av-styling-    avia-builder-el-1  avia-builder-el-no-sibling  avia-align-center '  itemprop=\"image\" itemscope=\"itemscope\" itemtype=\"https:\/\/schema.org\/ImageObject\"  ><div class='avia-image-container-inner'><div class='avia-image-overlay-wrap'><img decoding=\"async\" class='wp-image-31414 avia-img-lazy-loading-not-31414 avia_image' src=\"https:\/\/radiorevelacionfm.cl\/wp-content\/uploads\/2023\/05\/Seremi1-1-1.jpg\" alt='' title='Seremi1 (1) (1)' height=\"600\" width=\"800\"  itemprop=\"thumbnailUrl\" srcset=\"https:\/\/radiorevelacionfm.cl\/wp-content\/uploads\/2023\/05\/Seremi1-1-1.jpg 800w, https:\/\/radiorevelacionfm.cl\/wp-content\/uploads\/2023\/05\/Seremi1-1-1-300x225.jpg 300w, https:\/\/radiorevelacionfm.cl\/wp-content\/uploads\/2023\/05\/Seremi1-1-1-768x576.jpg 768w, https:\/\/radiorevelacionfm.cl\/wp-content\/uploads\/2023\/05\/Seremi1-1-1-705x529.jpg 705w, https:\/\/radiorevelacionfm.cl\/wp-content\/uploads\/2023\/05\/Seremi1-1-1-450x338.jpg 450w, https:\/\/radiorevelacionfm.cl\/wp-content\/uploads\/2023\/05\/Seremi1-1-1-600x450.jpg 600w\" sizes=\"(max-width: 800px) 100vw, 800px\" \/><\/div><\/div><\/div><\/div><div class=\"flex_column av_one_full  flex_column_div av-zero-column-padding first  avia-builder-el-2  el_after_av_one_full  el_before_av_one_full  column-top-margin\" style='border-radius:0px; '><section class=\"av_textblock_section \"  itemscope=\"itemscope\" itemtype=\"https:\/\/schema.org\/BlogPosting\" itemprop=\"blogPost\" ><div class='avia_textblock  '   itemprop=\"text\" ><p style=\"text-align: center;\"><strong><span style=\"font-size: 18pt;\">Seremi de Educaci\u00f3n realiz\u00f3 la Cuenta P\u00fablica de su gesti\u00f3n destacando avances en Reactivaci\u00f3n y Fortalecimiento de la Educaci\u00f3n en Ays\u00e9n<\/span><\/strong><\/p>\n<div id=\"gtx-trans\" style=\"position: absolute; left: -50px; top: 4.31534px;\">\n<div class=\"gtx-trans-icon\"><\/div>\n<\/div>\n<\/div><\/section><\/div><div class=\"flex_column av_one_full  flex_column_div av-zero-column-padding first  avia-builder-el-4  el_after_av_one_full  el_before_av_hr  column-top-margin\" style='border-radius:0px; '><section class=\"av_textblock_section \"  itemscope=\"itemscope\" itemtype=\"https:\/\/schema.org\/BlogPosting\" itemprop=\"blogPost\" ><div class='avia_textblock  '   itemprop=\"text\" ><p class=\"v1MsoNormal\" style=\"text-align: justify;\"><span lang=\"ES-MX\">La seremi de Educaci\u00f3n de Ays\u00e9n Isabel Garrido Casassa realiz\u00f3 este viernes la Cuenta P\u00fablica Participativa 2022-2023, con los principales logros y avances implementados por la cartera durante el primer a\u00f1o de Gobierno.<\/span><\/p>\n<p class=\"v1MsoNormal\" style=\"text-align: justify;\"><span lang=\"ES-MX\">En la instancia, estuvo acompa\u00f1ada la Seremi de Gobierno Tatiana Pl\u00e1 \u00c1lvarez, el Jefe del Departamento Provincial de Educaci\u00f3n Yoal D\u00edaz, representantes de gremios, sostenedores, docentes, centros de padres, centros de\u00a0<\/span><span lang=\"ES-MX\">estudiantes\u00a0y funcionarios del\u00a0Ministerio de Educaci\u00f3n.<\/span><\/p>\n<p class=\"v1MsoNormal\" style=\"text-align: justify;\"><span lang=\"ES-MX\">En su exposici\u00f3n Isabel Garrido se\u00f1al\u00f3 que \u00abEl trabajo regional se sustenta en tres objetivos estrat\u00e9gicos: Impulsar un Plan de Reactivaci\u00f3n Educativa con una mirada integral y estrat\u00e9gica, que tenga en perspectiva la transformaci\u00f3n del sistema educativo. Fortalecer la Nueva Educaci\u00f3n P\u00fablica, apoyando la instalaci\u00f3n del Servicio Local de Educaci\u00f3n P\u00fablica de Ays\u00e9n; y Favorecer espacios de formaci\u00f3n para trabajadores y trabajadoras de la educaci\u00f3n de la Regi\u00f3n de Ays\u00e9n\u00bb.<\/span><\/p>\n<p class=\"v1MsoNormal\" style=\"text-align: justify;\"><span lang=\"ES-MX\">Detall\u00f3 que el Plan de Reactivaci\u00f3n Educativa se ha articulado en tres ejes: Convivencia y salud mental; Fortalecimiento de aprendizajes y Asistencia y Revinculacio\u0301n\u00a0<\/span><span lang=\"ES-MX\">educativa. \u00abPara hacernos cargo de la Reactivaci\u00f3n Educativa hemos destinado un presupuesto de m\u00e1s de $250 mil millones de pesos a nivel nacional\u00bb, agreg\u00f3\u00a0Isabel Garrido.<\/span><\/p>\n<p class=\"v1MsoNormal\" style=\"text-align: justify;\"><span lang=\"ES-MX\">\u00abA trav\u00e9s del primer eje estamos fortaleciendo a las comunidades educativas como espacios seguros y bien tratantes. Buscamos\u00a0 la mejora de la convivencia escolar, el<\/span><span lang=\"ES-MX\">\u00a0desarrollo socioemocional de los y las estudiantes y el bienestar de los equipos de trabajo. Para ello se implementaron las siguientes acciones: Programa \u00abA Convivir se Aprende\u00bb, \u00abMalet\u00edn socioemocional para educaci\u00f3n parvularia\u00bb, Programa \u00abHabilidades para la Vida\u00bb y Promoci\u00f3n de comunidades educativas inclusivas y no sexistas\u00bb.<\/span><\/p>\n<p class=\"v1MsoNormal\" style=\"text-align: justify;\"><span lang=\"ES-MX\">En el segundo eje se trabaj\u00f3 en el objetivo de aumentar el\u00a0 n\u00famero de estudiantes en nivel adecuado y elemental de aprendizajes, a trav\u00e9s del fortalecimiento de la acci\u00f3n pedag\u00f3gica de las comunidades educativas, poniendo a disposici\u00f3n recursos, estrategias curriculares y pedag\u00f3gicas, para cerrar brechas de aprendizaje.<\/span><\/p>\n<p class=\"v1MsoNormal\" style=\"text-align: justify;\"><span lang=\"ES-MX\">Las principales acciones fueron: Acompa\u00f1amiento educativo del Departamento Provincial de Educaci\u00f3n; Plan Estrategia Nacional de Lectura, Escritura y Comunicaci\u00f3n Integral, ENFLECI. Plan Nacional de Tutor\u00edas y Proyectos de equipamiento para Establecimientos de Educaci\u00f3n Media T\u00e9cnico-Profesional.<\/span><\/p>\n<p class=\"v1MsoNormal\" style=\"text-align: justify;\"><span lang=\"ES-MX\">\u00abDestacamos que en las cuatro provincias de la regi\u00f3n se realizaron ferias literarias (Cochrane, Ma\u00f1ihuales, Coyhaique y Puerto Ib\u00e1\u00f1ez), con obras de teatro y conversatorios; y en el Plan Nacional de Tutor\u00edas en alianza con el Campus Patagonia de la Universidad Austral de Chile, 15 tutoras y tutores trabajaron en 6 establecimientos, acompa\u00f1ando a 55 estudiantes de ense\u00f1anza b\u00e1sica. Este a\u00f1o se est\u00e1 convocando a 20 mil voluntarios y voluntarias en el pa\u00eds para que apoyen la labor docente siendo tutores de estudiantes de 2\u00ba a 4\u00ba b\u00e1sico que requieren apoyo. En la regi\u00f3n ya contamos con 71 inscritos y esperamos llegar a 109\u00bb, puntualiz\u00f3.<\/span><\/p>\n<p class=\"v1MsoNormal\" style=\"text-align: justify;\"><span lang=\"ES-MX\">El tercer eje del plan tiene como objetivo garantizar integralmente las trayectorias educativas de ni\u00f1os, ni\u00f1as, adolescentes y adultos, para potenciar su v\u00ednculo con el sistema educativo. Siendo las acciones desarrolladas en esta\u00a0 l\u00ednea las siguientes: Env\u00edo de reportes peri\u00f3dicos a escuelas. Mesa Provincial de Trayectorias Educativas, y Estrategia territorial de revinculaci\u00f3n y asistencia.<\/span><\/p>\n<p class=\"v1MsoNormal\" style=\"text-align: justify;\"><span lang=\"ES-MX\">Un segundo objetivo estrat\u00e9gico de la gesti\u00f3n regional es fortalecer la Educaci\u00f3n P\u00fablica porque es el instrumento con que nos dotamos como sociedad para garantizar el derecho a la educaci\u00f3n de nuestra poblaci\u00f3n.<\/span><\/p>\n<p class=\"v1MsoNormal\" style=\"text-align: justify;\"><span lang=\"ES-MX\">\u00abEl Servicio Local de Educaci\u00f3n P\u00fablica Ays\u00e9n recibir\u00e1 a las escuelas el 1 de enero de 2024. Para que ello ocurra en buena forma estamos trabajando en el mejoramiento de la infraestructura y equipamiento de las escuelas p\u00fablicas de la Regi\u00f3n de Ays\u00e9n. Paras ello firmamos un convenio de colaboraci\u00f3n para apoyar la instalaci\u00f3n del SLEP Ays\u00e9n.\u00a0<\/span><span lang=\"ES-MX\">Adem\u00e1s, hemos\u00a0aprobado las iniciativas de los municipios de Aysen e Ib\u00e1\u00f1ez de ampliar de\u00a0la cobertura escolar en zonas aisladas, la ense\u00f1anza media en Puerto Aguirre y creando el s\u00e9ptimo y octavo\u00a0 b\u00e1sico en Puerto S\u00e1nchez\u00bb.<\/span><\/p>\n<p class=\"v1MsoNormal\" style=\"text-align: justify;\"><span lang=\"ES-MX\">En materia de mejoramiento de infraestructura escolar, en la Convocatoria de fondos de emergencia, 2022 han sido beneficiados con fondos 6 establecimientos: Liceo Polit\u00e9cnico Ays\u00e9n M$ 477.437, Liceo Ra\u00fal Broussain C. M$ 246.139, Escuela Ays\u00e9n M$\u00a0 218.156., Liceo Josefina Aguirre M$\u00a0 280.500, Escuela Baquedano M$ 104.862, Escuela Luis Bravo B. M$ 30.025. En total se asignaron un total de M$ 1.357.121. En la Convocatoria 2023 Convocatoria de conservaci\u00f3n, 2023 se ha dispuesto un Fondo sectorial por M$ 9.030.000 para la postulaci\u00f3n de sostenedores municipales. Proyectos en revisi\u00f3n. Adem\u00e1s, el Fondo de Apoyo a la Educaci\u00f3n P\u00fablica FAEP 2023 tiene un aumento de un 19% en el financiamiento basal a las escuelas a trav\u00e9s del Fondo de Apoyo a la Educaci\u00f3n P\u00fablica 2023, disponiendo un total regional de M$ 1.241.237.<\/span><\/p>\n<p class=\"v1MsoNormal\" style=\"text-align: justify;\"><span lang=\"ES-MX\">\u00abEn nuestro tercer objetivo estrat\u00e9gico estamos articulando espacios de formaci\u00f3n continua para los trabajadores y trabajadoras de la educaci\u00f3n. En Ays\u00e9n esto se concreta con acciones de formaci\u00f3n docente contenidas en el Plan Regional de Educaci\u00f3n, entre ellas una pasant\u00eda al Liceo Bicentenario de Excelencia Polivalente San Nicol\u00e1s, Regi\u00f3n de \u00d1uble, Inversi\u00f3n de M$ 44.350 en capacitaciones docentes en \u00e1reas de ingl\u00e9s, Educaci\u00f3n Intercultural Biling\u00fce, bases curriculares, referentes curriculares de educaci\u00f3n parvularia, medio ambiente y cambio clim\u00e1tico, entre otras\u00bb.<\/span><\/p>\n<p class=\"v1MsoNormal\" style=\"text-align: justify;\"><span lang=\"ES-MX\">Al concluir su cuenta p\u00fablica la Seremi Isabel Garrido valor\u00f3 la participaci\u00f3n de la comunidad escolar en este acto de transparencia.<\/span><\/p>\n<p class=\"v1MsoNormal\" style=\"text-align: justify;\"><span lang=\"ES-MX\">\u00abEn esta exposici\u00f3n hemos querido compartir algunos de los hitos de este a\u00f1o de trabajo para dar cumplimiento al mandato del Presidente Gabriel Boric<\/span><span lang=\"ES-MX\">,\u00a0que nos ha pedido reactivar los aprendizajes, fortalecer la educaci\u00f3n p\u00fablica y proveer espacios de capacitaci\u00f3n de las y los trabajadores de la educaci\u00f3n. Fue un a\u00f1o muy desafiante, pero con muchos logros importantes que esperamos las y los asistentes a esta cuenta p\u00fablica compartan nuestra apreciaci\u00f3n\u00bb.<\/span><\/p>\n<p class=\"v1MsoNormal\" style=\"text-align: justify;\"><span lang=\"ES-MX\">Por su parte, la Seremi de Gobierno Tatiana Pl\u00e1, quien represent\u00f3 al Delegado Presidencial Regional Rodrigo Araya destac\u00f3 los avances regionales de la cartera.<\/span><\/p>\n<p class=\"v1MsoNormal\" style=\"text-align: justify;\"><span lang=\"ES-MX\">\u00abEstamos concluyendo un ciclo de cuentas p\u00fablicas sectoriales en las que se ha hecho participe a la comunidad. Hay grandes avances y mucho trabajo en el plan de reactivaci\u00f3n educativa que est\u00e1 desplegando el gobierno del Presidente Gabriel Boric en la regi\u00f3n y hoy han podido conocerlos por ejemplo los dirigentes estudiantiles que asistieron y que muchas veces no est\u00e1n informados de nuestra gesti\u00f3n\u00bb.<\/span><\/p>\n<p class=\"v1MsoNormal\" style=\"text-align: justify;\"><span lang=\"ES-MX\">En esa misma l\u00ednea, la estudiante Carla Aynol, dirigente del Centro de\u00a0<\/span><span lang=\"ES-MX\">Estudiantes\u00a0del Colegio Mater Dei se\u00f1al\u00f3: \u00abAgradecemos que nos hagan part\u00edcipes de esta cuenta p\u00fablica porque representamos a los estudiantes, los cuales no siempre tenemos acceso a informaci\u00f3n de lo que hacen los ministerios y somos los directamente involucrados con los resultados de esta gesti\u00f3n. Por ello, se valora este espacio de informaci\u00f3n para resolver nuestras dudas\u00bb.<\/span><\/p>\n<\/div><\/section><\/div><div  style='height:50px' class='hr hr-invisible   avia-builder-el-6  el_after_av_one_full  el_before_av_social_share '><span class='hr-inner ' ><span class='hr-inner-style'><\/span><\/span><\/div><\/p>\n<div  class='av-social-sharing-box  avia-builder-el-7  el_after_av_hr  el_before_av_hr  '><div class='av-share-box'><h5 class='av-share-link-description av-no-toc '>Compartir esta noticia<\/h5><ul class='av-share-box-list noLightbox'><li class='av-share-link av-social-link-facebook' ><a target=\"_blank\" aria-label=\"Compartir en Facebook\" href='https:\/\/www.facebook.com\/sharer.php?u=https:\/\/radiorevelacionfm.cl\/?p=31412&#038;t=Seremi%20de%20Educaci%C3%B3n%20realiz%C3%B3%20la%20Cuenta%20P%C3%BAblica%20de%20su%20gesti%C3%B3n%20destacando%20avances%20en%20Reactivaci%C3%B3n%20y%20Fortalecimiento%20de%20la%20Educaci%C3%B3n%20en%20Ays%C3%A9n' aria-hidden='false' data-av_icon='\ue8f3' data-av_iconfont='entypo-fontello' title='' data-avia-related-tooltip='Compartir en Facebook' rel=\"noopener\"><span class='avia_hidden_link_text'>Compartir en Facebook<\/span><\/a><\/li><li class='av-share-link av-social-link-twitter' ><a target=\"_blank\" aria-label=\"Compartir en Twitter\" href='https:\/\/twitter.com\/share?text=Seremi%20de%20Educaci%C3%B3n%20realiz%C3%B3%20la%20Cuenta%20P%C3%BAblica%20de%20su%20gesti%C3%B3n%20destacando%20avances%20en%20Reactivaci%C3%B3n%20y%20Fortalecimiento%20de%20la%20Educaci%C3%B3n%20en%20Ays%C3%A9n&#038;url=https:\/\/radiorevelacionfm.cl\/?p=31412' aria-hidden='false' data-av_icon='\ue8f1' data-av_iconfont='entypo-fontello' title='' data-avia-related-tooltip='Compartir en Twitter' rel=\"noopener\"><span class='avia_hidden_link_text'>Compartir en Twitter<\/span><\/a><\/li><li class='av-share-link av-social-link-whatsapp' ><a target=\"_blank\" aria-label=\"Compartir en Whatsapp\" href='https:\/\/api.whatsapp.com\/send?text=https:\/\/radiorevelacionfm.cl\/?p=31412' aria-hidden='false' data-av_icon='\uf232' data-av_iconfont='entypo-fontello' title='' data-avia-related-tooltip='Compartir en Whatsapp' rel=\"noopener\"><span class='avia_hidden_link_text'>Compartir en Whatsapp<\/span><\/a><\/li><li class='av-share-link av-social-link-linkedin' ><a target=\"_blank\" aria-label=\"Compartir en LinkedIn\" href='https:\/\/linkedin.com\/shareArticle?mini=true&#038;title=Seremi%20de%20Educaci%C3%B3n%20realiz%C3%B3%20la%20Cuenta%20P%C3%BAblica%20de%20su%20gesti%C3%B3n%20destacando%20avances%20en%20Reactivaci%C3%B3n%20y%20Fortalecimiento%20de%20la%20Educaci%C3%B3n%20en%20Ays%C3%A9n&#038;url=https:\/\/radiorevelacionfm.cl\/?p=31412' aria-hidden='false' data-av_icon='\ue8fc' data-av_iconfont='entypo-fontello' title='' data-avia-related-tooltip='Compartir en LinkedIn' rel=\"noopener\"><span class='avia_hidden_link_text'>Compartir en LinkedIn<\/span><\/a><\/li><li class='av-share-link av-social-link-mail' ><a  aria-label=\"Compartir por correo\" href='mailto:?subject=Seremi%20de%20Educaci%C3%B3n%20realiz%C3%B3%20la%20Cuenta%20P%C3%BAblica%20de%20su%20gesti%C3%B3n%20destacando%20avances%20en%20Reactivaci%C3%B3n%20y%20Fortalecimiento%20de%20la%20Educaci%C3%B3n%20en%20Ays%C3%A9n&#038;body=https:\/\/radiorevelacionfm.cl\/?p=31412' aria-hidden='false' data-av_icon='\ue805' data-av_iconfont='entypo-fontello' title='' data-avia-related-tooltip='Compartir por correo'><span class='avia_hidden_link_text'>Compartir por correo<\/span><\/a><\/li><\/ul><\/div><\/div>\n<div  style='height:50px' class='hr hr-invisible   avia-builder-el-8  el_after_av_social_share  el_before_av_comments_list '><span class='hr-inner ' ><span class='hr-inner-style'><\/span><\/span><\/div>\n<div  class='av-buildercomment  av-blog-meta-html-info-disabled av-blog-meta-tag-disabled  '><\/div>\n","protected":false},"excerpt":{"rendered":"","protected":false},"author":1,"featured_media":31414,"comment_status":"open","ping_status":"open","sticky":false,"template":"","format":"standard","meta":{"footnotes":""},"categories":[49],"tags":[],"class_list":["post-31412","post","type-post","status-publish","format-standard","has-post-thumbnail","hentry","category-educacion"],"jetpack_featured_media_url":"https:\/\/radiorevelacionfm.cl\/wp-content\/uploads\/2023\/05\/Seremi1-1-1.jpg","_links":{"self":[{"href":"https:\/\/radiorevelacionfm.cl\/index.php?rest_route=\/wp\/v2\/posts\/31412","targetHints":{"allow":["GET"]}}],"collection":[{"href":"https:\/\/radiorevelacionfm.cl\/index.php?rest_route=\/wp\/v2\/posts"}],"about":[{"href":"https:\/\/radiorevelacionfm.cl\/index.php?rest_route=\/wp\/v2\/types\/post"}],"author":[{"embeddable":true,"href":"https:\/\/radiorevelacionfm.cl\/index.php?rest_route=\/wp\/v2\/users\/1"}],"replies":[{"embeddable":true,"href":"https:\/\/radiorevelacionfm.cl\/index.php?rest_route=%2Fwp%2Fv2%2Fcomments&post=31412"}],"version-history":[{"count":1,"href":"https:\/\/radiorevelacionfm.cl\/index.php?rest_route=\/wp\/v2\/posts\/31412\/revisions"}],"predecessor-version":[{"id":31415,"href":"https:\/\/radiorevelacionfm.cl\/index.php?rest_route=\/wp\/v2\/posts\/31412\/revisions\/31415"}],"wp:featuredmedia":[{"embeddable":true,"href":"https:\/\/radiorevelacionfm.cl\/index.php?rest_route=\/wp\/v2\/media\/31414"}],"wp:attachment":[{"href":"https:\/\/radiorevelacionfm.cl\/index.php?rest_route=%2Fwp%2Fv2%2Fmedia&parent=31412"}],"wp:term":[{"taxonomy":"category","embeddable":true,"href":"https:\/\/radiorevelacionfm.cl\/index.php?rest_route=%2Fwp%2Fv2%2Fcategories&post=31412"},{"taxonomy":"post_tag","embeddable":true,"href":"https:\/\/radiorevelacionfm.cl\/index.php?rest_route=%2Fwp%2Fv2%2Ftags&post=31412"}],"curies":[{"name":"wp","href":"https:\/\/api.w.org\/{rel}","templated":true}]}}