{"id":31409,"date":"2023-05-28T18:22:57","date_gmt":"2023-05-28T21:22:57","guid":{"rendered":"https:\/\/radiorevelacionfm.cl\/?p=31409"},"modified":"2023-05-28T18:22:57","modified_gmt":"2023-05-28T21:22:57","slug":"con-desfile-civico-militar-celebran-58-anos-de-la-comuna-de-cisnes","status":"publish","type":"post","link":"https:\/\/radiorevelacionfm.cl\/?p=31409","title":{"rendered":"Con desfile c\u00edvico militar celebran 58 a\u00f1os de la comuna de Cisnes"},"content":{"rendered":"<div class=\"flex_column av_one_full  flex_column_div av-zero-column-padding first  avia-builder-el-0  el_before_av_one_full  avia-builder-el-first  \" style='border-radius:0px; '><div  class='avia-image-container  av-styling-    avia-builder-el-1  avia-builder-el-no-sibling  avia-align-center '  itemprop=\"image\" itemscope=\"itemscope\" itemtype=\"https:\/\/schema.org\/ImageObject\"  ><div class='avia-image-container-inner'><div class='avia-image-overlay-wrap'><img decoding=\"async\" class='wp-image-31410 avia-img-lazy-loading-not-31410 avia_image' src=\"https:\/\/radiorevelacionfm.cl\/wp-content\/uploads\/2023\/05\/desfile-aniversario-comuna-16-1_optimized-1.jpg\" alt='' title='desfile-aniversario-comuna-16-(1)_optimized (1)' height=\"600\" width=\"1067\"  itemprop=\"thumbnailUrl\" srcset=\"https:\/\/radiorevelacionfm.cl\/wp-content\/uploads\/2023\/05\/desfile-aniversario-comuna-16-1_optimized-1.jpg 1067w, https:\/\/radiorevelacionfm.cl\/wp-content\/uploads\/2023\/05\/desfile-aniversario-comuna-16-1_optimized-1-300x169.jpg 300w, https:\/\/radiorevelacionfm.cl\/wp-content\/uploads\/2023\/05\/desfile-aniversario-comuna-16-1_optimized-1-1030x579.jpg 1030w, https:\/\/radiorevelacionfm.cl\/wp-content\/uploads\/2023\/05\/desfile-aniversario-comuna-16-1_optimized-1-768x432.jpg 768w, https:\/\/radiorevelacionfm.cl\/wp-content\/uploads\/2023\/05\/desfile-aniversario-comuna-16-1_optimized-1-705x396.jpg 705w, https:\/\/radiorevelacionfm.cl\/wp-content\/uploads\/2023\/05\/desfile-aniversario-comuna-16-1_optimized-1-450x253.jpg 450w, https:\/\/radiorevelacionfm.cl\/wp-content\/uploads\/2023\/05\/desfile-aniversario-comuna-16-1_optimized-1-600x337.jpg 600w\" sizes=\"(max-width: 1067px) 100vw, 1067px\" \/><\/div><\/div><\/div><\/div><div class=\"flex_column av_one_full  flex_column_div av-zero-column-padding first  avia-builder-el-2  el_after_av_one_full  el_before_av_one_full  column-top-margin\" style='border-radius:0px; '><section class=\"av_textblock_section \"  itemscope=\"itemscope\" itemtype=\"https:\/\/schema.org\/BlogPosting\" itemprop=\"blogPost\" ><div class='avia_textblock  '   itemprop=\"text\" ><p style=\"text-align: center;\"><strong><span style=\"font-size: 18pt;\">Con desfile c\u00edvico militar celebran 58 a\u00f1os de la comuna de Cisnes<\/span><\/strong><\/p>\n<div id=\"gtx-trans\" style=\"position: absolute; left: -50px; top: 4.31534px;\">\n<div class=\"gtx-trans-icon\"><\/div>\n<\/div>\n<\/div><\/section><\/div><div class=\"flex_column av_one_full  flex_column_div av-zero-column-padding first  avia-builder-el-4  el_after_av_one_full  el_before_av_hr  column-top-margin\" style='border-radius:0px; '><section class=\"av_textblock_section \"  itemscope=\"itemscope\" itemtype=\"https:\/\/schema.org\/BlogPosting\" itemprop=\"blogPost\" ><div class='avia_textblock  '   itemprop=\"text\" ><p style=\"text-align: justify;\">La Plaza de Puerto Cisnes fue el lugar de encuentro de las Fuerzas Armadas, organizaciones sociales, voluntariados y establecimientos educacionales que se sumaron al desfile en homenaje a los 58 a\u00f1os de la comuna.<\/p>\n<p style=\"text-align: justify;\">A esta ceremonia llegaron autoridades regionales, provinciales y comunales, encabezadas por el Alcalde Francisco Roncagliolo Lepio, quien puso en valor la historia que posee el territorio y a la vez agradeci\u00f3 a quienes participaron de esta jornada.<\/p>\n<p style=\"text-align: justify;\">\u201cEn lo particular muy contento, muy agradecido por la presencia de nuestros vecinos, tambi\u00e9n de todas las personas que fueron parte de este desfile c\u00edvico \u2013 militar. El objetivo y el sentido nuestro esta en reconocer la historia que tiene nuestra comuna, no solamente de la formaci\u00f3n por decreto, sino que todo lo que signific\u00f3 antes, de todas las personas que llegaron con mucho tiempo de anticipaci\u00f3n ac\u00e1 y empezaron a colonizar y hacer patria en estos sectores tan aislados. Adem\u00e1s, hoy se nos presentan m\u00faltiples desaf\u00edos como comuna, por ejemplo, el cuidado de nuestro litoral, hoy tenemos hartas amenazas que debemos enfrentar de buena forma y en unidad. Eso tambi\u00e9n es parte de la din\u00e1mica que nos hemos planteado como administraci\u00f3n, lo que tenemos que pensar es, en la proyecci\u00f3n de la comuna de Cisnes hacia el futuro\u201d.<\/p>\n<p style=\"text-align: justify;\">Roncagliolo, junto con relevar el permanente trabajo con la comunidad y sus organizaciones, destac\u00f3 la labor de los funcionarios municipales. Reconociendo igualmente que hay que cosas que se pueden mejorar, pensando en el beneficio y apoyo a la propia ciudadan\u00eda.<\/p>\n<p style=\"text-align: justify;\">\u201cAgradecer tambi\u00e9n a todos nuestros funcionarios, a las personas que hacen posible que la municipalidad tambi\u00e9n se mueva, eso de repente queda postergado cuando hay cosas que faltan, cosas que fallan. Pero decirle a la comunidad, nos podemos equivocar, nos hemos equivocado m\u00e1s de una oportunidad, pero el sentimiento final siempre va en generar beneficios y apoyo a nuestra comunidad, estar siempre presente en lo que m\u00e1s se pueda. Tenemos una base social importante dentro de la gesti\u00f3n, por lo tanto, siempre estamos ah\u00ed cuando alguien lo requiere, as\u00ed es que, a seguir trabajando juntos, a seguir proyectando la comuna de Cisnes. Agradecido de la gente, de las familias que se quedaron aqu\u00ed en la comuna hace mucho tiempo atr\u00e1s y hoy d\u00eda tambi\u00e9n, porque son la base de avanzar hacia el futuro en una comuna tan linda como esta\u201d, indic\u00f3, el Alcalde de la comuna de Cisnes, Francisco Roncagliolo.<\/p>\n<p style=\"text-align: justify;\">A la ceremonia asistieron los Concejales, Ximena Ar\u00e9valo, Carlos Vald\u00e9s, Francisco Abarca, se excusaron de no estar presentes, el Concejal Larry Lectcher y la Consejera Regional Paola Rodr\u00edguez, a quienes el Alcalde Roncagliolo agradeci\u00f3 la deferencia y permanente apoyo a la actual gesti\u00f3n municipal en bien de la comunidad.<\/p>\n<\/div><\/section><\/div><div  style='height:50px' class='hr hr-invisible   avia-builder-el-6  el_after_av_one_full  el_before_av_social_share '><span class='hr-inner ' ><span class='hr-inner-style'><\/span><\/span><\/div><\/p>\n<div  class='av-social-sharing-box  avia-builder-el-7  el_after_av_hr  el_before_av_hr  '><div class='av-share-box'><h5 class='av-share-link-description av-no-toc '>Compartir esta noticia<\/h5><ul class='av-share-box-list noLightbox'><li class='av-share-link av-social-link-facebook' ><a target=\"_blank\" aria-label=\"Compartir en Facebook\" href='https:\/\/www.facebook.com\/sharer.php?u=https:\/\/radiorevelacionfm.cl\/?p=31409&#038;t=Con%20desfile%20c%C3%ADvico%20militar%20celebran%2058%20a%C3%B1os%20de%20la%20comuna%20de%20Cisnes' aria-hidden='false' data-av_icon='\ue8f3' data-av_iconfont='entypo-fontello' title='' data-avia-related-tooltip='Compartir en Facebook' rel=\"noopener\"><span class='avia_hidden_link_text'>Compartir en Facebook<\/span><\/a><\/li><li class='av-share-link av-social-link-twitter' ><a target=\"_blank\" aria-label=\"Compartir en Twitter\" href='https:\/\/twitter.com\/share?text=Con%20desfile%20c%C3%ADvico%20militar%20celebran%2058%20a%C3%B1os%20de%20la%20comuna%20de%20Cisnes&#038;url=https:\/\/radiorevelacionfm.cl\/?p=31409' aria-hidden='false' data-av_icon='\ue8f1' data-av_iconfont='entypo-fontello' title='' data-avia-related-tooltip='Compartir en Twitter' rel=\"noopener\"><span class='avia_hidden_link_text'>Compartir en Twitter<\/span><\/a><\/li><li class='av-share-link av-social-link-whatsapp' ><a target=\"_blank\" aria-label=\"Compartir en Whatsapp\" href='https:\/\/api.whatsapp.com\/send?text=https:\/\/radiorevelacionfm.cl\/?p=31409' aria-hidden='false' data-av_icon='\uf232' data-av_iconfont='entypo-fontello' title='' data-avia-related-tooltip='Compartir en Whatsapp' rel=\"noopener\"><span class='avia_hidden_link_text'>Compartir en Whatsapp<\/span><\/a><\/li><li class='av-share-link av-social-link-linkedin' ><a target=\"_blank\" aria-label=\"Compartir en LinkedIn\" href='https:\/\/linkedin.com\/shareArticle?mini=true&#038;title=Con%20desfile%20c%C3%ADvico%20militar%20celebran%2058%20a%C3%B1os%20de%20la%20comuna%20de%20Cisnes&#038;url=https:\/\/radiorevelacionfm.cl\/?p=31409' aria-hidden='false' data-av_icon='\ue8fc' data-av_iconfont='entypo-fontello' title='' data-avia-related-tooltip='Compartir en LinkedIn' rel=\"noopener\"><span class='avia_hidden_link_text'>Compartir en LinkedIn<\/span><\/a><\/li><li class='av-share-link av-social-link-mail' ><a  aria-label=\"Compartir por correo\" href='mailto:?subject=Con%20desfile%20c%C3%ADvico%20militar%20celebran%2058%20a%C3%B1os%20de%20la%20comuna%20de%20Cisnes&#038;body=https:\/\/radiorevelacionfm.cl\/?p=31409' aria-hidden='false' data-av_icon='\ue805' data-av_iconfont='entypo-fontello' title='' data-avia-related-tooltip='Compartir por correo'><span class='avia_hidden_link_text'>Compartir por correo<\/span><\/a><\/li><\/ul><\/div><\/div>\n<div  style='height:50px' class='hr hr-invisible   avia-builder-el-8  el_after_av_social_share  el_before_av_comments_list '><span class='hr-inner ' ><span class='hr-inner-style'><\/span><\/span><\/div>\n<div  class='av-buildercomment  av-blog-meta-html-info-disabled av-blog-meta-tag-disabled  '><\/div>\n","protected":false},"excerpt":{"rendered":"","protected":false},"author":1,"featured_media":31410,"comment_status":"open","ping_status":"open","sticky":false,"template":"","format":"standard","meta":{"footnotes":""},"categories":[38],"tags":[],"class_list":["post-31409","post","type-post","status-publish","format-standard","has-post-thumbnail","hentry","category-regional"],"jetpack_featured_media_url":"https:\/\/radiorevelacionfm.cl\/wp-content\/uploads\/2023\/05\/desfile-aniversario-comuna-16-1_optimized-1.jpg","_links":{"self":[{"href":"https:\/\/radiorevelacionfm.cl\/index.php?rest_route=\/wp\/v2\/posts\/31409","targetHints":{"allow":["GET"]}}],"collection":[{"href":"https:\/\/radiorevelacionfm.cl\/index.php?rest_route=\/wp\/v2\/posts"}],"about":[{"href":"https:\/\/radiorevelacionfm.cl\/index.php?rest_route=\/wp\/v2\/types\/post"}],"author":[{"embeddable":true,"href":"https:\/\/radiorevelacionfm.cl\/index.php?rest_route=\/wp\/v2\/users\/1"}],"replies":[{"embeddable":true,"href":"https:\/\/radiorevelacionfm.cl\/index.php?rest_route=%2Fwp%2Fv2%2Fcomments&post=31409"}],"version-history":[{"count":1,"href":"https:\/\/radiorevelacionfm.cl\/index.php?rest_route=\/wp\/v2\/posts\/31409\/revisions"}],"predecessor-version":[{"id":31411,"href":"https:\/\/radiorevelacionfm.cl\/index.php?rest_route=\/wp\/v2\/posts\/31409\/revisions\/31411"}],"wp:featuredmedia":[{"embeddable":true,"href":"https:\/\/radiorevelacionfm.cl\/index.php?rest_route=\/wp\/v2\/media\/31410"}],"wp:attachment":[{"href":"https:\/\/radiorevelacionfm.cl\/index.php?rest_route=%2Fwp%2Fv2%2Fmedia&parent=31409"}],"wp:term":[{"taxonomy":"category","embeddable":true,"href":"https:\/\/radiorevelacionfm.cl\/index.php?rest_route=%2Fwp%2Fv2%2Fcategories&post=31409"},{"taxonomy":"post_tag","embeddable":true,"href":"https:\/\/radiorevelacionfm.cl\/index.php?rest_route=%2Fwp%2Fv2%2Ftags&post=31409"}],"curies":[{"name":"wp","href":"https:\/\/api.w.org\/{rel}","templated":true}]}}