{"id":31405,"date":"2023-05-29T11:57:56","date_gmt":"2023-05-29T14:57:56","guid":{"rendered":"https:\/\/radiorevelacionfm.cl\/?p=31405"},"modified":"2023-05-29T11:57:56","modified_gmt":"2023-05-29T14:57:56","slug":"efectos-de-la-contaminacion-en-adultos-mayores-y-recomendaciones-para-protegerse","status":"publish","type":"post","link":"https:\/\/radiorevelacionfm.cl\/?p=31405","title":{"rendered":"Efectos de la contaminaci\u00f3n en adultos mayores y recomendaciones para protegerse"},"content":{"rendered":"<div class=\"flex_column av_one_full  flex_column_div av-zero-column-padding first  avia-builder-el-0  el_before_av_one_full  avia-builder-el-first  \" style='border-radius:0px; '><div  class='avia-image-container  av-styling-    avia-builder-el-1  avia-builder-el-no-sibling  avia-align-center '  itemprop=\"image\" itemscope=\"itemscope\" itemtype=\"https:\/\/schema.org\/ImageObject\"  ><div class='avia-image-container-inner'><div class='avia-image-overlay-wrap'><img decoding=\"async\" class='wp-image-4849 avia-img-lazy-loading-not-4849 avia_image' src=\"https:\/\/radiorevelacionfm.cl\/wp-content\/uploads\/2021\/06\/Contaminacion-SUR-1-1.jpg\" alt='' title='Contaminacion SUR (1) (1)' height=\"600\" width=\"977\"  itemprop=\"thumbnailUrl\" srcset=\"https:\/\/radiorevelacionfm.cl\/wp-content\/uploads\/2021\/06\/Contaminacion-SUR-1-1.jpg 977w, https:\/\/radiorevelacionfm.cl\/wp-content\/uploads\/2021\/06\/Contaminacion-SUR-1-1-300x184.jpg 300w, https:\/\/radiorevelacionfm.cl\/wp-content\/uploads\/2021\/06\/Contaminacion-SUR-1-1-768x472.jpg 768w, https:\/\/radiorevelacionfm.cl\/wp-content\/uploads\/2021\/06\/Contaminacion-SUR-1-1-705x433.jpg 705w, https:\/\/radiorevelacionfm.cl\/wp-content\/uploads\/2021\/06\/Contaminacion-SUR-1-1-600x368.jpg 600w\" sizes=\"(max-width: 977px) 100vw, 977px\" \/><\/div><\/div><\/div><\/div><div class=\"flex_column av_one_full  flex_column_div av-zero-column-padding first  avia-builder-el-2  el_after_av_one_full  el_before_av_one_full  column-top-margin\" style='border-radius:0px; '><section class=\"av_textblock_section \"  itemscope=\"itemscope\" itemtype=\"https:\/\/schema.org\/BlogPosting\" itemprop=\"blogPost\" ><div class='avia_textblock  '   itemprop=\"text\" ><p style=\"text-align: center;\"><span style=\"font-size: 18pt;\"><strong>Efectos de la contaminaci\u00f3n en adultos mayores y recomendaciones para protegerse <\/strong><\/span><\/p>\n<div id=\"gtx-trans\" style=\"position: absolute; left: -50px; top: 4.31534px;\">\n<div class=\"gtx-trans-icon\"><\/div>\n<\/div>\n<\/div><\/section><\/div><div class=\"flex_column av_one_full  flex_column_div av-zero-column-padding first  avia-builder-el-4  el_after_av_one_full  el_before_av_hr  column-top-margin\" style='border-radius:0px; '><section class=\"av_textblock_section \"  itemscope=\"itemscope\" itemtype=\"https:\/\/schema.org\/BlogPosting\" itemprop=\"blogPost\" ><div class='avia_textblock  '   itemprop=\"text\" ><p style=\"text-align: justify;\">El alto nivel de material particulado en el aire durante la \u00e9poca de invierno, por los diferentes tipos de calefacci\u00f3n, transporte, entre otros, genera efectos nocivos para la salud de todas las personas. Pero, especialmente en adultos mayores el panorama es a\u00fan m\u00e1s complejo, debido a que la exposici\u00f3n constante a la contaminaci\u00f3n se relaciona con un aceleramiento del envejecimiento celular, demencia y Alzheimer, como tambi\u00e9n con enfermedades respiratorias como asma, enfisema pulmonar y bronquitis cr\u00f3nica.<\/p>\n<p style=\"text-align: justify;\">Seg\u00fan Mar\u00eda Ignacia Varas, enfermera, \u201clos adultos mayores son mucho m\u00e1s propensos a verse afectados ante un ambiente contaminante, debido al deterioro propio de su edad\u201d.<\/p>\n<p style=\"text-align: justify;\">\u201cEs necesario que las personas de la tercera y cuarta edad tomen ciertas precauciones frente a escenarios de alta contaminaci\u00f3n para protegerse de sus efectos\u201d, recalca la profesional.<\/p>\n<p style=\"text-align: justify;\"><strong>-Alertas ambientales: <\/strong>Se debe estar atento a los avisos respecto a la calidad del aire. \u201cSi es que se presentan altos niveles de material particulado, intente posponer sus actividades al aire libre y en lo posible mantenerse en espacios interiores, especialmente si padece de afecciones pulmonares o cardiacas\u201d, indica la enfermera. En el caso de que requiera salir, \u201cse sugiere utilizar mascarilla para disminuir el ingreso de material particulado\u201d se\u00f1ala Varas.<\/p>\n<p style=\"text-align: justify;\">&#8211;<strong>Reducir los contaminantes:<\/strong> Es necesario no generar m\u00e1s contaminantes dentro del hogar, por lo que la especialista recomienda \u201cno fumar en interiores, mantener un aseo correcto del hogar, evitando el polvo y la caspa de mascotas\u201d.<\/p>\n<p style=\"text-align: justify;\">&#8211;<strong>Precauciones con la calefacci\u00f3n:<\/strong> La profesional se\u00f1ala que en el caso de utilizar parafina para calefaccionarse, \u201cse sugiere que su uso no se prolongue por muchas horas, el encendido y apagado sea fuera del lugar donde se habita y que se realice constante mantenci\u00f3n\u201d agregando que \u201cprivilegiar el uso de calefactor no contaminante como los el\u00e9ctricos\u201d.<\/p>\n<p style=\"text-align: justify;\"><strong>-Ventilaci\u00f3n:<\/strong> En d\u00edas que la calidad del aire mejore, la enfermera reitera que \u201ces importante ventilar el hogar, abriendo puertas y ventanas para as\u00ed permitir una buena circulaci\u00f3n de aire limpio\u201d.<\/p>\n<p style=\"text-align: justify;\">&#8211; <strong>Cuidar la visi\u00f3n<\/strong>: El aire contaminante tambi\u00e9n puede afectar la visi\u00f3n llegando a provocar incluso una conjuntivitis. \u201cUna manera de protegerse ante esta situaci\u00f3n, es utilizar anteojos de sol cuando las condiciones del aire no sean \u00f3ptimas, evitando as\u00ed la irritaci\u00f3n de los ojos\u201d.<\/p>\n<\/div><\/section><\/div><div  style='height:50px' class='hr hr-invisible   avia-builder-el-6  el_after_av_one_full  el_before_av_social_share '><span class='hr-inner ' ><span class='hr-inner-style'><\/span><\/span><\/div><\/p>\n<div  class='av-social-sharing-box  avia-builder-el-7  el_after_av_hr  el_before_av_hr  '><div class='av-share-box'><h5 class='av-share-link-description av-no-toc '>Compartir esta noticia<\/h5><ul class='av-share-box-list noLightbox'><li class='av-share-link av-social-link-facebook' ><a target=\"_blank\" aria-label=\"Compartir en Facebook\" href='https:\/\/www.facebook.com\/sharer.php?u=https:\/\/radiorevelacionfm.cl\/?p=31405&#038;t=Efectos%20de%20la%20contaminaci%C3%B3n%20en%20adultos%20mayores%20y%20recomendaciones%20para%20protegerse' aria-hidden='false' data-av_icon='\ue8f3' data-av_iconfont='entypo-fontello' title='' data-avia-related-tooltip='Compartir en Facebook' rel=\"noopener\"><span class='avia_hidden_link_text'>Compartir en Facebook<\/span><\/a><\/li><li class='av-share-link av-social-link-twitter' ><a target=\"_blank\" aria-label=\"Compartir en Twitter\" href='https:\/\/twitter.com\/share?text=Efectos%20de%20la%20contaminaci%C3%B3n%20en%20adultos%20mayores%20y%20recomendaciones%20para%20protegerse&#038;url=https:\/\/radiorevelacionfm.cl\/?p=31405' aria-hidden='false' data-av_icon='\ue8f1' data-av_iconfont='entypo-fontello' title='' data-avia-related-tooltip='Compartir en Twitter' rel=\"noopener\"><span class='avia_hidden_link_text'>Compartir en Twitter<\/span><\/a><\/li><li class='av-share-link av-social-link-whatsapp' ><a target=\"_blank\" aria-label=\"Compartir en Whatsapp\" href='https:\/\/api.whatsapp.com\/send?text=https:\/\/radiorevelacionfm.cl\/?p=31405' aria-hidden='false' data-av_icon='\uf232' data-av_iconfont='entypo-fontello' title='' data-avia-related-tooltip='Compartir en Whatsapp' rel=\"noopener\"><span class='avia_hidden_link_text'>Compartir en Whatsapp<\/span><\/a><\/li><li class='av-share-link av-social-link-linkedin' ><a target=\"_blank\" aria-label=\"Compartir en LinkedIn\" href='https:\/\/linkedin.com\/shareArticle?mini=true&#038;title=Efectos%20de%20la%20contaminaci%C3%B3n%20en%20adultos%20mayores%20y%20recomendaciones%20para%20protegerse&#038;url=https:\/\/radiorevelacionfm.cl\/?p=31405' aria-hidden='false' data-av_icon='\ue8fc' data-av_iconfont='entypo-fontello' title='' data-avia-related-tooltip='Compartir en LinkedIn' rel=\"noopener\"><span class='avia_hidden_link_text'>Compartir en LinkedIn<\/span><\/a><\/li><li class='av-share-link av-social-link-mail' ><a  aria-label=\"Compartir por correo\" href='mailto:?subject=Efectos%20de%20la%20contaminaci%C3%B3n%20en%20adultos%20mayores%20y%20recomendaciones%20para%20protegerse&#038;body=https:\/\/radiorevelacionfm.cl\/?p=31405' aria-hidden='false' data-av_icon='\ue805' data-av_iconfont='entypo-fontello' title='' data-avia-related-tooltip='Compartir por correo'><span class='avia_hidden_link_text'>Compartir por correo<\/span><\/a><\/li><\/ul><\/div><\/div>\n<div  style='height:50px' class='hr hr-invisible   avia-builder-el-8  el_after_av_social_share  el_before_av_comments_list '><span class='hr-inner ' ><span class='hr-inner-style'><\/span><\/span><\/div>\n<div  class='av-buildercomment  av-blog-meta-html-info-disabled av-blog-meta-tag-disabled  '><\/div>\n","protected":false},"excerpt":{"rendered":"","protected":false},"author":1,"featured_media":4849,"comment_status":"open","ping_status":"open","sticky":false,"template":"","format":"standard","meta":{"footnotes":""},"categories":[46],"tags":[],"class_list":["post-31405","post","type-post","status-publish","format-standard","has-post-thumbnail","hentry","category-salud"],"jetpack_featured_media_url":"https:\/\/radiorevelacionfm.cl\/wp-content\/uploads\/2021\/06\/Contaminacion-SUR-1-1.jpg","_links":{"self":[{"href":"https:\/\/radiorevelacionfm.cl\/index.php?rest_route=\/wp\/v2\/posts\/31405","targetHints":{"allow":["GET"]}}],"collection":[{"href":"https:\/\/radiorevelacionfm.cl\/index.php?rest_route=\/wp\/v2\/posts"}],"about":[{"href":"https:\/\/radiorevelacionfm.cl\/index.php?rest_route=\/wp\/v2\/types\/post"}],"author":[{"embeddable":true,"href":"https:\/\/radiorevelacionfm.cl\/index.php?rest_route=\/wp\/v2\/users\/1"}],"replies":[{"embeddable":true,"href":"https:\/\/radiorevelacionfm.cl\/index.php?rest_route=%2Fwp%2Fv2%2Fcomments&post=31405"}],"version-history":[{"count":1,"href":"https:\/\/radiorevelacionfm.cl\/index.php?rest_route=\/wp\/v2\/posts\/31405\/revisions"}],"predecessor-version":[{"id":31406,"href":"https:\/\/radiorevelacionfm.cl\/index.php?rest_route=\/wp\/v2\/posts\/31405\/revisions\/31406"}],"wp:featuredmedia":[{"embeddable":true,"href":"https:\/\/radiorevelacionfm.cl\/index.php?rest_route=\/wp\/v2\/media\/4849"}],"wp:attachment":[{"href":"https:\/\/radiorevelacionfm.cl\/index.php?rest_route=%2Fwp%2Fv2%2Fmedia&parent=31405"}],"wp:term":[{"taxonomy":"category","embeddable":true,"href":"https:\/\/radiorevelacionfm.cl\/index.php?rest_route=%2Fwp%2Fv2%2Fcategories&post=31405"},{"taxonomy":"post_tag","embeddable":true,"href":"https:\/\/radiorevelacionfm.cl\/index.php?rest_route=%2Fwp%2Fv2%2Ftags&post=31405"}],"curies":[{"name":"wp","href":"https:\/\/api.w.org\/{rel}","templated":true}]}}