{"id":31399,"date":"2023-05-27T21:17:57","date_gmt":"2023-05-28T00:17:57","guid":{"rendered":"https:\/\/radiorevelacionfm.cl\/?p=31399"},"modified":"2023-05-27T21:17:57","modified_gmt":"2023-05-28T00:17:57","slug":"proyecto-permitira-mejorar-las-graderias-y-camarines-del-estadio-de-melinka","status":"publish","type":"post","link":"https:\/\/radiorevelacionfm.cl\/?p=31399","title":{"rendered":"Proyecto permitir\u00e1 mejorar las grader\u00edas y camarines del estadio de Melinka"},"content":{"rendered":"<div class=\"flex_column av_one_full  flex_column_div av-zero-column-padding first  avia-builder-el-0  el_before_av_one_full  avia-builder-el-first  \" style='border-radius:0px; '><div  class='avia-image-container  av-styling-    avia-builder-el-1  avia-builder-el-no-sibling  avia-align-center '  itemprop=\"image\" itemscope=\"itemscope\" itemtype=\"https:\/\/schema.org\/ImageObject\"  ><div class='avia-image-container-inner'><div class='avia-image-overlay-wrap'><img decoding=\"async\" class='wp-image-31400 avia-img-lazy-loading-not-31400 avia_image' src=\"https:\/\/radiorevelacionfm.cl\/wp-content\/uploads\/2023\/05\/IMG-20230512-WA0005-1-1.jpg\" alt='' title='IMG-20230512-WA0005 (1) (1)' height=\"600\" width=\"800\"  itemprop=\"thumbnailUrl\" srcset=\"https:\/\/radiorevelacionfm.cl\/wp-content\/uploads\/2023\/05\/IMG-20230512-WA0005-1-1.jpg 800w, https:\/\/radiorevelacionfm.cl\/wp-content\/uploads\/2023\/05\/IMG-20230512-WA0005-1-1-300x225.jpg 300w, https:\/\/radiorevelacionfm.cl\/wp-content\/uploads\/2023\/05\/IMG-20230512-WA0005-1-1-768x576.jpg 768w, https:\/\/radiorevelacionfm.cl\/wp-content\/uploads\/2023\/05\/IMG-20230512-WA0005-1-1-705x529.jpg 705w, https:\/\/radiorevelacionfm.cl\/wp-content\/uploads\/2023\/05\/IMG-20230512-WA0005-1-1-450x338.jpg 450w, https:\/\/radiorevelacionfm.cl\/wp-content\/uploads\/2023\/05\/IMG-20230512-WA0005-1-1-600x450.jpg 600w\" sizes=\"(max-width: 800px) 100vw, 800px\" \/><\/div><\/div><\/div><\/div><div class=\"flex_column av_one_full  flex_column_div av-zero-column-padding first  avia-builder-el-2  el_after_av_one_full  el_before_av_one_full  column-top-margin\" style='border-radius:0px; '><section class=\"av_textblock_section \"  itemscope=\"itemscope\" itemtype=\"https:\/\/schema.org\/BlogPosting\" itemprop=\"blogPost\" ><div class='avia_textblock  '   itemprop=\"text\" ><p style=\"text-align: center;\"><strong><span style=\"font-size: 18pt;\">Proyecto permitir\u00e1 mejorar las grader\u00edas y camarines del estadio de Melinka<\/span><\/strong><\/p>\n<div id=\"gtx-trans\" style=\"position: absolute; left: -50px; top: 4.31534px;\">\n<div class=\"gtx-trans-icon\"><\/div>\n<\/div>\n<\/div><\/section><\/div><div class=\"flex_column av_one_full  flex_column_div av-zero-column-padding first  avia-builder-el-4  el_after_av_one_full  el_before_av_hr  column-top-margin\" style='border-radius:0px; '><section class=\"av_textblock_section \"  itemscope=\"itemscope\" itemtype=\"https:\/\/schema.org\/BlogPosting\" itemprop=\"blogPost\" ><div class='avia_textblock  '   itemprop=\"text\" ><p style=\"text-align: justify;\">Se trata de un proyecto que se podr\u00e1 abordar tras la culminaci\u00f3n de una iniciativa que permiti\u00f3 renovar el cierre perimetral del recinto y que por un lado pretende entregar mejores condiciones a los deportistas que usan el recinto, sus ba\u00f1os y camarines y mejorar las grader\u00edas, que en una parte importante est\u00e1n inutilizables producto de un incendio que hace un tiempo afect\u00f3 al estadio de Guaitecas.<\/p>\n<p style=\"text-align: justify;\">Mauricio Troncoso, de la secretar\u00eda de planificaci\u00f3n de la Municipalidad de Guaitecas, indic\u00f3 que al igual que el proyecto de cierre perimetral del estadio, esta nueva iniciativa se est\u00e1 postulando al Fondo Regional de Iniciativas Locales, FRIL, del Gobierno Regional.<\/p>\n<p style=\"text-align: justify;\">\u201cTenemos un proyecto pr\u00e1cticamente aprobado en su parte t\u00e9cnica que es para mejorar las grader\u00edas y los ba\u00f1os del estadio y si bien hemos avanzado en esto, en la parte administrativa estamos a la espera de la inyecci\u00f3n de recursos, pues como no se ha cerrado administrativamente el proyecto de cierre perimetral del estadio, que culmin\u00f3 hace poco, no se pueden inyectar los recursos\u201d, indic\u00f3 el directivo de la Municipalidad de Guaitecas.<\/p>\n<p style=\"text-align: justify;\">Por otro lado, Troncoso a\u00f1adi\u00f3 que se est\u00e1n buscando alternativas para iluminar el estadio con energ\u00eda renovable, dados los altos costos que implicar\u00eda conectar la iluminaci\u00f3n al actual sistema el\u00e9ctrico de Melinka, que funciona con motores di\u00e9sel.<\/p>\n<p style=\"text-align: justify;\">\u201cEn paralelo se est\u00e1 trabajando, pensando en el futuro y luego de que se ejecute el proyecto de mejoramiento de las grader\u00edas y de los ba\u00f1os, en un proyecto para energizar e iluminar el estadio y estamos viendo c\u00f3mo desarrollamos un proyecto con energ\u00edas renovables, con paneles fotovoltaicos para iluminar el estadio y disminuir el gasto de energ\u00eda\u201d, indic\u00f3 el Secplan del municipio.<\/p>\n<p style=\"text-align: justify;\">En tanto, Mauro Andrade, de la Unidad de Deportes de la Municipalidad de Guaitecas, indic\u00f3 que la idea es sacarle m\u00e1s provecho al estadio y sus dependencias a trav\u00e9s de esta iniciativa de inversi\u00f3n.<\/p>\n<p style=\"text-align: justify;\">\u201cTenemos un sector de las grader\u00edas que est\u00e1 quemado y este proyecto vendr\u00e1 a darle una nueva cara al estadio. Estamos viendo tambi\u00e9n la posibilidad de iluminar el recinto y poder usarlo en horarios nocturnos, pues hoy en d\u00eda se usa s\u00f3lo de d\u00eda y en tiempo de invierno, a las cinco de la tarde comienza a oscurecer y no se puede usar el estadio ni para competencias ni actividades recreativas\u201d, indic\u00f3 el funcionario municipal.<\/p>\n<p style=\"text-align: justify;\">Con relaci\u00f3n a los camarines, Mauro Andrade se\u00f1al\u00f3 que, si bien no est\u00e1n en malas condiciones, su tama\u00f1o no se ajusta a los requerimientos de quienes usan el estadio municipal la Chuchoca de Melinka.<\/p>\n<p style=\"text-align: justify;\">\u201cLos camarines la verdad es que no est\u00e1n en malas condiciones, est\u00e1n buenos y operativos, pero son peque\u00f1os; entonces m\u00e1s que sus condiciones, con este proyecto se podr\u00e1 mejorar el espacio, lo que es muy bueno para los equipos que hacen uso de estos espacios, sobre todo cuando hay campeonatos, pues cuando comienzan las actividades de la asociaci\u00f3n de f\u00fatbol, los equipos hacen uso de estos espacios m\u00e1s que en otras circunstancias y si traemos delegaciones de afuera, que esperamos as\u00ed sea, tener la condiciones para poder recibirlos\u201d, dijo finalmente en encargado de la Unidad de Deportes de la Municipalidad de Guaitecas.<\/p>\n<\/div><\/section><\/div><div  style='height:50px' class='hr hr-invisible   avia-builder-el-6  el_after_av_one_full  el_before_av_social_share '><span class='hr-inner ' ><span class='hr-inner-style'><\/span><\/span><\/div><\/p>\n<div  class='av-social-sharing-box  avia-builder-el-7  el_after_av_hr  el_before_av_hr  '><div class='av-share-box'><h5 class='av-share-link-description av-no-toc '>Compartir esta noticia<\/h5><ul class='av-share-box-list noLightbox'><li class='av-share-link av-social-link-facebook' ><a target=\"_blank\" aria-label=\"Compartir en Facebook\" href='https:\/\/www.facebook.com\/sharer.php?u=https:\/\/radiorevelacionfm.cl\/?p=31399&#038;t=Proyecto%20permitir%C3%A1%20mejorar%20las%20grader%C3%ADas%20y%20camarines%20del%20estadio%20de%20Melinka' aria-hidden='false' data-av_icon='\ue8f3' data-av_iconfont='entypo-fontello' title='' data-avia-related-tooltip='Compartir en Facebook' rel=\"noopener\"><span class='avia_hidden_link_text'>Compartir en Facebook<\/span><\/a><\/li><li class='av-share-link av-social-link-twitter' ><a target=\"_blank\" aria-label=\"Compartir en Twitter\" href='https:\/\/twitter.com\/share?text=Proyecto%20permitir%C3%A1%20mejorar%20las%20grader%C3%ADas%20y%20camarines%20del%20estadio%20de%20Melinka&#038;url=https:\/\/radiorevelacionfm.cl\/?p=31399' aria-hidden='false' data-av_icon='\ue8f1' data-av_iconfont='entypo-fontello' title='' data-avia-related-tooltip='Compartir en Twitter' rel=\"noopener\"><span class='avia_hidden_link_text'>Compartir en Twitter<\/span><\/a><\/li><li class='av-share-link av-social-link-whatsapp' ><a target=\"_blank\" aria-label=\"Compartir en Whatsapp\" href='https:\/\/api.whatsapp.com\/send?text=https:\/\/radiorevelacionfm.cl\/?p=31399' aria-hidden='false' data-av_icon='\uf232' data-av_iconfont='entypo-fontello' title='' data-avia-related-tooltip='Compartir en Whatsapp' rel=\"noopener\"><span class='avia_hidden_link_text'>Compartir en Whatsapp<\/span><\/a><\/li><li class='av-share-link av-social-link-linkedin' ><a target=\"_blank\" aria-label=\"Compartir en LinkedIn\" href='https:\/\/linkedin.com\/shareArticle?mini=true&#038;title=Proyecto%20permitir%C3%A1%20mejorar%20las%20grader%C3%ADas%20y%20camarines%20del%20estadio%20de%20Melinka&#038;url=https:\/\/radiorevelacionfm.cl\/?p=31399' aria-hidden='false' data-av_icon='\ue8fc' data-av_iconfont='entypo-fontello' title='' data-avia-related-tooltip='Compartir en LinkedIn' rel=\"noopener\"><span class='avia_hidden_link_text'>Compartir en LinkedIn<\/span><\/a><\/li><li class='av-share-link av-social-link-mail' ><a  aria-label=\"Compartir por correo\" href='mailto:?subject=Proyecto%20permitir%C3%A1%20mejorar%20las%20grader%C3%ADas%20y%20camarines%20del%20estadio%20de%20Melinka&#038;body=https:\/\/radiorevelacionfm.cl\/?p=31399' aria-hidden='false' data-av_icon='\ue805' data-av_iconfont='entypo-fontello' title='' data-avia-related-tooltip='Compartir por correo'><span class='avia_hidden_link_text'>Compartir por correo<\/span><\/a><\/li><\/ul><\/div><\/div>\n<div  style='height:50px' class='hr hr-invisible   avia-builder-el-8  el_after_av_social_share  el_before_av_comments_list '><span class='hr-inner ' ><span class='hr-inner-style'><\/span><\/span><\/div>\n<div  class='av-buildercomment  av-blog-meta-html-info-disabled av-blog-meta-tag-disabled  '><\/div>\n","protected":false},"excerpt":{"rendered":"","protected":false},"author":1,"featured_media":31400,"comment_status":"open","ping_status":"open","sticky":false,"template":"","format":"standard","meta":{"footnotes":""},"categories":[38],"tags":[],"class_list":["post-31399","post","type-post","status-publish","format-standard","has-post-thumbnail","hentry","category-regional"],"jetpack_featured_media_url":"https:\/\/radiorevelacionfm.cl\/wp-content\/uploads\/2023\/05\/IMG-20230512-WA0005-1-1.jpg","_links":{"self":[{"href":"https:\/\/radiorevelacionfm.cl\/index.php?rest_route=\/wp\/v2\/posts\/31399","targetHints":{"allow":["GET"]}}],"collection":[{"href":"https:\/\/radiorevelacionfm.cl\/index.php?rest_route=\/wp\/v2\/posts"}],"about":[{"href":"https:\/\/radiorevelacionfm.cl\/index.php?rest_route=\/wp\/v2\/types\/post"}],"author":[{"embeddable":true,"href":"https:\/\/radiorevelacionfm.cl\/index.php?rest_route=\/wp\/v2\/users\/1"}],"replies":[{"embeddable":true,"href":"https:\/\/radiorevelacionfm.cl\/index.php?rest_route=%2Fwp%2Fv2%2Fcomments&post=31399"}],"version-history":[{"count":1,"href":"https:\/\/radiorevelacionfm.cl\/index.php?rest_route=\/wp\/v2\/posts\/31399\/revisions"}],"predecessor-version":[{"id":31401,"href":"https:\/\/radiorevelacionfm.cl\/index.php?rest_route=\/wp\/v2\/posts\/31399\/revisions\/31401"}],"wp:featuredmedia":[{"embeddable":true,"href":"https:\/\/radiorevelacionfm.cl\/index.php?rest_route=\/wp\/v2\/media\/31400"}],"wp:attachment":[{"href":"https:\/\/radiorevelacionfm.cl\/index.php?rest_route=%2Fwp%2Fv2%2Fmedia&parent=31399"}],"wp:term":[{"taxonomy":"category","embeddable":true,"href":"https:\/\/radiorevelacionfm.cl\/index.php?rest_route=%2Fwp%2Fv2%2Fcategories&post=31399"},{"taxonomy":"post_tag","embeddable":true,"href":"https:\/\/radiorevelacionfm.cl\/index.php?rest_route=%2Fwp%2Fv2%2Ftags&post=31399"}],"curies":[{"name":"wp","href":"https:\/\/api.w.org\/{rel}","templated":true}]}}