{"id":31396,"date":"2023-05-27T13:29:36","date_gmt":"2023-05-27T16:29:36","guid":{"rendered":"https:\/\/radiorevelacionfm.cl\/?p=31396"},"modified":"2023-05-27T13:29:36","modified_gmt":"2023-05-27T16:29:36","slug":"sence-apoya-la-reinsercion-laboral-con-cursos-reinventate-2023","status":"publish","type":"post","link":"https:\/\/radiorevelacionfm.cl\/?p=31396","title":{"rendered":"SENCE apoya la reinserci\u00f3n laboral con cursos Reinv\u00e9ntate 2023"},"content":{"rendered":"<div class=\"flex_column av_one_full  flex_column_div av-zero-column-padding first  avia-builder-el-0  el_before_av_one_full  avia-builder-el-first  \" style='border-radius:0px; '><div  class='avia-image-container  av-styling-    avia-builder-el-1  avia-builder-el-no-sibling  avia-align-center '  itemprop=\"image\" itemscope=\"itemscope\" itemtype=\"https:\/\/schema.org\/ImageObject\"  ><div class='avia-image-container-inner'><div class='avia-image-overlay-wrap'><img decoding=\"async\" class='wp-image-31397 avia-img-lazy-loading-not-31397 avia_image' src=\"https:\/\/radiorevelacionfm.cl\/wp-content\/uploads\/2023\/05\/Mecanico-1-1.jpeg\" alt='' title='Mecanico (1) (1)' height=\"600\" width=\"1068\"  itemprop=\"thumbnailUrl\" srcset=\"https:\/\/radiorevelacionfm.cl\/wp-content\/uploads\/2023\/05\/Mecanico-1-1.jpeg 1068w, https:\/\/radiorevelacionfm.cl\/wp-content\/uploads\/2023\/05\/Mecanico-1-1-300x169.jpeg 300w, https:\/\/radiorevelacionfm.cl\/wp-content\/uploads\/2023\/05\/Mecanico-1-1-1030x579.jpeg 1030w, https:\/\/radiorevelacionfm.cl\/wp-content\/uploads\/2023\/05\/Mecanico-1-1-768x431.jpeg 768w, https:\/\/radiorevelacionfm.cl\/wp-content\/uploads\/2023\/05\/Mecanico-1-1-705x396.jpeg 705w, https:\/\/radiorevelacionfm.cl\/wp-content\/uploads\/2023\/05\/Mecanico-1-1-450x253.jpeg 450w, https:\/\/radiorevelacionfm.cl\/wp-content\/uploads\/2023\/05\/Mecanico-1-1-600x337.jpeg 600w\" sizes=\"(max-width: 1068px) 100vw, 1068px\" \/><\/div><\/div><\/div><\/div><div class=\"flex_column av_one_full  flex_column_div av-zero-column-padding first  avia-builder-el-2  el_after_av_one_full  el_before_av_one_full  column-top-margin\" style='border-radius:0px; '><section class=\"av_textblock_section \"  itemscope=\"itemscope\" itemtype=\"https:\/\/schema.org\/BlogPosting\" itemprop=\"blogPost\" ><div class='avia_textblock  '   itemprop=\"text\" ><p style=\"text-align: center;\"><strong><span style=\"font-size: 18pt;\">SENCE apoya la reinserci\u00f3n laboral con cursos Reinv\u00e9ntate 2023<\/span><\/strong><\/p>\n<div id=\"gtx-trans\" style=\"position: absolute; left: -50px; top: 4.31534px;\">\n<div class=\"gtx-trans-icon\"><\/div>\n<\/div>\n<\/div><\/section><\/div><div class=\"flex_column av_one_full  flex_column_div av-zero-column-padding first  avia-builder-el-4  el_after_av_one_full  el_before_av_hr  column-top-margin\" style='border-radius:0px; '><section class=\"av_textblock_section \"  itemscope=\"itemscope\" itemtype=\"https:\/\/schema.org\/BlogPosting\" itemprop=\"blogPost\" ><div class='avia_textblock  '   itemprop=\"text\" ><p style=\"text-align: justify;\"><em>La iniciativa est\u00e1 dirigida a hombres y mujeres, mayores de 18 a\u00f1os, que est\u00e9n recientemente desempleadas\/os, o personas en riesgo de perder el empleo debido al impacto de la automatizaci\u00f3n de sus labores.<\/em><span id=\"more-112720\"><\/span><\/p>\n<p style=\"text-align: justify;\">Mejorar la empleabilidad, potenciar el crecimiento y la reinserci\u00f3n laboral. Ese es el objetivo del Programa Reinv\u00e9ntate del Servicio Nacional de Capacitaci\u00f3n y Empleo, Sence, que esta semana abri\u00f3 sus postulaciones 2023 en varias regiones del pa\u00eds, con una amplia oferta de cursos, enfocados en las \u00e1reas transporte, servicios, comercio, electricidad y electr\u00f3nica, mec\u00e1nica, gastronom\u00eda, administraci\u00f3n, hoteler\u00eda y turismo.<\/p>\n<p style=\"text-align: justify;\">El Seremi del Trabajo y Previsi\u00f3n Social de Ays\u00e9n, Rodrigo D\u00edaz Cordado, destac\u00f3 esta iniciativa en materia de capacitaci\u00f3n, \u201cHay sectores como el retail y log\u00edstica que est\u00e1n viviendo cambios y automatizaciones en sus operaciones y como Ministerio del Trabajo y Previsi\u00f3n Social sabemos que es muy importante apoyar la reinserci\u00f3n laboral de las y los trabajadores que se encuentran en esta situaci\u00f3n o cesantes. Precisamente este programa Reinv\u00e9ntate de Sence es el que entrega estas herramientas para reconvertirse laboralmente, con un acompa\u00f1amiento para encontrar un trabajo luego de la capacitaci\u00f3n, ya que son \u00e1reas de alta empleabilidad, como el de ayudante de mec\u00e1nico automotriz, que es un oficio muy demandado. Los invito a postular en www.sence.cl\u201d.<\/p>\n<p style=\"text-align: justify;\">El acceso a los cursos Reinv\u00e9ntate est\u00e1n disponibles en todo Chile y para la regi\u00f3n de Ays\u00e9n, hay disponibles dos cursos de capacitaci\u00f3n \u201cCajero\/a\u201d y \u201cAyudante de Mec\u00e1nico automotriz\u201d, as\u00ed lo inform\u00f3 Mauricio Toro Rojas, director regional(s) del Sence Ays\u00e9n, \u201cC\u00f3mo regi\u00f3n de Ays\u00e9n, tenemos 2 cursos disponibles para la comuna de Coyhaique, donde enfocamos esta oferta de cursos Reinv\u00e9ntate 2023, en aquellas \u00e1reas que son altamente requeridas por las empresas, y que tienen gran potencial de crecimiento y reconversi\u00f3n laboral. Nos estamos enfocando en proponer ofertas de capacitaci\u00f3n con una mirada de pertinencia local, invitamos a los vecinos y vecinas de la comuna de Coyhaique, que se acerquen al SENCE y que puedan generar su inscripci\u00f3n\u201d, afirm\u00f3.<br \/>\nLos cursos, de entre 80 y 400 horas, ser\u00e1n impartidos de manera presencial o en l\u00ednea (seg\u00fan corresponda) por fundaciones, organismos t\u00e9cnicos de capacitaci\u00f3n, centros de formaci\u00f3n t\u00e9cnica, institutos profesionales, universidades y liceos t\u00e9cnicos profesionales, como una apuesta concreta a los desaf\u00edos din\u00e1micos del mercado laboral actual.<\/p>\n<p style=\"text-align: justify;\">Adem\u00e1s de la formaci\u00f3n gratuita, Reinv\u00e9ntate incluye apoyo socio laboral e inserci\u00f3n laboral, subsidio de $4.000 por d\u00eda asistido a clases, seguro de accidentes durante el per\u00edodo de formaci\u00f3n y licencia habilitante, en los casos que corresponda.<\/p>\n<p style=\"text-align: justify;\">Requisitos para postular:<br \/>\n\u2013 Ser mayor a 18 a\u00f1os y tener Clave \u00danica.<br \/>\n\u2013 Renta m\u00e1xima de $1.200.000 bruto en los \u00faltimos 12 meses.<br \/>\n\u2013 Estar recientemente cesante, y contar con m\u00ednimo de 3 cotizaciones al momento de postular o ser persona empleada en los sectores del Retail o del Transporte y Log\u00edstica.<br \/>\n\u2013 Ense\u00f1anza media completa.<\/p>\n<p style=\"text-align: justify;\">IMPORTANTE: Quienes no cuenten con acceso a Internet, para conocer la oferta de cursos y postular, pueden acercarse a la oficina SENCE m\u00e1s cercana, en Coyhaique en calle Condell N\u00b0 141, a la Oficina Municipal de Informaci\u00f3n Laboral, OMIL, de Coyhaique OMIL.<\/p>\n<\/div><\/section><\/div><div  style='height:50px' class='hr hr-invisible   avia-builder-el-6  el_after_av_one_full  el_before_av_social_share '><span class='hr-inner ' ><span class='hr-inner-style'><\/span><\/span><\/div><\/p>\n<div  class='av-social-sharing-box  avia-builder-el-7  el_after_av_hr  el_before_av_hr  '><div class='av-share-box'><h5 class='av-share-link-description av-no-toc '>Compartir esta noticia<\/h5><ul class='av-share-box-list noLightbox'><li class='av-share-link av-social-link-facebook' ><a target=\"_blank\" aria-label=\"Compartir en Facebook\" href='https:\/\/www.facebook.com\/sharer.php?u=https:\/\/radiorevelacionfm.cl\/?p=31396&#038;t=SENCE%20apoya%20la%20reinserci%C3%B3n%20laboral%20con%20cursos%20Reinv%C3%A9ntate%202023' aria-hidden='false' data-av_icon='\ue8f3' data-av_iconfont='entypo-fontello' title='' data-avia-related-tooltip='Compartir en Facebook' rel=\"noopener\"><span class='avia_hidden_link_text'>Compartir en Facebook<\/span><\/a><\/li><li class='av-share-link av-social-link-twitter' ><a target=\"_blank\" aria-label=\"Compartir en Twitter\" href='https:\/\/twitter.com\/share?text=SENCE%20apoya%20la%20reinserci%C3%B3n%20laboral%20con%20cursos%20Reinv%C3%A9ntate%202023&#038;url=https:\/\/radiorevelacionfm.cl\/?p=31396' aria-hidden='false' data-av_icon='\ue8f1' data-av_iconfont='entypo-fontello' title='' data-avia-related-tooltip='Compartir en Twitter' rel=\"noopener\"><span class='avia_hidden_link_text'>Compartir en Twitter<\/span><\/a><\/li><li class='av-share-link av-social-link-whatsapp' ><a target=\"_blank\" aria-label=\"Compartir en Whatsapp\" href='https:\/\/api.whatsapp.com\/send?text=https:\/\/radiorevelacionfm.cl\/?p=31396' aria-hidden='false' data-av_icon='\uf232' data-av_iconfont='entypo-fontello' title='' data-avia-related-tooltip='Compartir en Whatsapp' rel=\"noopener\"><span class='avia_hidden_link_text'>Compartir en Whatsapp<\/span><\/a><\/li><li class='av-share-link av-social-link-linkedin' ><a target=\"_blank\" aria-label=\"Compartir en LinkedIn\" href='https:\/\/linkedin.com\/shareArticle?mini=true&#038;title=SENCE%20apoya%20la%20reinserci%C3%B3n%20laboral%20con%20cursos%20Reinv%C3%A9ntate%202023&#038;url=https:\/\/radiorevelacionfm.cl\/?p=31396' aria-hidden='false' data-av_icon='\ue8fc' data-av_iconfont='entypo-fontello' title='' data-avia-related-tooltip='Compartir en LinkedIn' rel=\"noopener\"><span class='avia_hidden_link_text'>Compartir en LinkedIn<\/span><\/a><\/li><li class='av-share-link av-social-link-mail' ><a  aria-label=\"Compartir por correo\" href='mailto:?subject=SENCE%20apoya%20la%20reinserci%C3%B3n%20laboral%20con%20cursos%20Reinv%C3%A9ntate%202023&#038;body=https:\/\/radiorevelacionfm.cl\/?p=31396' aria-hidden='false' data-av_icon='\ue805' data-av_iconfont='entypo-fontello' title='' data-avia-related-tooltip='Compartir por correo'><span class='avia_hidden_link_text'>Compartir por correo<\/span><\/a><\/li><\/ul><\/div><\/div>\n<div  style='height:50px' class='hr hr-invisible   avia-builder-el-8  el_after_av_social_share  el_before_av_comments_list '><span class='hr-inner ' ><span class='hr-inner-style'><\/span><\/span><\/div>\n<div  class='av-buildercomment  av-blog-meta-html-info-disabled av-blog-meta-tag-disabled  '><\/div>\n","protected":false},"excerpt":{"rendered":"","protected":false},"author":1,"featured_media":31397,"comment_status":"open","ping_status":"open","sticky":false,"template":"","format":"standard","meta":{"footnotes":""},"categories":[56],"tags":[],"class_list":["post-31396","post","type-post","status-publish","format-standard","has-post-thumbnail","hentry","category-trabajo"],"jetpack_featured_media_url":"https:\/\/radiorevelacionfm.cl\/wp-content\/uploads\/2023\/05\/Mecanico-1-1.jpeg","_links":{"self":[{"href":"https:\/\/radiorevelacionfm.cl\/index.php?rest_route=\/wp\/v2\/posts\/31396","targetHints":{"allow":["GET"]}}],"collection":[{"href":"https:\/\/radiorevelacionfm.cl\/index.php?rest_route=\/wp\/v2\/posts"}],"about":[{"href":"https:\/\/radiorevelacionfm.cl\/index.php?rest_route=\/wp\/v2\/types\/post"}],"author":[{"embeddable":true,"href":"https:\/\/radiorevelacionfm.cl\/index.php?rest_route=\/wp\/v2\/users\/1"}],"replies":[{"embeddable":true,"href":"https:\/\/radiorevelacionfm.cl\/index.php?rest_route=%2Fwp%2Fv2%2Fcomments&post=31396"}],"version-history":[{"count":1,"href":"https:\/\/radiorevelacionfm.cl\/index.php?rest_route=\/wp\/v2\/posts\/31396\/revisions"}],"predecessor-version":[{"id":31398,"href":"https:\/\/radiorevelacionfm.cl\/index.php?rest_route=\/wp\/v2\/posts\/31396\/revisions\/31398"}],"wp:featuredmedia":[{"embeddable":true,"href":"https:\/\/radiorevelacionfm.cl\/index.php?rest_route=\/wp\/v2\/media\/31397"}],"wp:attachment":[{"href":"https:\/\/radiorevelacionfm.cl\/index.php?rest_route=%2Fwp%2Fv2%2Fmedia&parent=31396"}],"wp:term":[{"taxonomy":"category","embeddable":true,"href":"https:\/\/radiorevelacionfm.cl\/index.php?rest_route=%2Fwp%2Fv2%2Fcategories&post=31396"},{"taxonomy":"post_tag","embeddable":true,"href":"https:\/\/radiorevelacionfm.cl\/index.php?rest_route=%2Fwp%2Fv2%2Ftags&post=31396"}],"curies":[{"name":"wp","href":"https:\/\/api.w.org\/{rel}","templated":true}]}}