{"id":31392,"date":"2023-05-27T13:18:34","date_gmt":"2023-05-27T16:18:34","guid":{"rendered":"https:\/\/radiorevelacionfm.cl\/?p=31392"},"modified":"2023-05-27T13:18:34","modified_gmt":"2023-05-27T16:18:34","slug":"aprueban-plan-de-seguridad-2023-para-la-region-de-aysen","status":"publish","type":"post","link":"https:\/\/radiorevelacionfm.cl\/?p=31392","title":{"rendered":"Aprueban Plan de Seguridad 2023 para la regi\u00f3n de Ays\u00e9n"},"content":{"rendered":"<div class=\"flex_column av_one_full  flex_column_div av-zero-column-padding first  avia-builder-el-0  el_before_av_one_full  avia-builder-el-first  \" style='border-radius:0px; '><div  class='avia-image-container  av-styling-    avia-builder-el-1  avia-builder-el-no-sibling  avia-align-center '  itemprop=\"image\" itemscope=\"itemscope\" itemtype=\"https:\/\/schema.org\/ImageObject\"  ><div class='avia-image-container-inner'><div class='avia-image-overlay-wrap'><img decoding=\"async\" class='wp-image-31394 avia-img-lazy-loading-not-31394 avia_image' src=\"https:\/\/radiorevelacionfm.cl\/wp-content\/uploads\/2023\/05\/foto5-1_optimized-1.jpg\" alt='' title='foto5-(1)_optimized (1)' height=\"600\" width=\"955\"  itemprop=\"thumbnailUrl\" srcset=\"https:\/\/radiorevelacionfm.cl\/wp-content\/uploads\/2023\/05\/foto5-1_optimized-1.jpg 955w, https:\/\/radiorevelacionfm.cl\/wp-content\/uploads\/2023\/05\/foto5-1_optimized-1-300x188.jpg 300w, https:\/\/radiorevelacionfm.cl\/wp-content\/uploads\/2023\/05\/foto5-1_optimized-1-768x483.jpg 768w, https:\/\/radiorevelacionfm.cl\/wp-content\/uploads\/2023\/05\/foto5-1_optimized-1-705x443.jpg 705w, https:\/\/radiorevelacionfm.cl\/wp-content\/uploads\/2023\/05\/foto5-1_optimized-1-450x283.jpg 450w, https:\/\/radiorevelacionfm.cl\/wp-content\/uploads\/2023\/05\/foto5-1_optimized-1-600x377.jpg 600w\" sizes=\"(max-width: 955px) 100vw, 955px\" \/><\/div><\/div><\/div><\/div><div class=\"flex_column av_one_full  flex_column_div av-zero-column-padding first  avia-builder-el-2  el_after_av_one_full  el_before_av_one_full  column-top-margin\" style='border-radius:0px; '><section class=\"av_textblock_section \"  itemscope=\"itemscope\" itemtype=\"https:\/\/schema.org\/BlogPosting\" itemprop=\"blogPost\" ><div class='avia_textblock  '   itemprop=\"text\" ><p style=\"text-align: center;\"><strong><span style=\"font-size: 18pt;\">Aprueban Plan de Seguridad 2023 para la regi\u00f3n de Ays\u00e9n<\/span><\/strong><\/p>\n<div id=\"gtx-trans\" style=\"position: absolute; left: -50px; top: 4.31534px;\">\n<div class=\"gtx-trans-icon\"><\/div>\n<\/div>\n<\/div><\/section><\/div><div class=\"flex_column av_one_full  flex_column_div av-zero-column-padding first  avia-builder-el-4  el_after_av_one_full  el_before_av_hr  column-top-margin\" style='border-radius:0px; '><section class=\"av_textblock_section \"  itemscope=\"itemscope\" itemtype=\"https:\/\/schema.org\/BlogPosting\" itemprop=\"blogPost\" ><div class='avia_textblock  '   itemprop=\"text\" ><p style=\"text-align: justify;\">Hoy se realiz\u00f3 en Coyhaique el primer Consejo Regional de Seguridad P\u00fablica de este a\u00f1o, en el que se analizaron los principales problemas que enfrenta la regi\u00f3n de Ays\u00e9n en materia de delitos y seguridad p\u00fablica, y se definieron las l\u00edneas de acci\u00f3n para este a\u00f1o, con la aprobaci\u00f3n del Plan Regional de Seguridad P\u00fablica 2023.<\/p>\n<p style=\"text-align: justify;\">En la instancia, que fue presidida por el Delegado Presidencial Regional, Rodrigo Araya Morales, y donde la Coordinadora Regional de Seguridad P\u00fablica, Camila Covarrubias, act\u00faa como Secretaria Ejecutiva del consejo. Participaron alcaldes y representantes de casi la totalidad de las comunas de la regi\u00f3n, las jefaturas regionales de ambas polic\u00edas, fiscal\u00eda regional y directores de servicios p\u00fablicos, entre otros.<\/p>\n<p style=\"text-align: justify;\">La elaboraci\u00f3n del plan regional de seguridad tiene como base un diagn\u00f3stico previo de la situaci\u00f3n de delitos, faltas e infracciones que afectan a la regi\u00f3n que se realiz\u00f3 a partir del an\u00e1lisis estad\u00edstico delictual, como de una consulta comunal aplicada a nivel territorial en todos los consejos comunales de seguridad p\u00fablica, donde plantearon sus principales preocupaciones en materia de seguridad y prevenci\u00f3n.<\/p>\n<p style=\"text-align: justify;\">Un componente relevante de este proceso de construcci\u00f3n del plan regional 2023 es la participaci\u00f3n activa de los consejeros, quienes mediante un proceso de an\u00e1lisis y discusi\u00f3n de los resultados del diagn\u00f3stico, deciden y validan a mano alzada la priorizaci\u00f3n de los delitos en los que se focalizar\u00e1 el trabajo intersectorial. Esto a diferencia del a\u00f1o anterior, en que la priorizaci\u00f3n ven\u00eda dada desde el departamento de estudios de la SPD y en donde el rol de los consejeros solo fue validarla.<\/p>\n<p style=\"text-align: justify;\">As\u00ed, a partir del an\u00e1lisis estad\u00edstico y las consultas comunales, el Consejo Regional de Seguridad P\u00fablica defini\u00f3 priorizar durante este a\u00f1o en el plan de seguridad dos delitos, una incivilidad y un problema sociodelictual emergente: Infracci\u00f3n a la Ley de Drogas, Infracci\u00f3n a la Ley de Armas, Ebriedad y Consumo de Alcohol en la V\u00eda P\u00fablica y Violencia Escolar. Adicionalmente, se trabajar\u00e1 de manera transversal, y en todas las regiones del pa\u00eds, en violencia intrafamiliar.<\/p>\n<p style=\"text-align: justify;\">El Delegado Presidencial Regional, Rodrigo Araya, sostuvo al respecto que \u201clo que nosotros queremos es elaborar una estrategia &#8211; entre todos los servicios p\u00fablicos que tienen injerencia en la seguridad ciudadana, donde abordemos de manera integral el tema de la violencia en todo su contexto, es por ello que firmamos un compromiso al final de la reuni\u00f3n entre todos los asistentes, para trabajar de forma coordinada para disminuir las cifras asociadas a los delitos priorizados\u201d.<\/p>\n<p style=\"text-align: justify;\">Tras el trabajo, y definidas las prioridades a abordar en la regi\u00f3n en materia de seguridad p\u00fablica y prevenci\u00f3n, los miembros del consejo firmaron el \u201cCompromiso Estrat\u00e9gico Intersectorial por la Seguridad y Prevenci\u00f3n del Delito de la Regi\u00f3n de Ays\u00e9n, en el que se comprometen a trabajar de manera coordinada en la construcci\u00f3n y ejecuci\u00f3n de estrategias intersectoriales para la prevenci\u00f3n de los delitos e incivilidades, as\u00ed como en la implementaci\u00f3n de fuerzas de tarea p\u00fablico-privadas y la articulaci\u00f3n de los esfuerzos policiales preventivos en la regi\u00f3n.<\/p>\n<p style=\"text-align: justify;\">\u201cQuedamos muy satisfechos con el resultado de este primer consejo, as\u00ed como con el compromiso que manifest\u00f3 cada uno de sus miembros. Evidentemente, la prevenci\u00f3n y la seguridad son temas en los cuales todos estamos llamados a trabajar de manera conjunta y coordinada, implementando actividades y acciones que tengan un efecto en los delitos priorizados y de esta manera dar mayor seguridad y tranquilidad a la poblaci\u00f3n\u201d, manifest\u00f3 la Coordinadora Regional de Seguridad P\u00fablica, Camila Covarrubias.<\/p>\n<p style=\"text-align: justify;\">La implementaci\u00f3n del Plan Regional de Seguridad P\u00fablica de Ays\u00e9n se iniciar\u00e1 en junio, incluyendo los planes de trabajo intersectorial y la implementaci\u00f3n de fuerzas de tarea p\u00fablico-privadas para el trabajo preventivo espec\u00edfico en \u00e1reas priorizadas por la regi\u00f3n. La evaluaci\u00f3n de sus avances e impactos, en tanto, se realizar\u00e1 en diciembre de este a\u00f1o.<\/p>\n<\/div><\/section><\/div><div  style='height:50px' class='hr hr-invisible   avia-builder-el-6  el_after_av_one_full  el_before_av_social_share '><span class='hr-inner ' ><span class='hr-inner-style'><\/span><\/span><\/div><\/p>\n<div  class='av-social-sharing-box  avia-builder-el-7  el_after_av_hr  el_before_av_hr  '><div class='av-share-box'><h5 class='av-share-link-description av-no-toc '>Compartir esta noticia<\/h5><ul class='av-share-box-list noLightbox'><li class='av-share-link av-social-link-facebook' ><a target=\"_blank\" aria-label=\"Compartir en Facebook\" href='https:\/\/www.facebook.com\/sharer.php?u=https:\/\/radiorevelacionfm.cl\/?p=31392&#038;t=Aprueban%20Plan%20de%20Seguridad%202023%20para%20la%20regi%C3%B3n%20de%20Ays%C3%A9n' aria-hidden='false' data-av_icon='\ue8f3' data-av_iconfont='entypo-fontello' title='' data-avia-related-tooltip='Compartir en Facebook' rel=\"noopener\"><span class='avia_hidden_link_text'>Compartir en Facebook<\/span><\/a><\/li><li class='av-share-link av-social-link-twitter' ><a target=\"_blank\" aria-label=\"Compartir en Twitter\" href='https:\/\/twitter.com\/share?text=Aprueban%20Plan%20de%20Seguridad%202023%20para%20la%20regi%C3%B3n%20de%20Ays%C3%A9n&#038;url=https:\/\/radiorevelacionfm.cl\/?p=31392' aria-hidden='false' data-av_icon='\ue8f1' data-av_iconfont='entypo-fontello' title='' data-avia-related-tooltip='Compartir en Twitter' rel=\"noopener\"><span class='avia_hidden_link_text'>Compartir en Twitter<\/span><\/a><\/li><li class='av-share-link av-social-link-whatsapp' ><a target=\"_blank\" aria-label=\"Compartir en Whatsapp\" href='https:\/\/api.whatsapp.com\/send?text=https:\/\/radiorevelacionfm.cl\/?p=31392' aria-hidden='false' data-av_icon='\uf232' data-av_iconfont='entypo-fontello' title='' data-avia-related-tooltip='Compartir en Whatsapp' rel=\"noopener\"><span class='avia_hidden_link_text'>Compartir en Whatsapp<\/span><\/a><\/li><li class='av-share-link av-social-link-linkedin' ><a target=\"_blank\" aria-label=\"Compartir en LinkedIn\" href='https:\/\/linkedin.com\/shareArticle?mini=true&#038;title=Aprueban%20Plan%20de%20Seguridad%202023%20para%20la%20regi%C3%B3n%20de%20Ays%C3%A9n&#038;url=https:\/\/radiorevelacionfm.cl\/?p=31392' aria-hidden='false' data-av_icon='\ue8fc' data-av_iconfont='entypo-fontello' title='' data-avia-related-tooltip='Compartir en LinkedIn' rel=\"noopener\"><span class='avia_hidden_link_text'>Compartir en LinkedIn<\/span><\/a><\/li><li class='av-share-link av-social-link-mail' ><a  aria-label=\"Compartir por correo\" href='mailto:?subject=Aprueban%20Plan%20de%20Seguridad%202023%20para%20la%20regi%C3%B3n%20de%20Ays%C3%A9n&#038;body=https:\/\/radiorevelacionfm.cl\/?p=31392' aria-hidden='false' data-av_icon='\ue805' data-av_iconfont='entypo-fontello' title='' data-avia-related-tooltip='Compartir por correo'><span class='avia_hidden_link_text'>Compartir por correo<\/span><\/a><\/li><\/ul><\/div><\/div>\n<div  style='height:50px' class='hr hr-invisible   avia-builder-el-8  el_after_av_social_share  el_before_av_comments_list '><span class='hr-inner ' ><span class='hr-inner-style'><\/span><\/span><\/div>\n<div  class='av-buildercomment  av-blog-meta-html-info-disabled av-blog-meta-tag-disabled  '><\/div>\n","protected":false},"excerpt":{"rendered":"","protected":false},"author":1,"featured_media":31394,"comment_status":"open","ping_status":"open","sticky":false,"template":"","format":"standard","meta":{"footnotes":""},"categories":[38],"tags":[],"class_list":["post-31392","post","type-post","status-publish","format-standard","has-post-thumbnail","hentry","category-regional"],"jetpack_featured_media_url":"https:\/\/radiorevelacionfm.cl\/wp-content\/uploads\/2023\/05\/foto5-1_optimized-1.jpg","_links":{"self":[{"href":"https:\/\/radiorevelacionfm.cl\/index.php?rest_route=\/wp\/v2\/posts\/31392","targetHints":{"allow":["GET"]}}],"collection":[{"href":"https:\/\/radiorevelacionfm.cl\/index.php?rest_route=\/wp\/v2\/posts"}],"about":[{"href":"https:\/\/radiorevelacionfm.cl\/index.php?rest_route=\/wp\/v2\/types\/post"}],"author":[{"embeddable":true,"href":"https:\/\/radiorevelacionfm.cl\/index.php?rest_route=\/wp\/v2\/users\/1"}],"replies":[{"embeddable":true,"href":"https:\/\/radiorevelacionfm.cl\/index.php?rest_route=%2Fwp%2Fv2%2Fcomments&post=31392"}],"version-history":[{"count":1,"href":"https:\/\/radiorevelacionfm.cl\/index.php?rest_route=\/wp\/v2\/posts\/31392\/revisions"}],"predecessor-version":[{"id":31395,"href":"https:\/\/radiorevelacionfm.cl\/index.php?rest_route=\/wp\/v2\/posts\/31392\/revisions\/31395"}],"wp:featuredmedia":[{"embeddable":true,"href":"https:\/\/radiorevelacionfm.cl\/index.php?rest_route=\/wp\/v2\/media\/31394"}],"wp:attachment":[{"href":"https:\/\/radiorevelacionfm.cl\/index.php?rest_route=%2Fwp%2Fv2%2Fmedia&parent=31392"}],"wp:term":[{"taxonomy":"category","embeddable":true,"href":"https:\/\/radiorevelacionfm.cl\/index.php?rest_route=%2Fwp%2Fv2%2Fcategories&post=31392"},{"taxonomy":"post_tag","embeddable":true,"href":"https:\/\/radiorevelacionfm.cl\/index.php?rest_route=%2Fwp%2Fv2%2Ftags&post=31392"}],"curies":[{"name":"wp","href":"https:\/\/api.w.org\/{rel}","templated":true}]}}