{"id":3139,"date":"2021-04-14T22:33:35","date_gmt":"2021-04-15T01:33:35","guid":{"rendered":"https:\/\/radiorevelacionfm.cl\/?p=3139"},"modified":"2021-04-14T22:33:35","modified_gmt":"2021-04-15T01:33:35","slug":"vecinos-de-valle-lagunas-en-la-comuna-de-aysen-contaran-con-moderno-sistema-fotovoltaico","status":"publish","type":"post","link":"https:\/\/radiorevelacionfm.cl\/?p=3139","title":{"rendered":"Vecinos de Valle Lagunas en la comuna de Ays\u00e9n contar\u00e1n con moderno sistema fotovoltaico"},"content":{"rendered":"<div class=\"flex_column av_one_full  flex_column_div av-zero-column-padding first  avia-builder-el-0  el_before_av_one_full  avia-builder-el-first  \" style='border-radius:0px; '><div  class='avia-image-container  av-styling-    avia-builder-el-1  avia-builder-el-no-sibling  avia-align-center '  itemprop=\"image\" itemscope=\"itemscope\" itemtype=\"https:\/\/schema.org\/ImageObject\"  ><div class='avia-image-container-inner'><div class='avia-image-overlay-wrap'><img decoding=\"async\" class='wp-image-0 avia-img-lazy-loading-not-0 avia_image' src=\"https:\/\/radiorevelacionfm.cl\/wp-content\/uploads\/2021\/04\/img-valle-lag2_optimized.jpg\" alt='' title=''   itemprop=\"thumbnailUrl\"  \/><\/div><\/div><\/div><\/div><div class=\"flex_column av_one_full  flex_column_div av-zero-column-padding first  avia-builder-el-2  el_after_av_one_full  el_before_av_one_full  column-top-margin\" style='border-radius:0px; '><section class=\"av_textblock_section \"  itemscope=\"itemscope\" itemtype=\"https:\/\/schema.org\/BlogPosting\" itemprop=\"blogPost\" ><div class='avia_textblock  '   itemprop=\"text\" ><p style=\"text-align: center;\"><strong><span style=\"font-size: 18pt;\">Vecinos de Valle Lagunas en la comuna de Ays\u00e9n contar\u00e1n con moderno sistema fotovoltaico<\/span><\/strong><\/p>\n<div id=\"gtx-trans\" style=\"position: absolute; left: -50px; top: 4.31534px;\">\n<div class=\"gtx-trans-icon\"><\/div>\n<\/div>\n<\/div><\/section><\/div><div class=\"flex_column av_one_full  flex_column_div av-zero-column-padding first  avia-builder-el-4  el_after_av_one_full  el_before_av_hr  column-top-margin\" style='border-radius:0px; '><section class=\"av_textblock_section \"  itemscope=\"itemscope\" itemtype=\"https:\/\/schema.org\/BlogPosting\" itemprop=\"blogPost\" ><div class='avia_textblock  '   itemprop=\"text\" ><p style=\"text-align: justify;\">La iniciativa se enmarca en la proyecci\u00f3n de energ\u00edas renovables y sustentables que posee la regi\u00f3n de Ays\u00e9n.<\/p>\n<p style=\"text-align: justify;\">Con la presencia de diversas autoridades regionales, lideradas por la Intendenta Margarita Ossa, el presidente del Consejo Regional, Sergio Gonz\u00e1lez y el alcalde de Ays\u00e9n, Luis Mart\u00ednez Gallardo, se efectu\u00f3 la entrega de terrenos correspondiente a la construcci\u00f3n de soluciones el\u00e9ctricas fotovoltaicas en el sector Valle Lagunas.\u00a0 Faenas que permitir\u00e1n a 30 familias contar con una nueva matriz energ\u00e9tica eficiente y que consideran una inversi\u00f3n de 362 millones de pesos provenientes del Gobierno Regional de Ays\u00e9n y su Consejo, la cual ser\u00e1 ejecutada por la empresa STC Sunblet SPA en un plazo de 240 d\u00edas.<\/p>\n<p style=\"text-align: justify;\">Al respecto, la primera autoridad regional, Margarita Ossa Rojas, destac\u00f3 que \u201chemos hablado hoy con los beneficiarios, los proyectos toman su tiempo. Al iniciar estas iniciativas se plasma la felicidad de las personas, pero adem\u00e1s vemos c\u00f3mo un trabajo en con junto desarrollado con el Gobierno Regional, a los Cores, a la Seremi de Energ\u00eda y tal como nos ha mandatado el presidente de la Rep\u00fablica, Sebasti\u00e1n Pi\u00f1era, se encuentra orientado en disminuir las brechas energ\u00e9ticas y eso es muy importante porque es una energ\u00eda sustentable, limpia y renovable\u201d.<\/p>\n<p style=\"text-align: justify;\">Por su parte, el presidente del Consejo Regional de Ays\u00e9n, Sergio Gonz\u00e1lez B\u00f3rquez, realz\u00f3 la materializaci\u00f3n de este anhelo de los vecinos de Valle Lagunas, deseando adem\u00e1s, los mejores parabienes a la empresa responsable de las faenas para entregar una soluci\u00f3n que permita responder a las necesidades que hist\u00f3ricamente han tenido los habitantes del sector. A\u00f1adiendo que \u201ccomo Consejo Regional reiteramos el compromiso con todas las organizaciones para poder de una forma de trabajar junto al Ejecutivo, junto a los sectores, para poder avanzar en generar mejores condiciones b\u00e1sicas para nuestra gente\u201d.<\/p>\n<p style=\"text-align: justify;\">Mientras que, el alcalde de la comuna de Ays\u00e9n, Luis Mart\u00ednez Gallardo, relev\u00f3\u00a0 su felicidad ante esta iniciativa impulsada por el municipio aysenino y que cont\u00f3 con la colaboraci\u00f3n del Ministerio de Energ\u00eda y el Consejo Regional, detallando que \u201csignifica que al 30 de noviembre o a fines de diciembre ya tendr\u00e1n la luz, tener refrigeradores, lavadora, esto va a permitir hacer otro tipo de emprendimiento, por ejemplo, poder conservar muestras frutales, animales cuando tienen que tener su carne y todo eso, as\u00ed es que nos tiene muy conforme por el impacto en la calidad de vida de las personas\u201d.<\/p>\n<p style=\"text-align: justify;\">Finalmente, Sandra Troncoso, presidenta del Comit\u00e9 Campesino de Valle Laguna enfatiz\u00f3 que \u201cpara nosotros hoy es un d\u00eda demasiado importante, feliz porque estuvimos tantos a\u00f1os luchando, yo que trat\u00e9 de representar a las personas m\u00e1s adultas. Tenemos muchos adultos mayores aqu\u00ed en el sector y ahora producto la pandemia m\u00e1s falta nos hace, en el verano nuestros productos se echan a perder. Esto es una felicidad muy grande y estoy muy contenta, mi pap\u00e1 falleci\u00f3 esperando poder llegar a su casa a prender la luz el\u00e9ctrica, de tener un refrigerador y as\u00ed hemos ido perdiendo pobladores esperando lo mismo y hoy d\u00eda ya se va concretar as\u00ed que este este documento es muy importante\u201d, sentenci\u00f3 la dirigenta vecinal.<\/p>\n<\/div><\/section><\/div><div  style='height:50px' class='hr hr-invisible   avia-builder-el-6  el_after_av_one_full  el_before_av_social_share '><span class='hr-inner ' ><span class='hr-inner-style'><\/span><\/span><\/div><\/p>\n<div  class='av-social-sharing-box  avia-builder-el-7  el_after_av_hr  el_before_av_hr  '><div class='av-share-box'><h5 class='av-share-link-description av-no-toc '>Compartir esta noticia<\/h5><ul class='av-share-box-list noLightbox'><li class='av-share-link av-social-link-facebook' ><a target=\"_blank\" aria-label=\"Compartir en Facebook\" href='https:\/\/www.facebook.com\/sharer.php?u=https:\/\/radiorevelacionfm.cl\/?p=3139&#038;t=Vecinos%20de%20Valle%20Lagunas%20en%20la%20comuna%20de%20Ays%C3%A9n%20contar%C3%A1n%20con%20moderno%20sistema%20fotovoltaico' aria-hidden='false' data-av_icon='\ue8f3' data-av_iconfont='entypo-fontello' title='' data-avia-related-tooltip='Compartir en Facebook' rel=\"noopener\"><span class='avia_hidden_link_text'>Compartir en Facebook<\/span><\/a><\/li><li class='av-share-link av-social-link-twitter' ><a target=\"_blank\" aria-label=\"Compartir en Twitter\" href='https:\/\/twitter.com\/share?text=Vecinos%20de%20Valle%20Lagunas%20en%20la%20comuna%20de%20Ays%C3%A9n%20contar%C3%A1n%20con%20moderno%20sistema%20fotovoltaico&#038;url=https:\/\/radiorevelacionfm.cl\/?p=3139' aria-hidden='false' data-av_icon='\ue8f1' data-av_iconfont='entypo-fontello' title='' data-avia-related-tooltip='Compartir en Twitter' rel=\"noopener\"><span class='avia_hidden_link_text'>Compartir en Twitter<\/span><\/a><\/li><li class='av-share-link av-social-link-whatsapp' ><a target=\"_blank\" aria-label=\"Compartir en Whatsapp\" href='https:\/\/api.whatsapp.com\/send?text=https:\/\/radiorevelacionfm.cl\/?p=3139' aria-hidden='false' data-av_icon='\uf232' data-av_iconfont='entypo-fontello' title='' data-avia-related-tooltip='Compartir en Whatsapp' rel=\"noopener\"><span class='avia_hidden_link_text'>Compartir en Whatsapp<\/span><\/a><\/li><li class='av-share-link av-social-link-linkedin' ><a target=\"_blank\" aria-label=\"Compartir en LinkedIn\" href='https:\/\/linkedin.com\/shareArticle?mini=true&#038;title=Vecinos%20de%20Valle%20Lagunas%20en%20la%20comuna%20de%20Ays%C3%A9n%20contar%C3%A1n%20con%20moderno%20sistema%20fotovoltaico&#038;url=https:\/\/radiorevelacionfm.cl\/?p=3139' aria-hidden='false' data-av_icon='\ue8fc' data-av_iconfont='entypo-fontello' title='' data-avia-related-tooltip='Compartir en LinkedIn' rel=\"noopener\"><span class='avia_hidden_link_text'>Compartir en LinkedIn<\/span><\/a><\/li><li class='av-share-link av-social-link-mail' ><a  aria-label=\"Compartir por correo\" href='mailto:?subject=Vecinos%20de%20Valle%20Lagunas%20en%20la%20comuna%20de%20Ays%C3%A9n%20contar%C3%A1n%20con%20moderno%20sistema%20fotovoltaico&#038;body=https:\/\/radiorevelacionfm.cl\/?p=3139' aria-hidden='false' data-av_icon='\ue805' data-av_iconfont='entypo-fontello' title='' data-avia-related-tooltip='Compartir por correo'><span class='avia_hidden_link_text'>Compartir por correo<\/span><\/a><\/li><\/ul><\/div><\/div>\n<div  style='height:50px' class='hr hr-invisible   avia-builder-el-8  el_after_av_social_share  el_before_av_comments_list '><span class='hr-inner ' ><span class='hr-inner-style'><\/span><\/span><\/div>\n<div  class='av-buildercomment  av-blog-meta-html-info-disabled av-blog-meta-tag-disabled  '><\/div>\n","protected":false},"excerpt":{"rendered":"","protected":false},"author":1,"featured_media":0,"comment_status":"open","ping_status":"open","sticky":false,"template":"","format":"standard","meta":{"footnotes":""},"categories":[38],"tags":[],"class_list":["post-3139","post","type-post","status-publish","format-standard","hentry","category-regional"],"jetpack_featured_media_url":"","_links":{"self":[{"href":"https:\/\/radiorevelacionfm.cl\/index.php?rest_route=\/wp\/v2\/posts\/3139","targetHints":{"allow":["GET"]}}],"collection":[{"href":"https:\/\/radiorevelacionfm.cl\/index.php?rest_route=\/wp\/v2\/posts"}],"about":[{"href":"https:\/\/radiorevelacionfm.cl\/index.php?rest_route=\/wp\/v2\/types\/post"}],"author":[{"embeddable":true,"href":"https:\/\/radiorevelacionfm.cl\/index.php?rest_route=\/wp\/v2\/users\/1"}],"replies":[{"embeddable":true,"href":"https:\/\/radiorevelacionfm.cl\/index.php?rest_route=%2Fwp%2Fv2%2Fcomments&post=3139"}],"version-history":[{"count":1,"href":"https:\/\/radiorevelacionfm.cl\/index.php?rest_route=\/wp\/v2\/posts\/3139\/revisions"}],"predecessor-version":[{"id":3141,"href":"https:\/\/radiorevelacionfm.cl\/index.php?rest_route=\/wp\/v2\/posts\/3139\/revisions\/3141"}],"wp:attachment":[{"href":"https:\/\/radiorevelacionfm.cl\/index.php?rest_route=%2Fwp%2Fv2%2Fmedia&parent=3139"}],"wp:term":[{"taxonomy":"category","embeddable":true,"href":"https:\/\/radiorevelacionfm.cl\/index.php?rest_route=%2Fwp%2Fv2%2Fcategories&post=3139"},{"taxonomy":"post_tag","embeddable":true,"href":"https:\/\/radiorevelacionfm.cl\/index.php?rest_route=%2Fwp%2Fv2%2Ftags&post=3139"}],"curies":[{"name":"wp","href":"https:\/\/api.w.org\/{rel}","templated":true}]}}