{"id":31385,"date":"2023-05-26T17:34:15","date_gmt":"2023-05-26T20:34:15","guid":{"rendered":"https:\/\/radiorevelacionfm.cl\/?p=31385"},"modified":"2023-05-26T17:34:15","modified_gmt":"2023-05-26T20:34:15","slug":"dia-del-patrimonio-ciep-lanza-estudio-arqueologico-para-investigar-la-historia-rural-de-la-region-de-aysen","status":"publish","type":"post","link":"https:\/\/radiorevelacionfm.cl\/?p=31385","title":{"rendered":"D\u00eda del Patrimonio: CIEP lanza estudio arqueol\u00f3gico para investigar la historia rural de la Regi\u00f3n de Ays\u00e9n"},"content":{"rendered":"<div class=\"flex_column av_one_full  flex_column_div av-zero-column-padding first  avia-builder-el-0  el_before_av_one_full  avia-builder-el-first  \" style='border-radius:0px; '><div  class='avia-image-container  av-styling-    avia-builder-el-1  avia-builder-el-no-sibling  avia-align-center '  itemprop=\"image\" itemscope=\"itemscope\" itemtype=\"https:\/\/schema.org\/ImageObject\"  ><div class='avia-image-container-inner'><div class='avia-image-overlay-wrap'><img decoding=\"async\" class='wp-image-31386 avia-img-lazy-loading-not-31386 avia_image' src=\"https:\/\/radiorevelacionfm.cl\/wp-content\/uploads\/2023\/05\/Antiguas-instalaciones-en-Estancia-Rio-Cisnes-1-1.jpg\" alt='' title='Antiguas instalaciones en Estancia R\u00edo Cisnes (1) (1)' height=\"600\" width=\"800\"  itemprop=\"thumbnailUrl\" srcset=\"https:\/\/radiorevelacionfm.cl\/wp-content\/uploads\/2023\/05\/Antiguas-instalaciones-en-Estancia-Rio-Cisnes-1-1.jpg 800w, https:\/\/radiorevelacionfm.cl\/wp-content\/uploads\/2023\/05\/Antiguas-instalaciones-en-Estancia-Rio-Cisnes-1-1-300x225.jpg 300w, https:\/\/radiorevelacionfm.cl\/wp-content\/uploads\/2023\/05\/Antiguas-instalaciones-en-Estancia-Rio-Cisnes-1-1-768x576.jpg 768w, https:\/\/radiorevelacionfm.cl\/wp-content\/uploads\/2023\/05\/Antiguas-instalaciones-en-Estancia-Rio-Cisnes-1-1-705x529.jpg 705w, https:\/\/radiorevelacionfm.cl\/wp-content\/uploads\/2023\/05\/Antiguas-instalaciones-en-Estancia-Rio-Cisnes-1-1-450x338.jpg 450w, https:\/\/radiorevelacionfm.cl\/wp-content\/uploads\/2023\/05\/Antiguas-instalaciones-en-Estancia-Rio-Cisnes-1-1-600x450.jpg 600w\" sizes=\"(max-width: 800px) 100vw, 800px\" \/><\/div><\/div><\/div><\/div><div class=\"flex_column av_one_full  flex_column_div av-zero-column-padding first  avia-builder-el-2  el_after_av_one_full  el_before_av_one_full  column-top-margin\" style='border-radius:0px; '><section class=\"av_textblock_section \"  itemscope=\"itemscope\" itemtype=\"https:\/\/schema.org\/BlogPosting\" itemprop=\"blogPost\" ><div class='avia_textblock  '   itemprop=\"text\" ><p style=\"text-align: center;\"><span style=\"font-size: 18pt;\"><b><span class=\"v1ContentPasted0\" dir=\"LTR\">D\u00eda del Patrimonio: CIEP lanza estudio arqueol\u00f3gico para investigar la historia rural de la Regi\u00f3n de Ays\u00e9n<\/span><\/b><b>\u00a0<\/b><\/span><\/p>\n<div id=\"gtx-trans\" style=\"position: absolute; left: -50px; top: 4.31534px;\">\n<div class=\"gtx-trans-icon\"><\/div>\n<\/div>\n<\/div><\/section><\/div><div class=\"flex_column av_one_full  flex_column_div av-zero-column-padding first  avia-builder-el-4  el_after_av_one_full  el_before_av_hr  column-top-margin\" style='border-radius:0px; '><section class=\"av_textblock_section \"  itemscope=\"itemscope\" itemtype=\"https:\/\/schema.org\/BlogPosting\" itemprop=\"blogPost\" ><div class='avia_textblock  '   itemprop=\"text\" ><p class=\"v1MsoNormal\" style=\"text-align: justify;\" align=\"justify\"><span class=\"v1ContentPasted0\" dir=\"LTR\">En el marco del D\u00eda del Patrimonio de este 2023, el Centro de Investigaci\u00f3n en Ecosistemas de la Patagonia (CIEP) lanzar\u00e1 un estudio de dos a\u00f1os que abordar\u00e1 las din\u00e1micas de asentamiento rural a trav\u00e9s de un<\/span><span class=\"v1ContentPasted0\" dir=\"LTR\">\u00a0estudio<\/span><span class=\"v1ContentPasted0\" dir=\"LTR\">\u00a0arqueol\u00f3gic<\/span><span class=\"v1ContentPasted0\" dir=\"LTR\">o<\/span><span class=\"v1ContentPasted0\" dir=\"LTR\">, que ser\u00e1 financiado por el Gobierno Regional de Ays\u00e9n y su Consejo.\u00a0<\/span><\/p>\n<p class=\"v1MsoNormal\" style=\"text-align: justify;\" align=\"justify\"><span class=\"v1ContentPasted0\" dir=\"LTR\">El equipo de investigaci\u00f3n de CIEP busca estudiar los cambios y continuidades en las distintas estrategias de uso y abandono del espacio rural de la Regi\u00f3n de Ays\u00e9n, entre los siglos XVIII y mediados del siglo XX, con el fin de desentra\u00f1ar las caracter\u00edsticas particulares de la ocupaci\u00f3n humana reciente, utilizando una l\u00ednea de evidencia -los materiales arqueol\u00f3gicos- que no ha tenido una voz en la historia regional.\u00a0<\/span><\/p>\n<p class=\"v1MsoNormal\" style=\"text-align: justify;\" align=\"justify\"><span class=\"v1ContentPasted0\" dir=\"LTR\">Los antecedentes del pasado reciente de Ays\u00e9n provienen de la historia. Esto no es de extra\u00f1arse, ya que el estudio de los testimonios m\u00e1s antiguos se asocia frecuentemente a la arqueolog\u00eda, dejando el \u00e1mbito de lo reciente al relato oral y escrito. Sin embargo, esto no tiene mayor justificaci\u00f3n, ya que los seres humanos, a trav\u00e9s de su actuar, producen restos materiales: estructuras, rasgos, artefactos, basuras, etc. Estos implementos se pueden estudiar con m\u00e9todos arqueol\u00f3gicos, tal y como se estudian los restos m\u00e1s antiguos.\u00a0<\/span><\/p>\n<p class=\"v1MsoNormal\" style=\"text-align: justify;\" align=\"justify\"><span class=\"v1ContentPasted0\" dir=\"LTR\">Al d\u00eda de hoy, la diversidad de restos arqueol\u00f3gicos de tiempos hist\u00f3ricos en la regi\u00f3n es inmensa. Entre ellos se incluyen: construcciones de estancias, ba\u00f1aderos de ovejas, ocupaciones temporarias en cuevas al aire libre, asentamientos de grupos ind\u00edgenas de tiempos recientes, lugares de acontecimientos memorables, entre otros. \u00a0<\/span><\/p>\n<p class=\"v1MsoNormal\" style=\"text-align: justify;\" align=\"justify\"><span class=\"v1ContentPasted0\" dir=\"LTR\">Durante los \u00faltimos 17 a\u00f1os en la regi\u00f3n el equipo de arqueolog\u00eda y patrimonio del CIEP ha realizado\u00a0<\/span><span class=\"v1ContentPasted0\" dir=\"LTR\">investigaciones<\/span><span class=\"v1ContentPasted0\" dir=\"LTR\">\u00a0que han abarcado tanto sectores conocidos, como \u00e1reas inexploradas, permitiendo generar un conocimiento actualizado sobre la historia regional reciente. Por ello, el Gobierno Regional de Ays\u00e9n ha querido apoyar en esta oportunidad, el estudio de los cambios y continuidades en las conductas de los pobladores de la regi\u00f3n, analizando sus estrategias de ocupaci\u00f3n, uso y abandono del espacio.<\/span><\/p>\n<p class=\"v1MsoNormal\" style=\"text-align: justify;\" align=\"justify\"><span class=\"v1ContentPasted0\" dir=\"LTR\">Se utilizar\u00e1n m\u00e9todos tradicionales de la arqueolog\u00eda como prospectar para buscar sitios y realizar algunas excavaciones. Sin embargo, tambi\u00e9n se implementar\u00e1n tecnolog\u00edas novedosas como el levantamiento 3D de estructuras y otros rasgos, como se ha hecho con anterioridad, utilizando el scanner\u00a0<\/span><i><span class=\"v1ContentPasted0\" dir=\"LTR\">Trimble X7<\/span><\/i><span class=\"v1ContentPasted0\" dir=\"LTR\">, una herramienta de alta precisi\u00f3n para caracterizar el estado de la evidencia, la cual ha sido financiada por el Gobierno Regional de Ays\u00e9n, y se ha transformado en una potente ayuda de preservaci\u00f3n del patrimonio. Ning\u00fan otro equipo de arqueolog\u00eda a nivel nacional posee esta tecnolog\u00eda. \u00a0<\/span><\/p>\n<p class=\"v1MsoNormal\" style=\"text-align: justify;\" align=\"justify\"><span class=\"v1ContentPasted0\" dir=\"LTR\">El proyecto est\u00e1 liderado por la Dra. Amalia Nuevo Delaunay, y participan en \u00e9l los dem\u00e1s miembros del equipo de arqueolog\u00eda de CIEP, incluyendo investigadores asociados de otras instituciones como la Universidad de Magallanes y la Universidad de Chile. Destaca la participaci\u00f3n de Diego Galleani, antrop\u00f3logo social de la regi\u00f3n, que est\u00e1 realizando una investigaci\u00f3n del pasado arqueol\u00f3gico reciente en el \u00e1rea de Palena. Tambi\u00e9n contar\u00e1 con la colaboraci\u00f3n de diversas agrupaciones de Ays\u00e9n que velan por la protecci\u00f3n del patrimonio regional desde distintos \u00e1ngulos y con diferentes \u00e9nfasis, como la Corporaci\u00f3n Memoria Austral, Ays\u00e9n Vernacular y DEIXIS. \u00a0\u00a0 <\/span><\/p>\n<\/div><\/section><\/div><div  style='height:50px' class='hr hr-invisible   avia-builder-el-6  el_after_av_one_full  el_before_av_social_share '><span class='hr-inner ' ><span class='hr-inner-style'><\/span><\/span><\/div><\/p>\n<div  class='av-social-sharing-box  avia-builder-el-7  el_after_av_hr  el_before_av_hr  '><div class='av-share-box'><h5 class='av-share-link-description av-no-toc '>Compartir esta noticia<\/h5><ul class='av-share-box-list noLightbox'><li class='av-share-link av-social-link-facebook' ><a target=\"_blank\" aria-label=\"Compartir en Facebook\" href='https:\/\/www.facebook.com\/sharer.php?u=https:\/\/radiorevelacionfm.cl\/?p=31385&#038;t=D%C3%ADa%20del%20Patrimonio%3A%20CIEP%20lanza%20estudio%20arqueol%C3%B3gico%20para%20investigar%20la%20historia%20rural%20de%20la%20Regi%C3%B3n%20de%20Ays%C3%A9n' aria-hidden='false' data-av_icon='\ue8f3' data-av_iconfont='entypo-fontello' title='' data-avia-related-tooltip='Compartir en Facebook' rel=\"noopener\"><span class='avia_hidden_link_text'>Compartir en Facebook<\/span><\/a><\/li><li class='av-share-link av-social-link-twitter' ><a target=\"_blank\" aria-label=\"Compartir en Twitter\" href='https:\/\/twitter.com\/share?text=D%C3%ADa%20del%20Patrimonio%3A%20CIEP%20lanza%20estudio%20arqueol%C3%B3gico%20para%20investigar%20la%20historia%20rural%20de%20la%20Regi%C3%B3n%20de%20Ays%C3%A9n&#038;url=https:\/\/radiorevelacionfm.cl\/?p=31385' aria-hidden='false' data-av_icon='\ue8f1' data-av_iconfont='entypo-fontello' title='' data-avia-related-tooltip='Compartir en Twitter' rel=\"noopener\"><span class='avia_hidden_link_text'>Compartir en Twitter<\/span><\/a><\/li><li class='av-share-link av-social-link-whatsapp' ><a target=\"_blank\" aria-label=\"Compartir en Whatsapp\" href='https:\/\/api.whatsapp.com\/send?text=https:\/\/radiorevelacionfm.cl\/?p=31385' aria-hidden='false' data-av_icon='\uf232' data-av_iconfont='entypo-fontello' title='' data-avia-related-tooltip='Compartir en Whatsapp' rel=\"noopener\"><span class='avia_hidden_link_text'>Compartir en Whatsapp<\/span><\/a><\/li><li class='av-share-link av-social-link-linkedin' ><a target=\"_blank\" aria-label=\"Compartir en LinkedIn\" href='https:\/\/linkedin.com\/shareArticle?mini=true&#038;title=D%C3%ADa%20del%20Patrimonio%3A%20CIEP%20lanza%20estudio%20arqueol%C3%B3gico%20para%20investigar%20la%20historia%20rural%20de%20la%20Regi%C3%B3n%20de%20Ays%C3%A9n&#038;url=https:\/\/radiorevelacionfm.cl\/?p=31385' aria-hidden='false' data-av_icon='\ue8fc' data-av_iconfont='entypo-fontello' title='' data-avia-related-tooltip='Compartir en LinkedIn' rel=\"noopener\"><span class='avia_hidden_link_text'>Compartir en LinkedIn<\/span><\/a><\/li><li class='av-share-link av-social-link-mail' ><a  aria-label=\"Compartir por correo\" href='mailto:?subject=D%C3%ADa%20del%20Patrimonio%3A%20CIEP%20lanza%20estudio%20arqueol%C3%B3gico%20para%20investigar%20la%20historia%20rural%20de%20la%20Regi%C3%B3n%20de%20Ays%C3%A9n&#038;body=https:\/\/radiorevelacionfm.cl\/?p=31385' aria-hidden='false' data-av_icon='\ue805' data-av_iconfont='entypo-fontello' title='' data-avia-related-tooltip='Compartir por correo'><span class='avia_hidden_link_text'>Compartir por correo<\/span><\/a><\/li><\/ul><\/div><\/div>\n<div  style='height:50px' class='hr hr-invisible   avia-builder-el-8  el_after_av_social_share  el_before_av_comments_list '><span class='hr-inner ' ><span class='hr-inner-style'><\/span><\/span><\/div>\n<div  class='av-buildercomment  av-blog-meta-html-info-disabled av-blog-meta-tag-disabled  '><\/div>\n","protected":false},"excerpt":{"rendered":"","protected":false},"author":1,"featured_media":31386,"comment_status":"open","ping_status":"open","sticky":false,"template":"","format":"standard","meta":{"footnotes":""},"categories":[38],"tags":[],"class_list":["post-31385","post","type-post","status-publish","format-standard","has-post-thumbnail","hentry","category-regional"],"jetpack_featured_media_url":"https:\/\/radiorevelacionfm.cl\/wp-content\/uploads\/2023\/05\/Antiguas-instalaciones-en-Estancia-Rio-Cisnes-1-1.jpg","_links":{"self":[{"href":"https:\/\/radiorevelacionfm.cl\/index.php?rest_route=\/wp\/v2\/posts\/31385","targetHints":{"allow":["GET"]}}],"collection":[{"href":"https:\/\/radiorevelacionfm.cl\/index.php?rest_route=\/wp\/v2\/posts"}],"about":[{"href":"https:\/\/radiorevelacionfm.cl\/index.php?rest_route=\/wp\/v2\/types\/post"}],"author":[{"embeddable":true,"href":"https:\/\/radiorevelacionfm.cl\/index.php?rest_route=\/wp\/v2\/users\/1"}],"replies":[{"embeddable":true,"href":"https:\/\/radiorevelacionfm.cl\/index.php?rest_route=%2Fwp%2Fv2%2Fcomments&post=31385"}],"version-history":[{"count":1,"href":"https:\/\/radiorevelacionfm.cl\/index.php?rest_route=\/wp\/v2\/posts\/31385\/revisions"}],"predecessor-version":[{"id":31387,"href":"https:\/\/radiorevelacionfm.cl\/index.php?rest_route=\/wp\/v2\/posts\/31385\/revisions\/31387"}],"wp:featuredmedia":[{"embeddable":true,"href":"https:\/\/radiorevelacionfm.cl\/index.php?rest_route=\/wp\/v2\/media\/31386"}],"wp:attachment":[{"href":"https:\/\/radiorevelacionfm.cl\/index.php?rest_route=%2Fwp%2Fv2%2Fmedia&parent=31385"}],"wp:term":[{"taxonomy":"category","embeddable":true,"href":"https:\/\/radiorevelacionfm.cl\/index.php?rest_route=%2Fwp%2Fv2%2Fcategories&post=31385"},{"taxonomy":"post_tag","embeddable":true,"href":"https:\/\/radiorevelacionfm.cl\/index.php?rest_route=%2Fwp%2Fv2%2Ftags&post=31385"}],"curies":[{"name":"wp","href":"https:\/\/api.w.org\/{rel}","templated":true}]}}