{"id":31376,"date":"2023-05-26T19:15:27","date_gmt":"2023-05-26T22:15:27","guid":{"rendered":"https:\/\/radiorevelacionfm.cl\/?p=31376"},"modified":"2023-05-26T19:15:27","modified_gmt":"2023-05-26T22:15:27","slug":"director-de-seguridad-publica-aysen-no-puede-ser-castigada-por-la-disminucion-de-delitos","status":"publish","type":"post","link":"https:\/\/radiorevelacionfm.cl\/?p=31376","title":{"rendered":"Director de Seguridad P\u00fablica: \u201cAys\u00e9n no puede ser castigada por la disminuci\u00f3n de delitos\u201d"},"content":{"rendered":"<div class=\"flex_column av_one_full  flex_column_div av-zero-column-padding first  avia-builder-el-0  el_before_av_one_full  avia-builder-el-first  \" style='border-radius:0px; '><div  class='avia-image-container  av-styling-    avia-builder-el-1  avia-builder-el-no-sibling  avia-align-center '  itemprop=\"image\" itemscope=\"itemscope\" itemtype=\"https:\/\/schema.org\/ImageObject\"  ><div class='avia-image-container-inner'><div class='avia-image-overlay-wrap'><img decoding=\"async\" class='wp-image-30641 avia-img-lazy-loading-not-30641 avia_image' src=\"https:\/\/radiorevelacionfm.cl\/wp-content\/uploads\/2023\/05\/IMG_0408-1-1.jpg\" alt='' title='IMG_0408 (1) (1)' height=\"600\" width=\"900\"  itemprop=\"thumbnailUrl\" srcset=\"https:\/\/radiorevelacionfm.cl\/wp-content\/uploads\/2023\/05\/IMG_0408-1-1.jpg 900w, https:\/\/radiorevelacionfm.cl\/wp-content\/uploads\/2023\/05\/IMG_0408-1-1-300x200.jpg 300w, https:\/\/radiorevelacionfm.cl\/wp-content\/uploads\/2023\/05\/IMG_0408-1-1-768x512.jpg 768w, https:\/\/radiorevelacionfm.cl\/wp-content\/uploads\/2023\/05\/IMG_0408-1-1-705x470.jpg 705w, https:\/\/radiorevelacionfm.cl\/wp-content\/uploads\/2023\/05\/IMG_0408-1-1-450x300.jpg 450w, https:\/\/radiorevelacionfm.cl\/wp-content\/uploads\/2023\/05\/IMG_0408-1-1-600x400.jpg 600w\" sizes=\"(max-width: 900px) 100vw, 900px\" \/><\/div><\/div><\/div><\/div><div class=\"flex_column av_one_full  flex_column_div av-zero-column-padding first  avia-builder-el-2  el_after_av_one_full  el_before_av_one_full  column-top-margin\" style='border-radius:0px; '><section class=\"av_textblock_section \"  itemscope=\"itemscope\" itemtype=\"https:\/\/schema.org\/BlogPosting\" itemprop=\"blogPost\" ><div class='avia_textblock  '   itemprop=\"text\" ><p style=\"text-align: center;\"><span style=\"font-size: 18pt;\"><strong>Director de Seguridad P\u00fablica: \u201cAys\u00e9n no puede ser castigada por la disminuci\u00f3n de delitos\u201d<\/strong><\/span><\/p>\n<div id=\"gtx-trans\" style=\"position: absolute; left: -50px; top: 4.31534px;\">\n<div class=\"gtx-trans-icon\"><\/div>\n<\/div>\n<\/div><\/section><\/div><div class=\"flex_column av_one_full  flex_column_div av-zero-column-padding first  avia-builder-el-4  el_after_av_one_full  el_before_av_hr  column-top-margin\" style='border-radius:0px; '><section class=\"av_textblock_section \"  itemscope=\"itemscope\" itemtype=\"https:\/\/schema.org\/BlogPosting\" itemprop=\"blogPost\" ><div class='avia_textblock  '   itemprop=\"text\" ><p style=\"text-align: justify;\">La Municipalidad de Ays\u00e9n se encuentra ejecutando una cartera de proyectos enfocados en la prevenci\u00f3n del delito, con la finalidad de entregar mayor tranquilidad a las vecinas y vecinos de la comuna. No obstante, durante la implementaci\u00f3n a nivel nacional de los planes relacionados con seguridad, la comuna de Ays\u00e9n ha sido dejada fuera de los programas recientemente instaurados, como el \u201cPlan Calles sin Violencia\u201d.<\/p>\n<p style=\"text-align: justify;\">De acuerdo a lo se\u00f1alado por el director de Seguridad P\u00fablica, Marco Co\u00f1uecar, \u201cno podemos ser castigados por la baja de delitos, porque esto se debe a un trabajo colaborativo y a un esfuerzo con Carabineros que hemos redoblado en la comuna\u201d, destacando que la Municipalidad de Ays\u00e9n es la \u00fanica de la regi\u00f3n en contar con una direcci\u00f3n de Seguridad P\u00fablica.<\/p>\n<p style=\"text-align: justify;\">\u201cHemos visto que gran parte de los recursos se quedan en la capital regional, por lo que creemos que es importante que se haga un reconocimiento al trabajo que hemos estado ejecutando y podamos ser considerados para la implementaci\u00f3n de futuras pol\u00edticas enfocadas en la prevenci\u00f3n y combate de los delitos\u201d, agreg\u00f3 Co\u00f1uecar.<\/p>\n<p style=\"text-align: justify;\">Actualmente, la Direcci\u00f3n de Seguridad P\u00fablica se encuentra ejecutando un proyecto para dotar de nuevas luminarias y c\u00e1maras de televigilancia al Parque Municipal de Puerto Ays\u00e9n, ex Isla D\u00edaz, para prevenir el consumo de sustancias il\u00edcitas en el espacio p\u00fablico. Estas acciones se complementan con las fiscalizaciones que se llevan a cabo a los locales nocturnos, en colaboraci\u00f3n con Carabineros y el Servicio de Impuestos Internos.<\/p>\n<p style=\"text-align: justify;\">Estas acciones han marcado un precedente, que se refleja en la contribuci\u00f3n a los bajos \u00edndices delictivos de alta connotaci\u00f3n social. As\u00ed mismo, se realizan frecuentes patrullajes nocturnos en las diversas localidades de la comuna, en los que junto con Carabineros se efect\u00faan controles de alcoholemia y documentaci\u00f3n a los automovilistas. Adem\u00e1s, la Direcci\u00f3n ejecuta labores de apoyo en los controles aduaneros que se realizan en Puerto Chacabuco, para ayudar a interceptar cargamentos ilegales que pudiesen intentar ser ingresados a la regi\u00f3n.<\/p>\n<p style=\"text-align: justify;\">Los bajos \u00edndices de tasas delictivas se deben, en palabras de Co\u00f1uecar, al trabajo conjunto que se realiza de manera coordinada entre Carabineros, la PDI, la Armada de Chile, Aduanas, Servicio de Impuestos Internos y el Municipio. \u201cAqu\u00ed hay un trabajo mancomunado, hemos incluido a m\u00e1s organismos para fiscalizar y aumentar los esfuerzos por una mayor seguridad. Si bien la comuna presenta una considerable baja de delitos, no puede significar un castigo a la hora de entregar recursos. Al contrario, esperamos que nuestro trabajo sea reconocido por las autoridades para entregarnos el apoyo y los recursos necesarios\u201d, agreg\u00f3 Co\u00f1uecar.<\/p>\n<p style=\"text-align: justify;\">La Seguridad P\u00fablica es uno de los ejes en que se centra la actual administraci\u00f3n, y para ello se postulan y ejecutan iniciativas como la reposici\u00f3n de luminarias e instalaci\u00f3n de cada vez m\u00e1s c\u00e1maras de televigilancia. No obstante, para seguir avanzando, se requiere del apoyo de las autoridades con el fin que se puedan ejecutar m\u00e1s acciones en directo beneficio de la comunidad.<\/p>\n<\/div><\/section><\/div><div  style='height:50px' class='hr hr-invisible   avia-builder-el-6  el_after_av_one_full  el_before_av_social_share '><span class='hr-inner ' ><span class='hr-inner-style'><\/span><\/span><\/div><\/p>\n<div  class='av-social-sharing-box  avia-builder-el-7  el_after_av_hr  el_before_av_hr  '><div class='av-share-box'><h5 class='av-share-link-description av-no-toc '>Compartir esta noticia<\/h5><ul class='av-share-box-list noLightbox'><li class='av-share-link av-social-link-facebook' ><a target=\"_blank\" aria-label=\"Compartir en Facebook\" href='https:\/\/www.facebook.com\/sharer.php?u=https:\/\/radiorevelacionfm.cl\/?p=31376&#038;t=Director%20de%20Seguridad%20P%C3%BAblica%3A%20%E2%80%9CAys%C3%A9n%20no%20puede%20ser%20castigada%20por%20la%20disminuci%C3%B3n%20de%20delitos%E2%80%9D' aria-hidden='false' data-av_icon='\ue8f3' data-av_iconfont='entypo-fontello' title='' data-avia-related-tooltip='Compartir en Facebook' rel=\"noopener\"><span class='avia_hidden_link_text'>Compartir en Facebook<\/span><\/a><\/li><li class='av-share-link av-social-link-twitter' ><a target=\"_blank\" aria-label=\"Compartir en Twitter\" href='https:\/\/twitter.com\/share?text=Director%20de%20Seguridad%20P%C3%BAblica%3A%20%E2%80%9CAys%C3%A9n%20no%20puede%20ser%20castigada%20por%20la%20disminuci%C3%B3n%20de%20delitos%E2%80%9D&#038;url=https:\/\/radiorevelacionfm.cl\/?p=31376' aria-hidden='false' data-av_icon='\ue8f1' data-av_iconfont='entypo-fontello' title='' data-avia-related-tooltip='Compartir en Twitter' rel=\"noopener\"><span class='avia_hidden_link_text'>Compartir en Twitter<\/span><\/a><\/li><li class='av-share-link av-social-link-whatsapp' ><a target=\"_blank\" aria-label=\"Compartir en Whatsapp\" href='https:\/\/api.whatsapp.com\/send?text=https:\/\/radiorevelacionfm.cl\/?p=31376' aria-hidden='false' data-av_icon='\uf232' data-av_iconfont='entypo-fontello' title='' data-avia-related-tooltip='Compartir en Whatsapp' rel=\"noopener\"><span class='avia_hidden_link_text'>Compartir en Whatsapp<\/span><\/a><\/li><li class='av-share-link av-social-link-linkedin' ><a target=\"_blank\" aria-label=\"Compartir en LinkedIn\" href='https:\/\/linkedin.com\/shareArticle?mini=true&#038;title=Director%20de%20Seguridad%20P%C3%BAblica%3A%20%E2%80%9CAys%C3%A9n%20no%20puede%20ser%20castigada%20por%20la%20disminuci%C3%B3n%20de%20delitos%E2%80%9D&#038;url=https:\/\/radiorevelacionfm.cl\/?p=31376' aria-hidden='false' data-av_icon='\ue8fc' data-av_iconfont='entypo-fontello' title='' data-avia-related-tooltip='Compartir en LinkedIn' rel=\"noopener\"><span class='avia_hidden_link_text'>Compartir en LinkedIn<\/span><\/a><\/li><li class='av-share-link av-social-link-mail' ><a  aria-label=\"Compartir por correo\" href='mailto:?subject=Director%20de%20Seguridad%20P%C3%BAblica%3A%20%E2%80%9CAys%C3%A9n%20no%20puede%20ser%20castigada%20por%20la%20disminuci%C3%B3n%20de%20delitos%E2%80%9D&#038;body=https:\/\/radiorevelacionfm.cl\/?p=31376' aria-hidden='false' data-av_icon='\ue805' data-av_iconfont='entypo-fontello' title='' data-avia-related-tooltip='Compartir por correo'><span class='avia_hidden_link_text'>Compartir por correo<\/span><\/a><\/li><\/ul><\/div><\/div>\n<div  style='height:50px' class='hr hr-invisible   avia-builder-el-8  el_after_av_social_share  el_before_av_comments_list '><span class='hr-inner ' ><span class='hr-inner-style'><\/span><\/span><\/div>\n<div  class='av-buildercomment  av-blog-meta-html-info-disabled av-blog-meta-tag-disabled  '><\/div>\n","protected":false},"excerpt":{"rendered":"","protected":false},"author":1,"featured_media":30641,"comment_status":"open","ping_status":"open","sticky":false,"template":"","format":"standard","meta":{"footnotes":""},"categories":[38],"tags":[],"class_list":["post-31376","post","type-post","status-publish","format-standard","has-post-thumbnail","hentry","category-regional"],"jetpack_featured_media_url":"https:\/\/radiorevelacionfm.cl\/wp-content\/uploads\/2023\/05\/IMG_0408-1-1.jpg","_links":{"self":[{"href":"https:\/\/radiorevelacionfm.cl\/index.php?rest_route=\/wp\/v2\/posts\/31376","targetHints":{"allow":["GET"]}}],"collection":[{"href":"https:\/\/radiorevelacionfm.cl\/index.php?rest_route=\/wp\/v2\/posts"}],"about":[{"href":"https:\/\/radiorevelacionfm.cl\/index.php?rest_route=\/wp\/v2\/types\/post"}],"author":[{"embeddable":true,"href":"https:\/\/radiorevelacionfm.cl\/index.php?rest_route=\/wp\/v2\/users\/1"}],"replies":[{"embeddable":true,"href":"https:\/\/radiorevelacionfm.cl\/index.php?rest_route=%2Fwp%2Fv2%2Fcomments&post=31376"}],"version-history":[{"count":1,"href":"https:\/\/radiorevelacionfm.cl\/index.php?rest_route=\/wp\/v2\/posts\/31376\/revisions"}],"predecessor-version":[{"id":31377,"href":"https:\/\/radiorevelacionfm.cl\/index.php?rest_route=\/wp\/v2\/posts\/31376\/revisions\/31377"}],"wp:featuredmedia":[{"embeddable":true,"href":"https:\/\/radiorevelacionfm.cl\/index.php?rest_route=\/wp\/v2\/media\/30641"}],"wp:attachment":[{"href":"https:\/\/radiorevelacionfm.cl\/index.php?rest_route=%2Fwp%2Fv2%2Fmedia&parent=31376"}],"wp:term":[{"taxonomy":"category","embeddable":true,"href":"https:\/\/radiorevelacionfm.cl\/index.php?rest_route=%2Fwp%2Fv2%2Fcategories&post=31376"},{"taxonomy":"post_tag","embeddable":true,"href":"https:\/\/radiorevelacionfm.cl\/index.php?rest_route=%2Fwp%2Fv2%2Ftags&post=31376"}],"curies":[{"name":"wp","href":"https:\/\/api.w.org\/{rel}","templated":true}]}}