{"id":31372,"date":"2023-05-25T21:40:32","date_gmt":"2023-05-26T00:40:32","guid":{"rendered":"https:\/\/radiorevelacionfm.cl\/?p=31372"},"modified":"2023-05-25T21:40:32","modified_gmt":"2023-05-26T00:40:32","slug":"frio-fin-de-semana-temperaturas-podrian-llegar-a-6-grados-en-la-region-de-aysen","status":"publish","type":"post","link":"https:\/\/radiorevelacionfm.cl\/?p=31372","title":{"rendered":"Fr\u00edo fin de semana, temperaturas podr\u00edan llegar a -6 grados en la regi\u00f3n de Ays\u00e9n"},"content":{"rendered":"<div class=\"flex_column av_one_full  flex_column_div av-zero-column-padding first  avia-builder-el-0  el_before_av_one_full  avia-builder-el-first  \" style='border-radius:0px; '><div  class='avia-image-container  av-styling-    avia-builder-el-1  avia-builder-el-no-sibling  avia-align-center '  itemprop=\"image\" itemscope=\"itemscope\" itemtype=\"https:\/\/schema.org\/ImageObject\"  ><div class='avia-image-container-inner'><div class='avia-image-overlay-wrap'><img decoding=\"async\" class='wp-image-31373 avia-img-lazy-loading-not-31373 avia_image' src=\"https:\/\/radiorevelacionfm.cl\/wp-content\/uploads\/2023\/05\/nieve-1_optimized.jpg\" alt='' title='nieve-(1)_optimized' height=\"600\" width=\"800\"  itemprop=\"thumbnailUrl\" srcset=\"https:\/\/radiorevelacionfm.cl\/wp-content\/uploads\/2023\/05\/nieve-1_optimized.jpg 800w, https:\/\/radiorevelacionfm.cl\/wp-content\/uploads\/2023\/05\/nieve-1_optimized-300x225.jpg 300w, https:\/\/radiorevelacionfm.cl\/wp-content\/uploads\/2023\/05\/nieve-1_optimized-768x576.jpg 768w, https:\/\/radiorevelacionfm.cl\/wp-content\/uploads\/2023\/05\/nieve-1_optimized-705x529.jpg 705w, https:\/\/radiorevelacionfm.cl\/wp-content\/uploads\/2023\/05\/nieve-1_optimized-450x338.jpg 450w, https:\/\/radiorevelacionfm.cl\/wp-content\/uploads\/2023\/05\/nieve-1_optimized-600x450.jpg 600w\" sizes=\"(max-width: 800px) 100vw, 800px\" \/><\/div><\/div><\/div><\/div><div class=\"flex_column av_one_full  flex_column_div av-zero-column-padding first  avia-builder-el-2  el_after_av_one_full  el_before_av_one_full  column-top-margin\" style='border-radius:0px; '><section class=\"av_textblock_section \"  itemscope=\"itemscope\" itemtype=\"https:\/\/schema.org\/BlogPosting\" itemprop=\"blogPost\" ><div class='avia_textblock  '   itemprop=\"text\" ><p style=\"text-align: center;\"><strong><span style=\"font-size: 18pt;\">Fr\u00edo fin de semana, temperaturas podr\u00edan llegar a -6 grados en la regi\u00f3n de Ays\u00e9n<\/span><\/strong><\/p>\n<div id=\"gtx-trans\" style=\"position: absolute; left: -50px; top: 4.31534px;\">\n<div class=\"gtx-trans-icon\"><\/div>\n<\/div>\n<\/div><\/section><\/div><div class=\"flex_column av_one_full  flex_column_div av-zero-column-padding first  avia-builder-el-4  el_after_av_one_full  el_before_av_hr  column-top-margin\" style='border-radius:0px; '><section class=\"av_textblock_section \"  itemscope=\"itemscope\" itemtype=\"https:\/\/schema.org\/BlogPosting\" itemprop=\"blogPost\" ><div class='avia_textblock  '   itemprop=\"text\" ><p style=\"text-align: justify;\">Durante el per\u00edodo comprendido entre las fechas viernes 26 de mayo y lunes 29 de mayo, se espera que en la Regi\u00f3n de Ays\u00e9n predominen las bajas temperaturas y los cielos mayormente nublados o cubiertos. Las precipitaciones, si se presentan, ser\u00e1n escasas o nulas y de car\u00e1cter d\u00e9bil. Adem\u00e1s, se prev\u00e9 una disminuci\u00f3n en las temperaturas y la velocidad del viento a lo habitual, creando un escenario de baja ventilaci\u00f3n atmosf\u00e9rica, particularmente durante los d\u00edas domingo y lunes.<\/p>\n<p style=\"text-align: justify;\">Se anticipan precipitaciones d\u00e9biles en el litoral norte de la regi\u00f3n para los d\u00edas viernes y lunes. Las temperaturas ser\u00e1n m\u00e1s bajas de lo normal para esta \u00e9poca del a\u00f1o.<\/p>\n<p style=\"text-align: justify;\">Sin embargo, se pronostica que a partir del domingo se observe un incremento gradual en las temperaturas. El d\u00eda s\u00e1bado, en localidades como Puerto Ays\u00e9n, Coyhaique, Balmaceda y Cochrane, las temperaturas m\u00ednimas diarias podr\u00edan descender a menos de -5\u00b0C. Durante este per\u00edodo, las temperaturas m\u00e1ximas diarias no superar\u00e1n los 10 \u00b0C en la regi\u00f3n. El viernes, se espera que la cota de nieve se ubique a una altura promedio inferior a 700 metros en la mayor\u00eda de las localidades, para luego ascender gradualmente a m\u00e1s de 2000 metros hacia el d\u00eda<br \/>\nlunes. En lo que respecta al viento, hay una baja probabilidad de que se registren r\u00e1fagas superiores a 65 km\/h en la regi\u00f3n durante este per\u00edodo. Los vientos ser\u00e1n de baja intensidad o nulos en algunas horas del d\u00eda.<\/p>\n<p style=\"text-align: justify;\">Las r\u00e1fagas m\u00e1ximas diarias de viento se esperan en Puerto Ing. Iba\u00f1ez, con valores cercanos a los 60 km\/h para los d\u00edas viernes y s\u00e1bado, lo que equivale a 8 en la escala de. Las condiciones sin\u00f3pticas que generar\u00e1n esta estabilidad atmosf\u00e9rica se deben a una alta presi\u00f3n migratoria, acompa\u00f1ada de advecci\u00f3n de aire polar.<\/p>\n<p style=\"text-align: justify;\">Esta din\u00e1mica generar\u00e1 en superficie un transporte de aire fr\u00edo polar, el principal responsable de las bajas temperaturas esperadas. Dada la alta migratoria, es probable que se produzca inversi\u00f3n t\u00e9rmica en altura, lo que, en conjunto con el viento, podr\u00eda afectar la ventilaci\u00f3n de las cuencas, creando condiciones favorables para episodios de contaminaci\u00f3n atmosf\u00e9rica.<\/p>\n<\/div><\/section><\/div><div  style='height:50px' class='hr hr-invisible   avia-builder-el-6  el_after_av_one_full  el_before_av_social_share '><span class='hr-inner ' ><span class='hr-inner-style'><\/span><\/span><\/div><\/p>\n<div  class='av-social-sharing-box  avia-builder-el-7  el_after_av_hr  el_before_av_hr  '><div class='av-share-box'><h5 class='av-share-link-description av-no-toc '>Compartir esta noticia<\/h5><ul class='av-share-box-list noLightbox'><li class='av-share-link av-social-link-facebook' ><a target=\"_blank\" aria-label=\"Compartir en Facebook\" href='https:\/\/www.facebook.com\/sharer.php?u=https:\/\/radiorevelacionfm.cl\/?p=31372&#038;t=Fr%C3%ADo%20fin%20de%20semana%2C%20temperaturas%20podr%C3%ADan%20llegar%20a%20-6%20grados%20en%20la%20regi%C3%B3n%20de%20Ays%C3%A9n' aria-hidden='false' data-av_icon='\ue8f3' data-av_iconfont='entypo-fontello' title='' data-avia-related-tooltip='Compartir en Facebook' rel=\"noopener\"><span class='avia_hidden_link_text'>Compartir en Facebook<\/span><\/a><\/li><li class='av-share-link av-social-link-twitter' ><a target=\"_blank\" aria-label=\"Compartir en Twitter\" href='https:\/\/twitter.com\/share?text=Fr%C3%ADo%20fin%20de%20semana%2C%20temperaturas%20podr%C3%ADan%20llegar%20a%20-6%20grados%20en%20la%20regi%C3%B3n%20de%20Ays%C3%A9n&#038;url=https:\/\/radiorevelacionfm.cl\/?p=31372' aria-hidden='false' data-av_icon='\ue8f1' data-av_iconfont='entypo-fontello' title='' data-avia-related-tooltip='Compartir en Twitter' rel=\"noopener\"><span class='avia_hidden_link_text'>Compartir en Twitter<\/span><\/a><\/li><li class='av-share-link av-social-link-whatsapp' ><a target=\"_blank\" aria-label=\"Compartir en Whatsapp\" href='https:\/\/api.whatsapp.com\/send?text=https:\/\/radiorevelacionfm.cl\/?p=31372' aria-hidden='false' data-av_icon='\uf232' data-av_iconfont='entypo-fontello' title='' data-avia-related-tooltip='Compartir en Whatsapp' rel=\"noopener\"><span class='avia_hidden_link_text'>Compartir en Whatsapp<\/span><\/a><\/li><li class='av-share-link av-social-link-linkedin' ><a target=\"_blank\" aria-label=\"Compartir en LinkedIn\" href='https:\/\/linkedin.com\/shareArticle?mini=true&#038;title=Fr%C3%ADo%20fin%20de%20semana%2C%20temperaturas%20podr%C3%ADan%20llegar%20a%20-6%20grados%20en%20la%20regi%C3%B3n%20de%20Ays%C3%A9n&#038;url=https:\/\/radiorevelacionfm.cl\/?p=31372' aria-hidden='false' data-av_icon='\ue8fc' data-av_iconfont='entypo-fontello' title='' data-avia-related-tooltip='Compartir en LinkedIn' rel=\"noopener\"><span class='avia_hidden_link_text'>Compartir en LinkedIn<\/span><\/a><\/li><li class='av-share-link av-social-link-mail' ><a  aria-label=\"Compartir por correo\" href='mailto:?subject=Fr%C3%ADo%20fin%20de%20semana%2C%20temperaturas%20podr%C3%ADan%20llegar%20a%20-6%20grados%20en%20la%20regi%C3%B3n%20de%20Ays%C3%A9n&#038;body=https:\/\/radiorevelacionfm.cl\/?p=31372' aria-hidden='false' data-av_icon='\ue805' data-av_iconfont='entypo-fontello' title='' data-avia-related-tooltip='Compartir por correo'><span class='avia_hidden_link_text'>Compartir por correo<\/span><\/a><\/li><\/ul><\/div><\/div>\n<div  style='height:50px' class='hr hr-invisible   avia-builder-el-8  el_after_av_social_share  el_before_av_comments_list '><span class='hr-inner ' ><span class='hr-inner-style'><\/span><\/span><\/div>\n<div  class='av-buildercomment  av-blog-meta-html-info-disabled av-blog-meta-tag-disabled  '><\/div>\n","protected":false},"excerpt":{"rendered":"","protected":false},"author":1,"featured_media":31373,"comment_status":"open","ping_status":"open","sticky":false,"template":"","format":"standard","meta":{"footnotes":""},"categories":[38],"tags":[],"class_list":["post-31372","post","type-post","status-publish","format-standard","has-post-thumbnail","hentry","category-regional"],"jetpack_featured_media_url":"https:\/\/radiorevelacionfm.cl\/wp-content\/uploads\/2023\/05\/nieve-1_optimized.jpg","_links":{"self":[{"href":"https:\/\/radiorevelacionfm.cl\/index.php?rest_route=\/wp\/v2\/posts\/31372","targetHints":{"allow":["GET"]}}],"collection":[{"href":"https:\/\/radiorevelacionfm.cl\/index.php?rest_route=\/wp\/v2\/posts"}],"about":[{"href":"https:\/\/radiorevelacionfm.cl\/index.php?rest_route=\/wp\/v2\/types\/post"}],"author":[{"embeddable":true,"href":"https:\/\/radiorevelacionfm.cl\/index.php?rest_route=\/wp\/v2\/users\/1"}],"replies":[{"embeddable":true,"href":"https:\/\/radiorevelacionfm.cl\/index.php?rest_route=%2Fwp%2Fv2%2Fcomments&post=31372"}],"version-history":[{"count":1,"href":"https:\/\/radiorevelacionfm.cl\/index.php?rest_route=\/wp\/v2\/posts\/31372\/revisions"}],"predecessor-version":[{"id":31374,"href":"https:\/\/radiorevelacionfm.cl\/index.php?rest_route=\/wp\/v2\/posts\/31372\/revisions\/31374"}],"wp:featuredmedia":[{"embeddable":true,"href":"https:\/\/radiorevelacionfm.cl\/index.php?rest_route=\/wp\/v2\/media\/31373"}],"wp:attachment":[{"href":"https:\/\/radiorevelacionfm.cl\/index.php?rest_route=%2Fwp%2Fv2%2Fmedia&parent=31372"}],"wp:term":[{"taxonomy":"category","embeddable":true,"href":"https:\/\/radiorevelacionfm.cl\/index.php?rest_route=%2Fwp%2Fv2%2Fcategories&post=31372"},{"taxonomy":"post_tag","embeddable":true,"href":"https:\/\/radiorevelacionfm.cl\/index.php?rest_route=%2Fwp%2Fv2%2Ftags&post=31372"}],"curies":[{"name":"wp","href":"https:\/\/api.w.org\/{rel}","templated":true}]}}