{"id":31369,"date":"2023-05-26T11:11:41","date_gmt":"2023-05-26T14:11:41","guid":{"rendered":"https:\/\/radiorevelacionfm.cl\/?p=31369"},"modified":"2023-05-26T11:11:41","modified_gmt":"2023-05-26T14:11:41","slug":"sernameg-reitera-llamado-a-postular-al-fondo-para-la-equidad-de-genero-2023","status":"publish","type":"post","link":"https:\/\/radiorevelacionfm.cl\/?p=31369","title":{"rendered":"SernamEG reitera llamado a postular al Fondo para la Equidad de G\u00e9nero 2023"},"content":{"rendered":"<div class=\"flex_column av_one_full  flex_column_div av-zero-column-padding first  avia-builder-el-0  el_before_av_one_full  avia-builder-el-first  \" style='border-radius:0px; '><div  class='avia-image-container  av-styling-    avia-builder-el-1  avia-builder-el-no-sibling  avia-align-center '  itemprop=\"image\" itemscope=\"itemscope\" itemtype=\"https:\/\/schema.org\/ImageObject\"  ><div class='avia-image-container-inner'><div class='avia-image-overlay-wrap'><img decoding=\"async\" class='wp-image-31370 avia-img-lazy-loading-not-31370 avia_image' src=\"https:\/\/radiorevelacionfm.cl\/wp-content\/uploads\/2023\/05\/DSC_0075-3-1-1.jpg\" alt='' title='DSC_0075 (3) (1) (1)' height=\"600\" width=\"901\"  itemprop=\"thumbnailUrl\" srcset=\"https:\/\/radiorevelacionfm.cl\/wp-content\/uploads\/2023\/05\/DSC_0075-3-1-1.jpg 901w, https:\/\/radiorevelacionfm.cl\/wp-content\/uploads\/2023\/05\/DSC_0075-3-1-1-300x200.jpg 300w, https:\/\/radiorevelacionfm.cl\/wp-content\/uploads\/2023\/05\/DSC_0075-3-1-1-768x511.jpg 768w, https:\/\/radiorevelacionfm.cl\/wp-content\/uploads\/2023\/05\/DSC_0075-3-1-1-705x469.jpg 705w, https:\/\/radiorevelacionfm.cl\/wp-content\/uploads\/2023\/05\/DSC_0075-3-1-1-450x300.jpg 450w, https:\/\/radiorevelacionfm.cl\/wp-content\/uploads\/2023\/05\/DSC_0075-3-1-1-600x400.jpg 600w\" sizes=\"(max-width: 901px) 100vw, 901px\" \/><\/div><\/div><\/div><\/div><div class=\"flex_column av_one_full  flex_column_div av-zero-column-padding first  avia-builder-el-2  el_after_av_one_full  el_before_av_one_full  column-top-margin\" style='border-radius:0px; '><section class=\"av_textblock_section \"  itemscope=\"itemscope\" itemtype=\"https:\/\/schema.org\/BlogPosting\" itemprop=\"blogPost\" ><div class='avia_textblock  '   itemprop=\"text\" ><p style=\"text-align: center;\"><strong><span style=\"font-size: 18pt;\">SernamEG reitera llamado a postular al Fondo para la Equidad de G\u00e9nero 2023<\/span><\/strong><\/p>\n<div id=\"gtx-trans\" style=\"position: absolute; left: -50px; top: 4.31534px;\">\n<div class=\"gtx-trans-icon\"><\/div>\n<\/div>\n<\/div><\/section><\/div><div class=\"flex_column av_one_full  flex_column_div av-zero-column-padding first  avia-builder-el-4  el_after_av_one_full  el_before_av_hr  column-top-margin\" style='border-radius:0px; '><section class=\"av_textblock_section \"  itemscope=\"itemscope\" itemtype=\"https:\/\/schema.org\/BlogPosting\" itemprop=\"blogPost\" ><div class='avia_textblock  '   itemprop=\"text\" ><p style=\"text-align: justify;\">Por tercer a\u00f1o consecutivo, las personas naturales y jur\u00eddicas tienen la oportunidad de postular proyectos que apunten a la participaci\u00f3n, asociatividad y liderazgo de las mujeres, financiados por el\u00a0Fondo para la Equidad de G\u00e9nero 2023, del Ministerio de la Mujer y la Equidad de G\u00e9nero, que es ejecutado por el Servicio Nacional de la Mujer y la Equidad de G\u00e9nero, SernamEG.<\/p>\n<p style=\"text-align: justify;\">Junto con informar que el lunes 29 de mayo es el \u00faltimo plazo para realizar el tr\u00e1mite en el sitio fondos.gob la Seremi de la Mujer y la Equidad de G\u00e9nero, Andrea M\u00e9ndez Valenzuela, dijo: \u00abComo Ministerio tenemos la convicci\u00f3n de que hay respuestas creativas y pertinentes a las necesidades de las mujeres que emanan de sus propias experiencias. En consecuencia, las invitamos a postular al Fondo para la Equidad de G\u00e9nero con iniciativas que pongan en el centro el fortalecimiento de las organizaciones y de sus redes de asociatividad, es decir que permitan robustecer las instancias de encuentro y organizaci\u00f3n entre las mujeres de\u00a0nuestra Regi\u00f3n\u00bb.<\/p>\n<p style=\"text-align: justify;\">Por su parte, la Directora Regional (S) de SernamEG, Marta Godoy Carvajal, se refiri\u00f3 a la diversidad de propuestas que se pueden presentar, \u201cen la regi\u00f3n de Ays\u00e9n hemos tenido encuentros de mujeres que apuntan a fortalecer la asociatividad, as\u00ed como alfabetizaci\u00f3n digital que fue muy necesario en tiempos de pandemia, entre otras iniciativas. Esperamos como Servicio que haya postulaciones de diferentes localidades; de esta forma, descentralizamos la entrega de recursos p\u00fablicos en los territorios\u201d.<\/p>\n<p style=\"text-align: justify;\">\u201cEncuentro de mujeres que siembran conciencia socioambiental\u201d se denomin\u00f3 la actividad que, durante tres d\u00edas, se realiz\u00f3 en el Parque Nacional Patagonia y en Puerto Guadal; organizado por la agrupaci\u00f3n cultural \u201cUrdiembre Cultural de Chile Chico\u201d. La coordinadora del proyecto ganador 2022, Francisca Parra Guzm\u00e1n, manifest\u00f3: \u201cfue una actividad maravillosa en la que se pudieron establecer lazos entre mujeres que activan en sus territorios, la defensa y el cuidado del medio ambiente. Esa experiencia nos deja con el deseo de volver a postular; as\u00ed que las y los invitamos a esta versi\u00f3n 2023 del Fondo para que sus proyectos e ideas puedan concretarse en beneficio de sus comunidades\u201d.<\/p>\n<p style=\"text-align: justify;\">Dos son las l\u00edneas de acci\u00f3n del Fondo para la Equidad de G\u00e9nero a la que pueden postular personas jur\u00eddicas y naturales; se trata del Fortalecimiento interno de la organizaci\u00f3n y Fortalecimiento de las redes de asociatividad. Por consiguiente, los proyectos pueden promocionar el desarrollo de organizaciones, la incidencia y participaci\u00f3n ciudadana de las mujeres, a trav\u00e9s de actividades e iniciativas en la que puedan levantar y fundamentar opiniones y propuestas referidas a pol\u00edticas p\u00fablicas para sus territorios y a nivel nacional. Finalmente, las postulaciones al Fondo para la Equidad de G\u00e9nero culminan el lunes 29 de mayo.<\/p>\n<\/div><\/section><\/div><div  style='height:50px' class='hr hr-invisible   avia-builder-el-6  el_after_av_one_full  el_before_av_social_share '><span class='hr-inner ' ><span class='hr-inner-style'><\/span><\/span><\/div><\/p>\n<div  class='av-social-sharing-box  avia-builder-el-7  el_after_av_hr  el_before_av_hr  '><div class='av-share-box'><h5 class='av-share-link-description av-no-toc '>Compartir esta noticia<\/h5><ul class='av-share-box-list noLightbox'><li class='av-share-link av-social-link-facebook' ><a target=\"_blank\" aria-label=\"Compartir en Facebook\" href='https:\/\/www.facebook.com\/sharer.php?u=https:\/\/radiorevelacionfm.cl\/?p=31369&#038;t=SernamEG%20reitera%20llamado%20a%20postular%20al%20Fondo%20para%20la%20Equidad%20de%20G%C3%A9nero%202023' aria-hidden='false' data-av_icon='\ue8f3' data-av_iconfont='entypo-fontello' title='' data-avia-related-tooltip='Compartir en Facebook' rel=\"noopener\"><span class='avia_hidden_link_text'>Compartir en Facebook<\/span><\/a><\/li><li class='av-share-link av-social-link-twitter' ><a target=\"_blank\" aria-label=\"Compartir en Twitter\" href='https:\/\/twitter.com\/share?text=SernamEG%20reitera%20llamado%20a%20postular%20al%20Fondo%20para%20la%20Equidad%20de%20G%C3%A9nero%202023&#038;url=https:\/\/radiorevelacionfm.cl\/?p=31369' aria-hidden='false' data-av_icon='\ue8f1' data-av_iconfont='entypo-fontello' title='' data-avia-related-tooltip='Compartir en Twitter' rel=\"noopener\"><span class='avia_hidden_link_text'>Compartir en Twitter<\/span><\/a><\/li><li class='av-share-link av-social-link-whatsapp' ><a target=\"_blank\" aria-label=\"Compartir en Whatsapp\" href='https:\/\/api.whatsapp.com\/send?text=https:\/\/radiorevelacionfm.cl\/?p=31369' aria-hidden='false' data-av_icon='\uf232' data-av_iconfont='entypo-fontello' title='' data-avia-related-tooltip='Compartir en Whatsapp' rel=\"noopener\"><span class='avia_hidden_link_text'>Compartir en Whatsapp<\/span><\/a><\/li><li class='av-share-link av-social-link-linkedin' ><a target=\"_blank\" aria-label=\"Compartir en LinkedIn\" href='https:\/\/linkedin.com\/shareArticle?mini=true&#038;title=SernamEG%20reitera%20llamado%20a%20postular%20al%20Fondo%20para%20la%20Equidad%20de%20G%C3%A9nero%202023&#038;url=https:\/\/radiorevelacionfm.cl\/?p=31369' aria-hidden='false' data-av_icon='\ue8fc' data-av_iconfont='entypo-fontello' title='' data-avia-related-tooltip='Compartir en LinkedIn' rel=\"noopener\"><span class='avia_hidden_link_text'>Compartir en LinkedIn<\/span><\/a><\/li><li class='av-share-link av-social-link-mail' ><a  aria-label=\"Compartir por correo\" href='mailto:?subject=SernamEG%20reitera%20llamado%20a%20postular%20al%20Fondo%20para%20la%20Equidad%20de%20G%C3%A9nero%202023&#038;body=https:\/\/radiorevelacionfm.cl\/?p=31369' aria-hidden='false' data-av_icon='\ue805' data-av_iconfont='entypo-fontello' title='' data-avia-related-tooltip='Compartir por correo'><span class='avia_hidden_link_text'>Compartir por correo<\/span><\/a><\/li><\/ul><\/div><\/div>\n<div  style='height:50px' class='hr hr-invisible   avia-builder-el-8  el_after_av_social_share  el_before_av_comments_list '><span class='hr-inner ' ><span class='hr-inner-style'><\/span><\/span><\/div>\n<div  class='av-buildercomment  av-blog-meta-html-info-disabled av-blog-meta-tag-disabled  '><\/div>\n","protected":false},"excerpt":{"rendered":"","protected":false},"author":1,"featured_media":31370,"comment_status":"open","ping_status":"open","sticky":false,"template":"","format":"standard","meta":{"footnotes":""},"categories":[38],"tags":[],"class_list":["post-31369","post","type-post","status-publish","format-standard","has-post-thumbnail","hentry","category-regional"],"jetpack_featured_media_url":"https:\/\/radiorevelacionfm.cl\/wp-content\/uploads\/2023\/05\/DSC_0075-3-1-1.jpg","_links":{"self":[{"href":"https:\/\/radiorevelacionfm.cl\/index.php?rest_route=\/wp\/v2\/posts\/31369","targetHints":{"allow":["GET"]}}],"collection":[{"href":"https:\/\/radiorevelacionfm.cl\/index.php?rest_route=\/wp\/v2\/posts"}],"about":[{"href":"https:\/\/radiorevelacionfm.cl\/index.php?rest_route=\/wp\/v2\/types\/post"}],"author":[{"embeddable":true,"href":"https:\/\/radiorevelacionfm.cl\/index.php?rest_route=\/wp\/v2\/users\/1"}],"replies":[{"embeddable":true,"href":"https:\/\/radiorevelacionfm.cl\/index.php?rest_route=%2Fwp%2Fv2%2Fcomments&post=31369"}],"version-history":[{"count":1,"href":"https:\/\/radiorevelacionfm.cl\/index.php?rest_route=\/wp\/v2\/posts\/31369\/revisions"}],"predecessor-version":[{"id":31371,"href":"https:\/\/radiorevelacionfm.cl\/index.php?rest_route=\/wp\/v2\/posts\/31369\/revisions\/31371"}],"wp:featuredmedia":[{"embeddable":true,"href":"https:\/\/radiorevelacionfm.cl\/index.php?rest_route=\/wp\/v2\/media\/31370"}],"wp:attachment":[{"href":"https:\/\/radiorevelacionfm.cl\/index.php?rest_route=%2Fwp%2Fv2%2Fmedia&parent=31369"}],"wp:term":[{"taxonomy":"category","embeddable":true,"href":"https:\/\/radiorevelacionfm.cl\/index.php?rest_route=%2Fwp%2Fv2%2Fcategories&post=31369"},{"taxonomy":"post_tag","embeddable":true,"href":"https:\/\/radiorevelacionfm.cl\/index.php?rest_route=%2Fwp%2Fv2%2Ftags&post=31369"}],"curies":[{"name":"wp","href":"https:\/\/api.w.org\/{rel}","templated":true}]}}