{"id":31365,"date":"2023-05-26T10:48:45","date_gmt":"2023-05-26T13:48:45","guid":{"rendered":"https:\/\/radiorevelacionfm.cl\/?p=31365"},"modified":"2023-05-26T10:48:45","modified_gmt":"2023-05-26T13:48:45","slug":"en-el-marco-de-la-implementacion-del-slep-aysen-subsecretaria-de-educacion-desarrollo-dos-jornadas-de-trabajo-en-coyhaique","status":"publish","type":"post","link":"https:\/\/radiorevelacionfm.cl\/?p=31365","title":{"rendered":"En el marco de la implementaci\u00f3n del SLEP Ays\u00e9n, Subsecretaria de Educaci\u00f3n desarroll\u00f3 dos jornadas de trabajo en Coyhaique"},"content":{"rendered":"<div class=\"flex_column av_one_full  flex_column_div av-zero-column-padding first  avia-builder-el-0  el_before_av_one_full  avia-builder-el-first  \" style='border-radius:0px; '><div  class='avia-image-container  av-styling-    avia-builder-el-1  avia-builder-el-no-sibling  avia-align-center '  itemprop=\"image\" itemscope=\"itemscope\" itemtype=\"https:\/\/schema.org\/ImageObject\"  ><div class='avia-image-container-inner'><div class='avia-image-overlay-wrap'><img decoding=\"async\" class='wp-image-31367 avia-img-lazy-loading-not-31367 avia_image' src=\"https:\/\/radiorevelacionfm.cl\/wp-content\/uploads\/2023\/05\/725f170a-04af-41fe-acab-8bd33f68bb10-1-1.jpg\" alt='' title='725f170a-04af-41fe-acab-8bd33f68bb10 (1) (1)' height=\"600\" width=\"800\"  itemprop=\"thumbnailUrl\" srcset=\"https:\/\/radiorevelacionfm.cl\/wp-content\/uploads\/2023\/05\/725f170a-04af-41fe-acab-8bd33f68bb10-1-1.jpg 800w, https:\/\/radiorevelacionfm.cl\/wp-content\/uploads\/2023\/05\/725f170a-04af-41fe-acab-8bd33f68bb10-1-1-300x225.jpg 300w, https:\/\/radiorevelacionfm.cl\/wp-content\/uploads\/2023\/05\/725f170a-04af-41fe-acab-8bd33f68bb10-1-1-768x576.jpg 768w, https:\/\/radiorevelacionfm.cl\/wp-content\/uploads\/2023\/05\/725f170a-04af-41fe-acab-8bd33f68bb10-1-1-705x529.jpg 705w, https:\/\/radiorevelacionfm.cl\/wp-content\/uploads\/2023\/05\/725f170a-04af-41fe-acab-8bd33f68bb10-1-1-450x338.jpg 450w, https:\/\/radiorevelacionfm.cl\/wp-content\/uploads\/2023\/05\/725f170a-04af-41fe-acab-8bd33f68bb10-1-1-600x450.jpg 600w\" sizes=\"(max-width: 800px) 100vw, 800px\" \/><\/div><\/div><\/div><\/div><div class=\"flex_column av_one_full  flex_column_div av-zero-column-padding first  avia-builder-el-2  el_after_av_one_full  el_before_av_one_full  column-top-margin\" style='border-radius:0px; '><section class=\"av_textblock_section \"  itemscope=\"itemscope\" itemtype=\"https:\/\/schema.org\/BlogPosting\" itemprop=\"blogPost\" ><div class='avia_textblock  '   itemprop=\"text\" ><p style=\"text-align: center;\"><strong><span style=\"font-size: 18pt;\">En el marco de la implementaci\u00f3n del SLEP Ays\u00e9n, Subsecretaria de Educaci\u00f3n desarroll\u00f3 dos jornadas de trabajo en Coyhaique<\/span><\/strong><\/p>\n<div id=\"gtx-trans\" style=\"position: absolute; left: -50px; top: 4.31534px;\">\n<div class=\"gtx-trans-icon\"><\/div>\n<\/div>\n<\/div><\/section><\/div><div class=\"flex_column av_one_full  flex_column_div av-zero-column-padding first  avia-builder-el-4  el_after_av_one_full  el_before_av_hr  column-top-margin\" style='border-radius:0px; '><section class=\"av_textblock_section \"  itemscope=\"itemscope\" itemtype=\"https:\/\/schema.org\/BlogPosting\" itemprop=\"blogPost\" ><div class='avia_textblock  '   itemprop=\"text\" ><p class=\"v1MsoNormal\" style=\"text-align: justify;\">Una intensa agenda tuvo en Coyhaique la Subsecretaria de Educaci\u00f3n, Alejandra Arratia Mart\u00ednez, que incluy\u00f3 reuniones con diversas autoridades regionales, con alcaldes de la Regi\u00f3n de Ays\u00e9n, y un tiempo especial para compartir con directores y directoras de escuelas y liceos municipales que ser\u00e1n traspasados al Servicio Local de Educaci\u00f3n P\u00fablica de Ays\u00e9n.<\/p>\n<p class=\"v1MsoNormal\" style=\"text-align: justify;\">La subsecretaria visit\u00f3 el emblem\u00e1tico Liceo Josefina Aguirre Montenegro, donde dialog\u00f3 con estudiantes e integrantes del equipo educativo, para luego encontrarse con la directiva regional del Colegio de Profesores, dirigentes de los Asistentes de la Educaci\u00f3n y del gremio de funcionarios del Mineduc de Ays\u00e9n.<\/p>\n<p class=\"v1MsoNormal\" style=\"text-align: justify;\">Acompa\u00f1ada por la seremi de Educaci\u00f3n, Isabel Garrido, y el Jefe del Departamento Provincial de Educaci\u00f3n de Coyhaique, Yoal D\u00edaz, en su primera jornada de trabajo Alejandra Arratia se reuni\u00f3 con el Delegado Presidencial Regional Rodrigo Araya Morales para abordar los temas prioritarios de la cartera en el amplio territorio austral.<\/p>\n<p class=\"v1MsoNormal\" style=\"text-align: justify;\">Luego, Arratia lider\u00f3 la constituci\u00f3n de la mesa de trabajo con la Asociaci\u00f3n Regional de Municipalidades AREMU Ays\u00e9n, cumpliendo el compromiso de avanzar en los requerimientos de las distintas comunas en v\u00edsperas del traspaso administrativo al Servicio Local de Educaci\u00f3n (SLEP) Ays\u00e9n, exponiendo los diversos dispositivos que est\u00e1 desplegando el Ministerio de Educaci\u00f3n para apoyar a las municipalidades en este proceso de traspaso.<\/p>\n<p class=\"v1MsoNormal\" style=\"text-align: justify;\">En su segunda jornada en Ays\u00e9n, la subsecretaria inaugur\u00f3 el primer Encuentro de Directores, Directoras y Docentes Encargados de Establecimientos Educacionales que prontamente se traspasar\u00e1n al Servicio Local de Educaci\u00f3n, SLEP de Ays\u00e9n (2024).<\/p>\n<p class=\"v1MsoNormal\" style=\"text-align: justify;\">En la actividad, les invit\u00f3 a hacerse una pregunta crucial:\u00a0 \u201c\u00bfQu\u00e9 historia queremos que las ni\u00f1as y ni\u00f1os cuenten de la educaci\u00f3n p\u00fablica cuando sean adultos y adultas? Esta reflexi\u00f3n es clave en el proceso de la implementaci\u00f3n del SLEP Ays\u00e9n y de todos los esfuerzos que estamos realizando para que, desde esta nueva Educaci\u00f3n P\u00fablica, aseguremos el derecho a la educaci\u00f3n y un aprendizaje integral para ni\u00f1os, ni\u00f1as y adolescentes en nuestro pa\u00eds. Muchas veces centramos el debate en otros aspectos y no hablamos lo suficiente de c\u00f3mo aprenden las y los estudiantes, ni de lo que m\u00e1s necesitan para que esa experiencia sea significativa y pertinente\u201d.<\/p>\n<p class=\"v1MsoNormal\" style=\"text-align: justify;\">Posteriormente, la comitiva se traslad\u00f3 al Liceo Josefina Aguirre Montenegro de Coyhaique, oportunidad en que recorri\u00f3 diversas dependencias del hist\u00f3rico plantel municipal e interactu\u00f3 con docentes y estudiantes de las diversas especialidades t\u00e9cnico profesional que all\u00ed se imparten: Administraci\u00f3n con Menci\u00f3n en Recursos Humanos,Atenci\u00f3n en Enfermer\u00eda, Gastronom\u00eda con Menci\u00f3n en Pasteler\u00eda y Reposter\u00eda y Asistente de P\u00e1rvulos.<\/p>\n<p class=\"v1MsoNormal\" style=\"text-align: justify;\">Adem\u00e1s, la autoridad presenci\u00f3 el ensayo de la Orquesta Filarm\u00f3nica Juvenil del establecimiento y fue part\u00edcipe de una sesi\u00f3n de Tutor\u00eda entre estudiantes.<\/p>\n<p class=\"v1MsoNormal\" style=\"text-align: justify;\">En el marco de su recorrido por el liceo, la subsecretaria dirigi\u00f3 un especial mensaje a las y los estudiantes de la comunidad educativa:<\/p>\n<p class=\"v1MsoNormal\" style=\"text-align: justify;\">\u00abLes invito a que sigan avanzando con mucha convicci\u00f3n y energ\u00eda tras eso que quieren. A continuar innovando y participando junto a sus compa\u00f1eras, compa\u00f1eros y docentes en la experiencia de aprender y desarrollar sus diversas capacidades. Y sobre todo les pido que no dejen que nada ni nadie les impida creer que pueden lograr sus sue\u00f1os.<\/p>\n<p class=\"v1MsoNormal\" style=\"text-align: justify;\">Lo que est\u00e1n aprendiendo y construyendo aqu\u00ed les servir\u00e1 de mucho para avanzar a lo que aspiran. Y as\u00ed, en unos 10 \u00f3 15 a\u00f1os, cuando miren hacia atr\u00e1s, ver\u00e1n lo valioso que fue este tiempo en su liceo\u00bb.<\/p>\n<p class=\"v1MsoNormal\" style=\"text-align: justify;\">Tambi\u00e9n agradeci\u00f3 el compromiso y m\u00edstica de las y los profesores y asistentes de la educaci\u00f3n del plantel, destacando que los aprendizajes y experiencias que se dan en educaci\u00f3n p\u00fablica en el liceo, se proyectan y trascienden a la sociedad que los rodea.<\/p>\n<p class=\"v1MsoNormal\" style=\"text-align: justify;\">Alejandra Arratia se reuni\u00f3 adem\u00e1s con las directivas regionales del Colegio de Profesores y de los Asistentes de la Educaci\u00f3n, y con la nueva directiva de la Asociaci\u00f3n de Funcionarios Andime Mineduc, concluyendo su estad\u00eda con el recorrido por las dependencias de la SECREDUC para saludar a las y los funcionarios.<\/p>\n<p class=\"v1MsoNormal\" style=\"text-align: justify;\">Por su parte, la seremi Isabel Garrido realiz\u00f3 una positiva evaluaci\u00f3n de las dos jornadas de trabajo de la Subsecretaria de Educaci\u00f3n en Coyhaique:<\/p>\n<p class=\"v1MsoNormal\" style=\"text-align: justify;\">\u201cSu visita nos ha permitido relevar el proceso de traspaso de los establecimientos municipales al Servicio Local de Educaci\u00f3n P\u00fablica, un proceso trascendental que esperamos le devuelva a la educaci\u00f3n p\u00fablica en Chile el sitial que le corresponde como la columna vertebral del sistema educativo, al igual que sucede en todos los pa\u00edses desarrollados. Esta conversaci\u00f3n, m\u00e1s los encuentros con distintos actores regionales, gremios, funcionarios de nuestro ministerio y la visita a establecimientos educacionales nos permite visualizar en terreno lo que implican los desaf\u00edos locales en materia educativa\u201d.<\/p>\n<\/div><\/section><\/div><div  style='height:50px' class='hr hr-invisible   avia-builder-el-6  el_after_av_one_full  el_before_av_social_share '><span class='hr-inner ' ><span class='hr-inner-style'><\/span><\/span><\/div><\/p>\n<div  class='av-social-sharing-box  avia-builder-el-7  el_after_av_hr  el_before_av_hr  '><div class='av-share-box'><h5 class='av-share-link-description av-no-toc '>Compartir esta noticia<\/h5><ul class='av-share-box-list noLightbox'><li class='av-share-link av-social-link-facebook' ><a target=\"_blank\" aria-label=\"Compartir en Facebook\" href='https:\/\/www.facebook.com\/sharer.php?u=https:\/\/radiorevelacionfm.cl\/?p=31365&#038;t=En%20el%20marco%20de%20la%20implementaci%C3%B3n%20del%20SLEP%20Ays%C3%A9n%2C%20Subsecretaria%20de%20Educaci%C3%B3n%20desarroll%C3%B3%20dos%20jornadas%20de%20trabajo%20en%20Coyhaique' aria-hidden='false' data-av_icon='\ue8f3' data-av_iconfont='entypo-fontello' title='' data-avia-related-tooltip='Compartir en Facebook' rel=\"noopener\"><span class='avia_hidden_link_text'>Compartir en Facebook<\/span><\/a><\/li><li class='av-share-link av-social-link-twitter' ><a target=\"_blank\" aria-label=\"Compartir en Twitter\" href='https:\/\/twitter.com\/share?text=En%20el%20marco%20de%20la%20implementaci%C3%B3n%20del%20SLEP%20Ays%C3%A9n%2C%20Subsecretaria%20de%20Educaci%C3%B3n%20desarroll%C3%B3%20dos%20jornadas%20de%20trabajo%20en%20Coyhaique&#038;url=https:\/\/radiorevelacionfm.cl\/?p=31365' aria-hidden='false' data-av_icon='\ue8f1' data-av_iconfont='entypo-fontello' title='' data-avia-related-tooltip='Compartir en Twitter' rel=\"noopener\"><span class='avia_hidden_link_text'>Compartir en Twitter<\/span><\/a><\/li><li class='av-share-link av-social-link-whatsapp' ><a target=\"_blank\" aria-label=\"Compartir en Whatsapp\" href='https:\/\/api.whatsapp.com\/send?text=https:\/\/radiorevelacionfm.cl\/?p=31365' aria-hidden='false' data-av_icon='\uf232' data-av_iconfont='entypo-fontello' title='' data-avia-related-tooltip='Compartir en Whatsapp' rel=\"noopener\"><span class='avia_hidden_link_text'>Compartir en Whatsapp<\/span><\/a><\/li><li class='av-share-link av-social-link-linkedin' ><a target=\"_blank\" aria-label=\"Compartir en LinkedIn\" href='https:\/\/linkedin.com\/shareArticle?mini=true&#038;title=En%20el%20marco%20de%20la%20implementaci%C3%B3n%20del%20SLEP%20Ays%C3%A9n%2C%20Subsecretaria%20de%20Educaci%C3%B3n%20desarroll%C3%B3%20dos%20jornadas%20de%20trabajo%20en%20Coyhaique&#038;url=https:\/\/radiorevelacionfm.cl\/?p=31365' aria-hidden='false' data-av_icon='\ue8fc' data-av_iconfont='entypo-fontello' title='' data-avia-related-tooltip='Compartir en LinkedIn' rel=\"noopener\"><span class='avia_hidden_link_text'>Compartir en LinkedIn<\/span><\/a><\/li><li class='av-share-link av-social-link-mail' ><a  aria-label=\"Compartir por correo\" href='mailto:?subject=En%20el%20marco%20de%20la%20implementaci%C3%B3n%20del%20SLEP%20Ays%C3%A9n%2C%20Subsecretaria%20de%20Educaci%C3%B3n%20desarroll%C3%B3%20dos%20jornadas%20de%20trabajo%20en%20Coyhaique&#038;body=https:\/\/radiorevelacionfm.cl\/?p=31365' aria-hidden='false' data-av_icon='\ue805' data-av_iconfont='entypo-fontello' title='' data-avia-related-tooltip='Compartir por correo'><span class='avia_hidden_link_text'>Compartir por correo<\/span><\/a><\/li><\/ul><\/div><\/div>\n<div  style='height:50px' class='hr hr-invisible   avia-builder-el-8  el_after_av_social_share  el_before_av_comments_list '><span class='hr-inner ' ><span class='hr-inner-style'><\/span><\/span><\/div>\n<div  class='av-buildercomment  av-blog-meta-html-info-disabled av-blog-meta-tag-disabled  '><\/div>\n","protected":false},"excerpt":{"rendered":"","protected":false},"author":1,"featured_media":31367,"comment_status":"open","ping_status":"open","sticky":false,"template":"","format":"standard","meta":{"footnotes":""},"categories":[49],"tags":[],"class_list":["post-31365","post","type-post","status-publish","format-standard","has-post-thumbnail","hentry","category-educacion"],"jetpack_featured_media_url":"https:\/\/radiorevelacionfm.cl\/wp-content\/uploads\/2023\/05\/725f170a-04af-41fe-acab-8bd33f68bb10-1-1.jpg","_links":{"self":[{"href":"https:\/\/radiorevelacionfm.cl\/index.php?rest_route=\/wp\/v2\/posts\/31365","targetHints":{"allow":["GET"]}}],"collection":[{"href":"https:\/\/radiorevelacionfm.cl\/index.php?rest_route=\/wp\/v2\/posts"}],"about":[{"href":"https:\/\/radiorevelacionfm.cl\/index.php?rest_route=\/wp\/v2\/types\/post"}],"author":[{"embeddable":true,"href":"https:\/\/radiorevelacionfm.cl\/index.php?rest_route=\/wp\/v2\/users\/1"}],"replies":[{"embeddable":true,"href":"https:\/\/radiorevelacionfm.cl\/index.php?rest_route=%2Fwp%2Fv2%2Fcomments&post=31365"}],"version-history":[{"count":1,"href":"https:\/\/radiorevelacionfm.cl\/index.php?rest_route=\/wp\/v2\/posts\/31365\/revisions"}],"predecessor-version":[{"id":31368,"href":"https:\/\/radiorevelacionfm.cl\/index.php?rest_route=\/wp\/v2\/posts\/31365\/revisions\/31368"}],"wp:featuredmedia":[{"embeddable":true,"href":"https:\/\/radiorevelacionfm.cl\/index.php?rest_route=\/wp\/v2\/media\/31367"}],"wp:attachment":[{"href":"https:\/\/radiorevelacionfm.cl\/index.php?rest_route=%2Fwp%2Fv2%2Fmedia&parent=31365"}],"wp:term":[{"taxonomy":"category","embeddable":true,"href":"https:\/\/radiorevelacionfm.cl\/index.php?rest_route=%2Fwp%2Fv2%2Fcategories&post=31365"},{"taxonomy":"post_tag","embeddable":true,"href":"https:\/\/radiorevelacionfm.cl\/index.php?rest_route=%2Fwp%2Fv2%2Ftags&post=31365"}],"curies":[{"name":"wp","href":"https:\/\/api.w.org\/{rel}","templated":true}]}}