{"id":31361,"date":"2023-05-26T11:50:40","date_gmt":"2023-05-26T14:50:40","guid":{"rendered":"https:\/\/radiorevelacionfm.cl\/?p=31361"},"modified":"2023-05-26T11:50:40","modified_gmt":"2023-05-26T14:50:40","slug":"especialistas-de-la-cchc-se-reunen-en-coyhaique-para-avanzar-en-la-planificacion-de-ciudades-mas-verdes","status":"publish","type":"post","link":"https:\/\/radiorevelacionfm.cl\/?p=31361","title":{"rendered":"Especialistas de la CChC se re\u00fanen en Coyhaique para avanzar en la planificaci\u00f3n de ciudades m\u00e1s verdes"},"content":{"rendered":"<div class=\"flex_column av_one_full  flex_column_div av-zero-column-padding first  avia-builder-el-0  el_before_av_one_full  avia-builder-el-first  \" style='border-radius:0px; '><div  class='avia-image-container  av-styling-    avia-builder-el-1  avia-builder-el-no-sibling  avia-align-center '  itemprop=\"image\" itemscope=\"itemscope\" itemtype=\"https:\/\/schema.org\/ImageObject\"  ><div class='avia-image-container-inner'><div class='avia-image-overlay-wrap'><img decoding=\"async\" class='wp-image-31362 avia-img-lazy-loading-not-31362 avia_image' src=\"https:\/\/radiorevelacionfm.cl\/wp-content\/uploads\/2023\/05\/IMG_0160-1-1.jpg\" alt='' title='IMG_0160 (1) (1)' height=\"600\" width=\"1119\"  itemprop=\"thumbnailUrl\" srcset=\"https:\/\/radiorevelacionfm.cl\/wp-content\/uploads\/2023\/05\/IMG_0160-1-1.jpg 1119w, https:\/\/radiorevelacionfm.cl\/wp-content\/uploads\/2023\/05\/IMG_0160-1-1-300x161.jpg 300w, https:\/\/radiorevelacionfm.cl\/wp-content\/uploads\/2023\/05\/IMG_0160-1-1-1030x552.jpg 1030w, https:\/\/radiorevelacionfm.cl\/wp-content\/uploads\/2023\/05\/IMG_0160-1-1-768x412.jpg 768w, https:\/\/radiorevelacionfm.cl\/wp-content\/uploads\/2023\/05\/IMG_0160-1-1-705x378.jpg 705w, https:\/\/radiorevelacionfm.cl\/wp-content\/uploads\/2023\/05\/IMG_0160-1-1-450x241.jpg 450w, https:\/\/radiorevelacionfm.cl\/wp-content\/uploads\/2023\/05\/IMG_0160-1-1-600x322.jpg 600w\" sizes=\"(max-width: 1119px) 100vw, 1119px\" \/><\/div><\/div><\/div><\/div><div class=\"flex_column av_one_full  flex_column_div av-zero-column-padding first  avia-builder-el-2  el_after_av_one_full  el_before_av_one_full  column-top-margin\" style='border-radius:0px; '><section class=\"av_textblock_section \"  itemscope=\"itemscope\" itemtype=\"https:\/\/schema.org\/BlogPosting\" itemprop=\"blogPost\" ><div class='avia_textblock  '   itemprop=\"text\" ><p style=\"text-align: center;\"><span style=\"font-size: 18pt;\"><b>Especialistas de la CChC se re\u00fanen en Coyhaique para avanzar en la planificaci\u00f3n de ciudades m\u00e1s verdes<\/b><\/span><\/p>\n<div id=\"gtx-trans\" style=\"position: absolute; left: -50px; top: 4.31534px;\">\n<div class=\"gtx-trans-icon\"><\/div>\n<\/div>\n<\/div><\/section><\/div><div class=\"flex_column av_one_full  flex_column_div av-zero-column-padding first  avia-builder-el-4  el_after_av_one_full  el_before_av_hr  column-top-margin\" style='border-radius:0px; '><section class=\"av_textblock_section \"  itemscope=\"itemscope\" itemtype=\"https:\/\/schema.org\/BlogPosting\" itemprop=\"blogPost\" ><div class='avia_textblock  '   itemprop=\"text\" ><div class=\"v1gmail_default\">\n<p class=\"v1MsoNormal\" style=\"text-align: justify;\"><i>Durante los d\u00edas 24 y 25 del presente mes se realiz\u00f3 la quinta versi\u00f3n del ENAES, instancia que reuni\u00f3 a cerca de 250 socios y socias de la C\u00e1mara Chilena de la Construcci\u00f3n en formato presencial y virtual, cuyo eje central fue el medioambiente y la descontaminaci\u00f3n ambiental.<\/i><\/p>\n<p class=\"v1MsoNormal\" style=\"text-align: justify;\">Bajo el lema \u00abIntegrando especialidades para ciudades m\u00e1s verdes\u00bb, representantes de los Comit\u00e9s gremiales de Especialidades, Suministros y Proveedores de todas las regiones de nuestro pa\u00eds, se reunieron en la sede de la C\u00e1mara Chilena de la Construcci\u00f3n de Coyhaique, para llevar a cabo el 5\u00b0 Encuentro Nacional de Especialidades (ENAES), liderados por el vicepresidente nacional de la CChC, Claudio Cerda, la presidenta de la C\u00e1mara Regional, Alejandra Alert, el presidente del Comit\u00e9 Nacional de Especialidades, H\u00e9ctor Hidalgo y su par local, Agust\u00edn Acu\u00f1a.<\/p>\n<p class=\"v1MsoNormal\" style=\"text-align: justify;\">El evento comenz\u00f3 con la charla magistral realizada por la empresa Tallwood sobre el proyecto del edificio Tamango, que contempla 12 pisos. Emplazado en el centro de la capital regional, contar\u00e1 con una moderna infraestructura de madera, siendo el m\u00e1s alto de Latinoam\u00e9rica con esta materialidad. Posteriormente, se realizaron bloques tem\u00e1ticos donde se abordaron temas como la descontaminaci\u00f3n, la iniciativa Visi\u00f3n de Ciudad, Coyhaique; la ciudad que queremos,\u00a0gesti\u00f3n de residuos y econom\u00eda circular, BIM, DOM y humedales urbanos, entre otros.<\/p>\n<p class=\"v1MsoNormal\" style=\"text-align: justify;\">Tras el encuentro, el Seremi de Energ\u00eda y de Medio Ambiente (s), Carlos D\u00edaz, que tambi\u00e9n particip\u00f3 de un panel de conversaci\u00f3n y bloque tem\u00e1tico, manifest\u00f3 que \u00abSe cont\u00f3 con tremendos expositores y temas que ponen la urgencia que tenemos, pero que tambi\u00e9n nos evidencian y hacen p\u00fablicos problemas tan relevantes como la contaminaci\u00f3n\u00bb. Destacando a su vez, la importancia de la alianza p\u00fablico-privada. \u00abSalieron muy buenas soluciones, que las estamos analizando siempre, y en las que es bueno ponernos de acuerdo, hay cosas que no s\u00f3lo son la idea, sino que tambi\u00e9n hay que encontrar con qui\u00e9n hacerlas\u00bb, agreg\u00f3 la autoridad sectorial.<\/p>\n<p class=\"v1MsoNormal\" style=\"text-align: justify;\">En tanto, el vicepresidente nacional de la CChC, Claudio Cerda, valor\u00f3 la elecci\u00f3n de Coyhaique como sede del evento por los desaf\u00edos y posibilidades que plantea a los especialistas para buscar soluciones a temas locales como la contaminaci\u00f3n y otros transversales como el DOM, Humedales y BIM. \u00abHubo reuniones con autoridades y se dejaron bien establecidas agendas de trabajo, el punto central ahora es ir haciendo que esas cosas vayan pasando, menos diagn\u00f3stico y m\u00e1s acci\u00f3n\u00bb, expres\u00f3.<\/p>\n<p class=\"v1MsoNormal\" style=\"text-align: justify;\">Por su parte, la presidenta del gremio en la regi\u00f3n, Alejandra Alert, manifest\u00f3 que\u00a0\u00abpara nosotros es tremendamente importante que se realice este encuentro en Coyhaique, es una oportunidad el poder convocar tanto al sector p\u00fablico y privado a trav\u00e9s de los socios de las distintas c\u00e1maras, porque cada uno tiene una visi\u00f3n distinta respecto de c\u00f3mo abordar temas tan relevantes como la contaminaci\u00f3n\u00bb.<\/p>\n<p class=\"v1MsoNormal\" style=\"text-align: justify;\">\u00abEl desaf\u00edo ahora es informar y tratar de alguna manera de llegar a las autoridades regionales, mostr\u00e1ndole con evidencia cu\u00e1les son las alternativas que nosotros pensamos, son las que pudiesen permitir que la contaminaci\u00f3n pueda bajar. Creemos que hay muchas medidas que se est\u00e1n aplicando que nos son suficientes, dado que han pasado varias administraciones incluso y no hemos logrado llegar a aquella que sea m\u00e1s eficiente\u00bb, a\u00f1adi\u00f3 Alert.<\/p>\n<p class=\"v1MsoNormal\" style=\"text-align: justify;\">Finalmente, el presidente del Comit\u00e9 de Especialidades de la CChC sede Coyhaique, Agust\u00edn Acu\u00f1a, enfatiz\u00f3 que \u00ablo importante es sentar un precedente, porque este tema si bien se ha abordado por muchas instancias, tanto de gobierno como municipio, la idea es que en el comit\u00e9 de especialidades regional, podamos seguir adelante con este tema que nos convoca en toda la zona sur del pa\u00eds,\u00a0poniendo tambi\u00e9n a la vista p\u00fablica y debate lo que ocurre en nuestra ciudad de Coyhaique, sabemos que somos una de las ciudades m\u00e1s contaminadas del pa\u00eds y aqu\u00ed se han abordado propuestas que debemos seguir impulsando para aportar en lo que se est\u00e1 haciendo en materia de descontaminaci\u00f3n ambiental\u00bb.<\/p>\n<\/div>\n<div class=\"v1gmail_default\" style=\"text-align: justify;\"><\/div>\n<\/div><\/section><\/div><div  style='height:50px' class='hr hr-invisible   avia-builder-el-6  el_after_av_one_full  el_before_av_social_share '><span class='hr-inner ' ><span class='hr-inner-style'><\/span><\/span><\/div><\/p>\n<div  class='av-social-sharing-box  avia-builder-el-7  el_after_av_hr  el_before_av_hr  '><div class='av-share-box'><h5 class='av-share-link-description av-no-toc '>Compartir esta noticia<\/h5><ul class='av-share-box-list noLightbox'><li class='av-share-link av-social-link-facebook' ><a target=\"_blank\" aria-label=\"Compartir en Facebook\" href='https:\/\/www.facebook.com\/sharer.php?u=https:\/\/radiorevelacionfm.cl\/?p=31361&#038;t=Especialistas%20de%20la%20CChC%20se%20re%C3%BAnen%20en%20Coyhaique%20para%20avanzar%20en%20la%20planificaci%C3%B3n%20de%20ciudades%20m%C3%A1s%20verdes' aria-hidden='false' data-av_icon='\ue8f3' data-av_iconfont='entypo-fontello' title='' data-avia-related-tooltip='Compartir en Facebook' rel=\"noopener\"><span class='avia_hidden_link_text'>Compartir en Facebook<\/span><\/a><\/li><li class='av-share-link av-social-link-twitter' ><a target=\"_blank\" aria-label=\"Compartir en Twitter\" href='https:\/\/twitter.com\/share?text=Especialistas%20de%20la%20CChC%20se%20re%C3%BAnen%20en%20Coyhaique%20para%20avanzar%20en%20la%20planificaci%C3%B3n%20de%20ciudades%20m%C3%A1s%20verdes&#038;url=https:\/\/radiorevelacionfm.cl\/?p=31361' aria-hidden='false' data-av_icon='\ue8f1' data-av_iconfont='entypo-fontello' title='' data-avia-related-tooltip='Compartir en Twitter' rel=\"noopener\"><span class='avia_hidden_link_text'>Compartir en Twitter<\/span><\/a><\/li><li class='av-share-link av-social-link-whatsapp' ><a target=\"_blank\" aria-label=\"Compartir en Whatsapp\" href='https:\/\/api.whatsapp.com\/send?text=https:\/\/radiorevelacionfm.cl\/?p=31361' aria-hidden='false' data-av_icon='\uf232' data-av_iconfont='entypo-fontello' title='' data-avia-related-tooltip='Compartir en Whatsapp' rel=\"noopener\"><span class='avia_hidden_link_text'>Compartir en Whatsapp<\/span><\/a><\/li><li class='av-share-link av-social-link-linkedin' ><a target=\"_blank\" aria-label=\"Compartir en LinkedIn\" href='https:\/\/linkedin.com\/shareArticle?mini=true&#038;title=Especialistas%20de%20la%20CChC%20se%20re%C3%BAnen%20en%20Coyhaique%20para%20avanzar%20en%20la%20planificaci%C3%B3n%20de%20ciudades%20m%C3%A1s%20verdes&#038;url=https:\/\/radiorevelacionfm.cl\/?p=31361' aria-hidden='false' data-av_icon='\ue8fc' data-av_iconfont='entypo-fontello' title='' data-avia-related-tooltip='Compartir en LinkedIn' rel=\"noopener\"><span class='avia_hidden_link_text'>Compartir en LinkedIn<\/span><\/a><\/li><li class='av-share-link av-social-link-mail' ><a  aria-label=\"Compartir por correo\" href='mailto:?subject=Especialistas%20de%20la%20CChC%20se%20re%C3%BAnen%20en%20Coyhaique%20para%20avanzar%20en%20la%20planificaci%C3%B3n%20de%20ciudades%20m%C3%A1s%20verdes&#038;body=https:\/\/radiorevelacionfm.cl\/?p=31361' aria-hidden='false' data-av_icon='\ue805' data-av_iconfont='entypo-fontello' title='' data-avia-related-tooltip='Compartir por correo'><span class='avia_hidden_link_text'>Compartir por correo<\/span><\/a><\/li><\/ul><\/div><\/div>\n<div  style='height:50px' class='hr hr-invisible   avia-builder-el-8  el_after_av_social_share  el_before_av_comments_list '><span class='hr-inner ' ><span class='hr-inner-style'><\/span><\/span><\/div>\n<div  class='av-buildercomment  av-blog-meta-html-info-disabled av-blog-meta-tag-disabled  '><\/div>\n","protected":false},"excerpt":{"rendered":"","protected":false},"author":1,"featured_media":31362,"comment_status":"open","ping_status":"open","sticky":false,"template":"","format":"standard","meta":{"footnotes":""},"categories":[38],"tags":[],"class_list":["post-31361","post","type-post","status-publish","format-standard","has-post-thumbnail","hentry","category-regional"],"jetpack_featured_media_url":"https:\/\/radiorevelacionfm.cl\/wp-content\/uploads\/2023\/05\/IMG_0160-1-1.jpg","_links":{"self":[{"href":"https:\/\/radiorevelacionfm.cl\/index.php?rest_route=\/wp\/v2\/posts\/31361","targetHints":{"allow":["GET"]}}],"collection":[{"href":"https:\/\/radiorevelacionfm.cl\/index.php?rest_route=\/wp\/v2\/posts"}],"about":[{"href":"https:\/\/radiorevelacionfm.cl\/index.php?rest_route=\/wp\/v2\/types\/post"}],"author":[{"embeddable":true,"href":"https:\/\/radiorevelacionfm.cl\/index.php?rest_route=\/wp\/v2\/users\/1"}],"replies":[{"embeddable":true,"href":"https:\/\/radiorevelacionfm.cl\/index.php?rest_route=%2Fwp%2Fv2%2Fcomments&post=31361"}],"version-history":[{"count":1,"href":"https:\/\/radiorevelacionfm.cl\/index.php?rest_route=\/wp\/v2\/posts\/31361\/revisions"}],"predecessor-version":[{"id":31363,"href":"https:\/\/radiorevelacionfm.cl\/index.php?rest_route=\/wp\/v2\/posts\/31361\/revisions\/31363"}],"wp:featuredmedia":[{"embeddable":true,"href":"https:\/\/radiorevelacionfm.cl\/index.php?rest_route=\/wp\/v2\/media\/31362"}],"wp:attachment":[{"href":"https:\/\/radiorevelacionfm.cl\/index.php?rest_route=%2Fwp%2Fv2%2Fmedia&parent=31361"}],"wp:term":[{"taxonomy":"category","embeddable":true,"href":"https:\/\/radiorevelacionfm.cl\/index.php?rest_route=%2Fwp%2Fv2%2Fcategories&post=31361"},{"taxonomy":"post_tag","embeddable":true,"href":"https:\/\/radiorevelacionfm.cl\/index.php?rest_route=%2Fwp%2Fv2%2Ftags&post=31361"}],"curies":[{"name":"wp","href":"https:\/\/api.w.org\/{rel}","templated":true}]}}