{"id":31358,"date":"2023-05-26T21:30:59","date_gmt":"2023-05-27T00:30:59","guid":{"rendered":"https:\/\/radiorevelacionfm.cl\/?p=31358"},"modified":"2023-05-26T21:30:59","modified_gmt":"2023-05-27T00:30:59","slug":"lanzan-estrategia-nacional-de-soberania-para-la-seguridad-alimentaria-juntos-alimentamos-chile","status":"publish","type":"post","link":"https:\/\/radiorevelacionfm.cl\/?p=31358","title":{"rendered":"Lanzan Estrategia Nacional de Soberan\u00eda para la Seguridad Alimentaria \u00abJuntos Alimentamos Chile\u00bb"},"content":{"rendered":"<div class=\"flex_column av_one_full  flex_column_div av-zero-column-padding first  avia-builder-el-0  el_before_av_one_full  avia-builder-el-first  \" style='border-radius:0px; '><div  class='avia-image-container  av-styling-    avia-builder-el-1  avia-builder-el-no-sibling  avia-align-center '  itemprop=\"image\" itemscope=\"itemscope\" itemtype=\"https:\/\/schema.org\/ImageObject\"  ><div class='avia-image-container-inner'><div class='avia-image-overlay-wrap'><img decoding=\"async\" class='wp-image-31359 avia-img-lazy-loading-not-31359 avia_image' src=\"https:\/\/radiorevelacionfm.cl\/wp-content\/uploads\/2023\/05\/Lanzamiento-ENSSA-1-1-1.jpeg\" alt='' title='Lanzamiento ENSSA (1) (1) (1)' height=\"600\" width=\"901\"  itemprop=\"thumbnailUrl\" srcset=\"https:\/\/radiorevelacionfm.cl\/wp-content\/uploads\/2023\/05\/Lanzamiento-ENSSA-1-1-1.jpeg 901w, https:\/\/radiorevelacionfm.cl\/wp-content\/uploads\/2023\/05\/Lanzamiento-ENSSA-1-1-1-300x200.jpeg 300w, https:\/\/radiorevelacionfm.cl\/wp-content\/uploads\/2023\/05\/Lanzamiento-ENSSA-1-1-1-768x511.jpeg 768w, https:\/\/radiorevelacionfm.cl\/wp-content\/uploads\/2023\/05\/Lanzamiento-ENSSA-1-1-1-705x469.jpeg 705w, https:\/\/radiorevelacionfm.cl\/wp-content\/uploads\/2023\/05\/Lanzamiento-ENSSA-1-1-1-450x300.jpeg 450w, https:\/\/radiorevelacionfm.cl\/wp-content\/uploads\/2023\/05\/Lanzamiento-ENSSA-1-1-1-600x400.jpeg 600w\" sizes=\"(max-width: 901px) 100vw, 901px\" \/><\/div><\/div><\/div><\/div><div class=\"flex_column av_one_full  flex_column_div av-zero-column-padding first  avia-builder-el-2  el_after_av_one_full  el_before_av_one_full  column-top-margin\" style='border-radius:0px; '><section class=\"av_textblock_section \"  itemscope=\"itemscope\" itemtype=\"https:\/\/schema.org\/BlogPosting\" itemprop=\"blogPost\" ><div class='avia_textblock  '   itemprop=\"text\" ><p style=\"text-align: center;\"><strong><span style=\"font-size: 18pt;\">Lanzan Estrategia Nacional de Soberan\u00eda para la Seguridad Alimentaria \u00abJuntos Alimentamos Chile\u00bb <\/span><\/strong><\/p>\n<div id=\"gtx-trans\" style=\"position: absolute; left: -50px; top: 4.31534px;\">\n<div class=\"gtx-trans-icon\"><\/div>\n<\/div>\n<\/div><\/section><\/div><div class=\"flex_column av_one_full  flex_column_div av-zero-column-padding first  avia-builder-el-4  el_after_av_one_full  el_before_av_hr  column-top-margin\" style='border-radius:0px; '><section class=\"av_textblock_section \"  itemscope=\"itemscope\" itemtype=\"https:\/\/schema.org\/BlogPosting\" itemprop=\"blogPost\" ><div class='avia_textblock  '   itemprop=\"text\" ><p class=\"v1x_MsoNormal\" style=\"text-align: justify;\"><span class=\"v1x_ContentPasted0\" lang=\"ES-CL\">Con el objetivo de orientar la gesti\u00f3n y acciones del Estado hacia el fortalecimiento de los patrimonios del sistema alimentario, haci\u00e9ndolo m\u00e1s sostenible, resiliente e inclusivo, el ministro de Agricultura, Esteban Valenzuela, junto con la secretaria ejecutiva de la comisi\u00f3n Nacional de Seguridad y soberan\u00eda Alimentaria y directora nacional de Odepa, Andrea Garc\u00eda, encabez\u00f3 el lanzamiento de la Estrategia Nacional de Soberan\u00eda para la Seguridad Alimentaria, \u00abJuntos Alimentamos Chile\u00bb, que contempla diez medidas concretas y que corresponde al primer paso para el fortalecimiento del sistema alimentario nacional y resguardo de la seguridad alimentaria presente y futura.<\/span><span class=\"v1x_ContentPasted0\" lang=\"ES-CL\">\u00a0<\/span><\/p>\n<p class=\"v1x_MsoNormal\" style=\"text-align: justify;\"><span class=\"v1x_ContentPasted0\" lang=\"ES-CL\">\u00abEsto es fundamental en la historia del pa\u00eds. Por primera vez existe una estrategia nacional pactada con todos los actores de la agricultura y con muchos ministerios para dar una certeza que el Presidente Boric pidi\u00f3, seguridad integral: social, ciudadana, alimentaria y econ\u00f3mica. Esta estrategia lo \u2079que hace es responder al clamor de un pa\u00eds de los sistemas alimentarios sostenibles, seguros, que ponen en valor los patrimonios de los territorios\u00bb, enfatiz\u00f3 el ministro Valenzuela.<\/span><span class=\"v1x_ContentPasted0\" lang=\"ES-CL\">\u00a0<\/span><\/p>\n<p class=\"v1x_MsoNormal\" style=\"text-align: justify;\"><span class=\"v1x_ContentPasted0\" lang=\"ES-CL\">Y es que, en concreto, tal como lo explic\u00f3 el secretario de Estado, el Gobierno del Presidente Boric, \u00abha colocado cr\u00e9ditos de casi $300 mil millones en ayuda directa a programas para sostener la producci\u00f3n agr\u00edcola (&#8230;) tambi\u00e9n hemos gestionado cr\u00e9ditos para la mediana y gran industria, a trav\u00e9s del Ministerio de Econom\u00eda. Est\u00e1 ac\u00e1 el ministro Grau, fue posible tener apoyo con Siembra por Chile, cr\u00e9dito blando, lo que hace que despu\u00e9s de 5 a\u00f1os a la baja en la intenci\u00f3n de siembra, Chile revierta la tendencia, y ahora tenemos m\u00e1s producci\u00f3n de trigo, ma\u00edz y arroz\u00bb se\u00f1al\u00f3 Valenzuela.\u00a0<\/span><span class=\"v1x_ContentPasted0\" lang=\"ES-CL\"><span class=\"v1x_ContentPasted0\">\u00a0<\/span>\u00a0<\/span><\/p>\n<p class=\"v1x_MsoNormal\" style=\"text-align: justify;\"><span class=\"v1x_ContentPasted0\" lang=\"ES-CL\">En esa l\u00ednea, agreg\u00f3, \u00abla estrategia de seguridad alimentaria tiene un aspecto social y de g\u00e9nero fundamental. Como lo ha pedido la ministra Orellana y como lo ha implementado el ministro Jackson. Aqu\u00ed est\u00e1n las cadenas de apoyo a las agricultoras, a las mesas rurales.<\/span><span class=\"v1x_ContentPasted0\" lang=\"ES-CL\"><span class=\"v1x_ContentPasted0\">\u00a0<\/span><\/span><span class=\"v1x_ContentPasted0\" lang=\"ES-CL\">El 49% de las personas beneficiadas por los programas de INDAP fueron mujeres. Se va a seguir en ese camino, con j\u00f3venes y a su vez con los programas sociales territoriales como los bancos de alimentos que implementa el Ministerio de Desarrollo Social\u00bb.<\/span><span class=\"v1x_ContentPasted0\" lang=\"ES-CL\">\u00a0<\/span><\/p>\n<p class=\"v1x_MsoNormal\" style=\"text-align: justify;\"><span class=\"v1x_ContentPasted0\" lang=\"ES-CL\">Para la ministra de la Mujer y Equidad de G\u00e9nero, Antonia Orellana, esta estrategia \u00abse suma a cumplir con varias de las demandas hist\u00f3ricas de la Mesa de Mujeres Rurales, en particular, con lo que tiene que ver con el apoyo a la agricultura familiar campesina con el resguardo de la biodiversidad y tambi\u00e9n con el resguardo de las semillas. Desde mediados de la d\u00e9cada del 2000 existe en nuestro pa\u00eds un espacio llamado la Mesa de Mujeres Rurales, que es un espacio entre Agricultura, primero Prodemu y luego tambi\u00e9n SernamEG y el Ministerio de la Mujer, para avanzar en el desarrollo econ\u00f3mico y en la autonom\u00eda plena de las mujeres del campo y de la peque\u00f1a agricultura familiar campesina\u00bb.<\/span><span class=\"v1x_ContentPasted0\" lang=\"ES-CL\">\u00a0<\/span><\/p>\n<p class=\"v1x_MsoNormal\" style=\"text-align: justify;\"><span class=\"v1x_ContentPasted0\" lang=\"ES-CL\">Por su parte, el ministro de Econom\u00eda Fomento y Turismo, Nicol\u00e1s Grau, se\u00f1al\u00f3 que \u00abvaloramos mucho esta iniciativa que se preocupa de nuestra soberan\u00eda alimentaria. Una de las cosas importantes que estamos trabajando como Ministerio de Econom\u00eda y que adem\u00e1s es uno de los compromisos del Presidente Gabriel Boric, es tener una ley para las ferias libres que se preocupe de este sector, que le d\u00e9 dignidad y un estatuto jur\u00eddico. Estamos hablando de m\u00e1s de 300 mil personas que trabajan en las ferias libres, una fuente laboral muy relevante y adem\u00e1s es una fuente de alimentaci\u00f3n clave para las familias en Chile. Es un compromiso que como gobierno vamos a cumplir, vamos a presentar este a\u00f1o esta ley que estamos trabajando con las 3 principales organizaciones del mundo de las ferias libres y de esa manera vamos a seguir en la senda que tenemos como gobierno\u00bb.<\/span><span class=\"v1x_ContentPasted0\" lang=\"ES-CL\">\u00a0<\/span><\/p>\n<p class=\"v1x_MsoNormal\" style=\"text-align: justify;\"><span class=\"v1x_ContentPasted0\" lang=\"ES-CL\">Finalmente, el ministro Desarrollo Social y Familia, Giorgio Jackson, explico que \u00abcomo Ministerio de Desarrollo Social y Familia estamos apoyando esta Estrategia desde distintas iniciativas, tanto los Ecomercados Solidarios de Fosis como los Microbancos de Alimentos de Elige Vivir Sano, precisamente para llegar con alimentaci\u00f3n y la garant\u00eda de poder tener buena alimentaci\u00f3n a los sectores m\u00e1s vulnerables\u00bb.<\/span><span class=\"v1x_ContentPasted0\" lang=\"ES-CL\">\u00a0<\/span><\/p>\n<p class=\"v1x_MsoNormal\" style=\"text-align: justify;\"><b><span class=\"v1x_ContentPasted0\" lang=\"ES-CL\">Trabajo de la comisi\u00f3n<\/span><span class=\"v1x_ContentPasted0\" lang=\"ES-CL\">\u00a0<\/span><\/b><\/p>\n<p class=\"v1x_MsoNormal\" style=\"text-align: justify;\"><span class=\"v1x_ContentPasted0\" lang=\"ES-CL\">La Comisi\u00f3n Nacional de Seguridad y Soberan\u00eda Alimentaria, conformada en junio de 2022, se constituy\u00f3 con la finalidad de generar una Pol\u00edtica y Acuerdo Nacional sobre Soberan\u00eda Alimentaria y Nutricional -comprometida en el programa de Gobierno- para avanzar hacia sistemas alimentarios m\u00e1s sostenibles, resilientes e inclusivos.<\/span><span class=\"v1x_ContentPasted0\" lang=\"ES-CL\">\u00a0<\/span><\/p>\n<p class=\"v1x_MsoNormal\" style=\"text-align: justify;\"><span class=\"v1x_ContentPasted0\" lang=\"ES-CL\">En ese sentido, explic\u00f3 la directora nacional de Odepa, Andrea Garc\u00eda, \u00abuno de los mayores desaf\u00edos en el proceso de creaci\u00f3n de la estrategia fue la integraci\u00f3n de la gran diversidad de visiones y realidades que existen en el pa\u00eds, que se expres\u00f3 en una gran cantidad de instituciones y personas que se sumaron a este proceso. A trav\u00e9s de un proceso participativo, abierto al di\u00e1logo, representantivo, logramos construir una Estrategia que convoca, que nos une en torno al fortalecimiento de la seguridad alimentaria\u00bb.<\/span><span class=\"v1x_ContentPasted0\" lang=\"ES-CL\">\u00a0<\/span><\/p>\n<p class=\"v1x_MsoNormal\" style=\"text-align: justify;\"><span class=\"v1x_ContentPasted0\" lang=\"ES-CL\">El trabajo de la Comisi\u00f3n tuvo una primera etapa en que se formul\u00f3 un Plan de Contingencia Alimentaria, que permiti\u00f3 enfrentar oportunamente el complejo escenario internacional en un contexto de alza hist\u00f3rica del precio de alimentos e insumos necesarios para su producci\u00f3n. A mayo de 2023, el 96% de las medidas se encuentran implementadas o en proceso de implementaci\u00f3n.<\/span><span class=\"v1x_ContentPasted0\" lang=\"ES-CL\">\u00a0<\/span><\/p>\n<p class=\"v1x_MsoNormal\" style=\"text-align: justify;\"><span class=\"v1x_ContentPasted0\" lang=\"ES-CL\">En una segunda etapa se abord\u00f3 el desaf\u00edo de fortalecer la seguridad alimentaria, cambiando el paradigma de que la seguridad alimentaria se alcanza, exclusivamente, mediante el impulso de Chile Potencia (Exportadora) Alimentaria y reconociendo el valor de lo local en el sistema alimentario. \u00bfC\u00f3mo se abord\u00f3? Incorporando el concepto de soberan\u00eda a esta seguridad alimentaria.<\/span><span class=\"v1x_ContentPasted0\" lang=\"ES-CL\">\u00a0<\/span><\/p>\n<p class=\"v1x_MsoNormal\" style=\"text-align: justify;\"><span class=\"v1x_ContentPasted0\" lang=\"ES-CL\">Se trabaj\u00f3 junto a 8 ministerios, 55 instituciones p\u00fablicas, incluyendo gobiernos regionales y comunales, 84 instituciones privadas, 24 instituciones acad\u00e9micas, 3 organismos internacionales y 43 personas naturales, en la construcci\u00f3n de la Estrategia de Soberan\u00eda para la Seguridad Alimentaria.<\/span><span class=\"v1x_ContentPasted0\" lang=\"ES-CL\">\u00a0<\/span><\/p>\n<p class=\"v1x_MsoNormal\" style=\"text-align: justify;\"><span class=\"v1x_ContentPasted0\" lang=\"ES-CL\">La Estrategia busca orientar la gesti\u00f3n y acciones del Estado hacia el fortalecimiento de los patrimonios del sistema alimentario: Recursos Productivos, Naturales y Biodiversidad; Canales de Comercializaci\u00f3n Agroalimentarios y Pesqueros; Humano y Sociocultural; Dietas Saludables; Sanitario e Inocuidad.<\/span><span class=\"v1x_ContentPasted0\" lang=\"ES-CL\"><span class=\"v1x_ContentPasted0\">\u00a0\u00a0<\/span>\u00a0<\/span><\/p>\n<p class=\"v1x_MsoNormal\" style=\"text-align: justify;\"><b><span class=\"v1x_ContentPasted0\" lang=\"ES-CL\">Diez medidas concretas<\/span><span class=\"v1x_ContentPasted0\" lang=\"ES-CL\">\u00a0<\/span><\/b><\/p>\n<ol>\n<li style=\"text-align: justify;\"><b><span class=\"v1x_ContentPasted0\" lang=\"ES-CL\">Juntos M\u00e1s Barato:<\/span><\/b><span class=\"v1x_ContentPasted0\" lang=\"ES-CL\">\u00a0Entrega capacitaciones en educaci\u00f3n financiera a las familias, con el fin de que contin\u00faen a lo largo del tiempo desarrollando compras colectivas, que les permitan contar con un ahorro permanente en sus ingresos. (Fosis)<\/span><span class=\"v1x_ContentPasted0\" lang=\"ES-CL\">\u00a0<\/span><\/li>\n<li style=\"text-align: justify;\"><b><span class=\"v1x_ContentPasted0\" lang=\"ES-CL\">Microbancos de Alimentos:<\/span><\/b><span class=\"v1x_ContentPasted0\" lang=\"ES-CL\">\u00a0Los microbancos son una instancia de recuperaci\u00f3n de alimentos que por distintas razones no se han podido comercializar. Durante 2023 se implementar\u00e1n 70 nuevos microbancos, para alcanzar 79 a nivel nacional (Tarapac\u00e1, Antofagasta, Atacama, Coquimbo, Valpara\u00edso, Metropolitana, O\u00b4Higgins, Maule, \u00d1uble, Biob\u00edo, Los R\u00edos). (Elige Vivir Sano)-<\/span><span class=\"v1x_ContentPasted0\" lang=\"ES-CL\">\u00a0<\/span><\/li>\n<li style=\"text-align: justify;\"><b><span class=\"v1x_ContentPasted0\" lang=\"ES-CL\">Bolsillo Familiar Electr\u00f3nico:<\/span><\/b><span class=\"v1x_ContentPasted0\" lang=\"ES-CL\">\u00a0Consiste en un abono mensual de $13.500 por carga familiar que busca compensar el alza en el precio de los alimentos. Es parte del paquete de medidas del plan de Seguridad Econ\u00f3mica del Gobierno. (Minecon)<\/span><span class=\"v1x_ContentPasted0\" lang=\"ES-CL\">\u00a0<\/span><\/li>\n<li style=\"text-align: justify;\"><b><span class=\"v1x_ContentPasted0\" lang=\"ES-CL\">Proyecto de Ley de Ferias Libres:<\/span><\/b><span class=\"v1x_ContentPasted0\" lang=\"ES-CL\">\u00a0Es un proyecto de ley que permitir\u00e1 el mejor desarrollo de las ferias libres, reconociendo su rol en la seguridad alimentaria y nutricional de la poblaci\u00f3n m\u00e1s vulnerable. Es impulsado por la Mesa Nacional de Ferias Libres, y se presentar\u00e1 durante el segundo semestre 2023. (Minecon)<\/span><span class=\"v1x_ContentPasted0\" lang=\"ES-CL\">\u00a0<\/span><\/li>\n<li style=\"text-align: justify;\"><b><span class=\"v1x_ContentPasted0\" lang=\"ES-CL\">Nuevas Gu\u00edas Alimentarias Para Chile<\/span><\/b><span class=\"v1x_ContentPasted0\" lang=\"ES-CL\">: Orientan a la poblaci\u00f3n para mantener una buena salud nutricional y promover mejores h\u00e1bitos alimentarios. Dentro de sus principios se encuentran el promover alimentos nutritivos, inocuos y sostenibles; potenciar sistemas alimentarios sostenibles; privilegiar alimentos frescos, naturales y m\u00ednimamente procesados; considerar la diversidad de los territorios y de la estacionalidad; apreciar la importancia de las preparaciones caseras; y respetar las culturas. (Minsal)<\/span><span class=\"v1x_ContentPasted0\" lang=\"ES-CL\">\u00a0<\/span><\/li>\n<li style=\"text-align: justify;\"><b><span class=\"v1x_ContentPasted0\" lang=\"ES-CL\">I+D para la seguridad y soberan\u00eda alimentaria:<\/span><\/b><span class=\"v1x_ContentPasted0\" lang=\"ES-CL\">\u00a0Incorporaci\u00f3n de una l\u00ednea de diversificaci\u00f3n productiva sostenible, que impulse la seguridad y soberan\u00eda alimentaria en la convocatoria del programa de investigaci\u00f3n \u00abTecnolog\u00edas avanzadas 2023\u00bb. (ANID)<\/span><span class=\"v1x_ContentPasted0\" lang=\"ES-CL\">\u00a0<\/span><\/li>\n<li style=\"text-align: justify;\"><b><span class=\"v1x_ContentPasted0\" lang=\"ES-CL\">Semillas Tradicionales para la AFCI:<\/span><\/b><span class=\"v1x_ContentPasted0\" lang=\"ES-CL\">\u00a0Busca regenerar y multiplicar semillas de cultivos tradicionales en los bancos de germoplasma de INIA, con el fin de restituir y entregar dichas semillas a las organizaciones de agricultores y comunidades ind\u00edgenas. (INIA)<\/span><span class=\"v1x_ContentPasted0\" lang=\"ES-CL\">\u00a0<\/span><\/li>\n<li style=\"text-align: justify;\"><b><span class=\"v1x_ContentPasted0\" lang=\"ES-CL\">Lanzamiento el Programa de Fortalecimiento a la Producci\u00f3n Sostenible de Cultivos Tradicionales<\/span><\/b><span class=\"v1x_ContentPasted0\" lang=\"ES-CL\">: Programa que busca fortalecer la producci\u00f3n sustentable de cultivos tradicionales, en respuesta a la disminuci\u00f3n de superficie cultivada. (Indap)<\/span><span class=\"v1x_ContentPasted0\" lang=\"ES-CL\">\u00a0<\/span><\/li>\n<li style=\"text-align: justify;\"><b><span class=\"v1x_ContentPasted0\" lang=\"ES-CL\">Nueva ley de riego en tramitaci\u00f3n:<\/span><\/b><span class=\"v1x_ContentPasted0\" lang=\"ES-CL\">\u00a0Permitir\u00e1 enfrentar los desaf\u00edos productivos y alimentarios del pa\u00eds y que contribuya a generar un desarrollo rural justo y sustentable. (CNR).<\/span><span class=\"v1x_ContentPasted0\" lang=\"ES-CL\">\u00a0<\/span><\/li>\n<li style=\"text-align: justify;\"><b><span class=\"v1x_ContentPasted0\" lang=\"ES-CL\">Se implementar\u00e1 en Chill\u00e1n el Centro Nacional de Bioinsumos:<\/span><\/b><span class=\"v1x_ContentPasted0\" lang=\"ES-CL\"> Implementaci\u00f3n del Centro Nacional de Bioinsumos en Chill\u00e1n, que coordinar\u00e1 el desarrollo tecnol\u00f3gico en insumos nacionales de origen microbiol\u00f3gico, con el fin de enfrentar plagas y enfermedades agr\u00edcolas, as\u00ed como el estr\u00e9s de los cultivos frente al cambio clim\u00e1tico con una menor huella en el uso de agroqu\u00edmicos. (INIA).<\/span><span class=\"v1x_ContentPasted0\" lang=\"ES-CL\">\u00a0<\/span><\/li>\n<\/ol>\n<\/div><\/section><\/div><div  style='height:50px' class='hr hr-invisible   avia-builder-el-6  el_after_av_one_full  el_before_av_social_share '><span class='hr-inner ' ><span class='hr-inner-style'><\/span><\/span><\/div><\/p>\n<div  class='av-social-sharing-box  avia-builder-el-7  el_after_av_hr  el_before_av_hr  '><div class='av-share-box'><h5 class='av-share-link-description av-no-toc '>Compartir esta noticia<\/h5><ul class='av-share-box-list noLightbox'><li class='av-share-link av-social-link-facebook' ><a target=\"_blank\" aria-label=\"Compartir en Facebook\" href='https:\/\/www.facebook.com\/sharer.php?u=https:\/\/radiorevelacionfm.cl\/?p=31358&#038;t=Lanzan%20Estrategia%20Nacional%20de%20Soberan%C3%ADa%20para%20la%20Seguridad%20Alimentaria%20%C2%ABJuntos%20Alimentamos%20Chile%C2%BB' aria-hidden='false' data-av_icon='\ue8f3' data-av_iconfont='entypo-fontello' title='' data-avia-related-tooltip='Compartir en Facebook' rel=\"noopener\"><span class='avia_hidden_link_text'>Compartir en Facebook<\/span><\/a><\/li><li class='av-share-link av-social-link-twitter' ><a target=\"_blank\" aria-label=\"Compartir en Twitter\" href='https:\/\/twitter.com\/share?text=Lanzan%20Estrategia%20Nacional%20de%20Soberan%C3%ADa%20para%20la%20Seguridad%20Alimentaria%20%C2%ABJuntos%20Alimentamos%20Chile%C2%BB&#038;url=https:\/\/radiorevelacionfm.cl\/?p=31358' aria-hidden='false' data-av_icon='\ue8f1' data-av_iconfont='entypo-fontello' title='' data-avia-related-tooltip='Compartir en Twitter' rel=\"noopener\"><span class='avia_hidden_link_text'>Compartir en Twitter<\/span><\/a><\/li><li class='av-share-link av-social-link-whatsapp' ><a target=\"_blank\" aria-label=\"Compartir en Whatsapp\" href='https:\/\/api.whatsapp.com\/send?text=https:\/\/radiorevelacionfm.cl\/?p=31358' aria-hidden='false' data-av_icon='\uf232' data-av_iconfont='entypo-fontello' title='' data-avia-related-tooltip='Compartir en Whatsapp' rel=\"noopener\"><span class='avia_hidden_link_text'>Compartir en Whatsapp<\/span><\/a><\/li><li class='av-share-link av-social-link-linkedin' ><a target=\"_blank\" aria-label=\"Compartir en LinkedIn\" href='https:\/\/linkedin.com\/shareArticle?mini=true&#038;title=Lanzan%20Estrategia%20Nacional%20de%20Soberan%C3%ADa%20para%20la%20Seguridad%20Alimentaria%20%C2%ABJuntos%20Alimentamos%20Chile%C2%BB&#038;url=https:\/\/radiorevelacionfm.cl\/?p=31358' aria-hidden='false' data-av_icon='\ue8fc' data-av_iconfont='entypo-fontello' title='' data-avia-related-tooltip='Compartir en LinkedIn' rel=\"noopener\"><span class='avia_hidden_link_text'>Compartir en LinkedIn<\/span><\/a><\/li><li class='av-share-link av-social-link-mail' ><a  aria-label=\"Compartir por correo\" href='mailto:?subject=Lanzan%20Estrategia%20Nacional%20de%20Soberan%C3%ADa%20para%20la%20Seguridad%20Alimentaria%20%C2%ABJuntos%20Alimentamos%20Chile%C2%BB&#038;body=https:\/\/radiorevelacionfm.cl\/?p=31358' aria-hidden='false' data-av_icon='\ue805' data-av_iconfont='entypo-fontello' title='' data-avia-related-tooltip='Compartir por correo'><span class='avia_hidden_link_text'>Compartir por correo<\/span><\/a><\/li><\/ul><\/div><\/div>\n<div  style='height:50px' class='hr hr-invisible   avia-builder-el-8  el_after_av_social_share  el_before_av_comments_list '><span class='hr-inner ' ><span class='hr-inner-style'><\/span><\/span><\/div>\n<div  class='av-buildercomment  av-blog-meta-html-info-disabled av-blog-meta-tag-disabled  '><\/div>\n","protected":false},"excerpt":{"rendered":"","protected":false},"author":1,"featured_media":31359,"comment_status":"open","ping_status":"open","sticky":false,"template":"","format":"standard","meta":{"footnotes":""},"categories":[58],"tags":[],"class_list":["post-31358","post","type-post","status-publish","format-standard","has-post-thumbnail","hentry","category-agricultura"],"jetpack_featured_media_url":"https:\/\/radiorevelacionfm.cl\/wp-content\/uploads\/2023\/05\/Lanzamiento-ENSSA-1-1-1.jpeg","_links":{"self":[{"href":"https:\/\/radiorevelacionfm.cl\/index.php?rest_route=\/wp\/v2\/posts\/31358","targetHints":{"allow":["GET"]}}],"collection":[{"href":"https:\/\/radiorevelacionfm.cl\/index.php?rest_route=\/wp\/v2\/posts"}],"about":[{"href":"https:\/\/radiorevelacionfm.cl\/index.php?rest_route=\/wp\/v2\/types\/post"}],"author":[{"embeddable":true,"href":"https:\/\/radiorevelacionfm.cl\/index.php?rest_route=\/wp\/v2\/users\/1"}],"replies":[{"embeddable":true,"href":"https:\/\/radiorevelacionfm.cl\/index.php?rest_route=%2Fwp%2Fv2%2Fcomments&post=31358"}],"version-history":[{"count":1,"href":"https:\/\/radiorevelacionfm.cl\/index.php?rest_route=\/wp\/v2\/posts\/31358\/revisions"}],"predecessor-version":[{"id":31360,"href":"https:\/\/radiorevelacionfm.cl\/index.php?rest_route=\/wp\/v2\/posts\/31358\/revisions\/31360"}],"wp:featuredmedia":[{"embeddable":true,"href":"https:\/\/radiorevelacionfm.cl\/index.php?rest_route=\/wp\/v2\/media\/31359"}],"wp:attachment":[{"href":"https:\/\/radiorevelacionfm.cl\/index.php?rest_route=%2Fwp%2Fv2%2Fmedia&parent=31358"}],"wp:term":[{"taxonomy":"category","embeddable":true,"href":"https:\/\/radiorevelacionfm.cl\/index.php?rest_route=%2Fwp%2Fv2%2Fcategories&post=31358"},{"taxonomy":"post_tag","embeddable":true,"href":"https:\/\/radiorevelacionfm.cl\/index.php?rest_route=%2Fwp%2Fv2%2Ftags&post=31358"}],"curies":[{"name":"wp","href":"https:\/\/api.w.org\/{rel}","templated":true}]}}