{"id":31352,"date":"2023-05-25T20:11:12","date_gmt":"2023-05-25T23:11:12","guid":{"rendered":"https:\/\/radiorevelacionfm.cl\/?p=31352"},"modified":"2023-05-25T23:39:25","modified_gmt":"2023-05-26T02:39:25","slug":"dirigente-social-de-coyhaique-quedamos-sorprendidos-de-todo-el-trabajo-que-se-realiza-en-la-seremi-de-salud","status":"publish","type":"post","link":"https:\/\/radiorevelacionfm.cl\/?p=31352","title":{"rendered":"Dirigente social de Coyhaique: \u201cQuedamos sorprendidos de todo el trabajo que se realiza en la Seremi de Salud\u201d"},"content":{"rendered":"<div class=\"flex_column av_one_full  flex_column_div av-zero-column-padding first  avia-builder-el-0  el_before_av_one_full  avia-builder-el-first  \" style='border-radius:0px; '><div  class='avia-image-container  av-styling-    avia-builder-el-1  avia-builder-el-no-sibling  avia-align-center '  itemprop=\"image\" itemscope=\"itemscope\" itemtype=\"https:\/\/schema.org\/ImageObject\"  ><div class='avia-image-container-inner'><div class='avia-image-overlay-wrap'><img decoding=\"async\" class='wp-image-31353 avia-img-lazy-loading-not-31353 avia_image' src=\"https:\/\/radiorevelacionfm.cl\/wp-content\/uploads\/2023\/05\/cta-publica-3-1_optimized-1.jpg\" alt='' title='cta-p\u00fablica-3-(1)_optimized (1)' height=\"600\" width=\"1067\"  itemprop=\"thumbnailUrl\" srcset=\"https:\/\/radiorevelacionfm.cl\/wp-content\/uploads\/2023\/05\/cta-publica-3-1_optimized-1.jpg 1067w, https:\/\/radiorevelacionfm.cl\/wp-content\/uploads\/2023\/05\/cta-publica-3-1_optimized-1-300x169.jpg 300w, https:\/\/radiorevelacionfm.cl\/wp-content\/uploads\/2023\/05\/cta-publica-3-1_optimized-1-1030x579.jpg 1030w, https:\/\/radiorevelacionfm.cl\/wp-content\/uploads\/2023\/05\/cta-publica-3-1_optimized-1-768x432.jpg 768w, https:\/\/radiorevelacionfm.cl\/wp-content\/uploads\/2023\/05\/cta-publica-3-1_optimized-1-705x396.jpg 705w, https:\/\/radiorevelacionfm.cl\/wp-content\/uploads\/2023\/05\/cta-publica-3-1_optimized-1-450x253.jpg 450w, https:\/\/radiorevelacionfm.cl\/wp-content\/uploads\/2023\/05\/cta-publica-3-1_optimized-1-600x337.jpg 600w\" sizes=\"(max-width: 1067px) 100vw, 1067px\" \/><\/div><\/div><\/div><\/div>\n<div class=\"flex_column av_one_full  flex_column_div av-zero-column-padding first  avia-builder-el-2  el_after_av_one_full  el_before_av_one_full  column-top-margin\" style='border-radius:0px; '><section class=\"av_textblock_section \"  itemscope=\"itemscope\" itemtype=\"https:\/\/schema.org\/BlogPosting\" itemprop=\"blogPost\" ><div class='avia_textblock  '   itemprop=\"text\" ><p style=\"text-align: center;\"><span style=\"font-size: 18pt;\"><strong>Dirigente social de Coyhaique: <\/strong><strong>\u201cQuedamos sorprendidos de todo el trabajo que se realiza en la Seremi de Salud\u201d<\/strong><\/span><\/p>\n<div id=\"gtx-trans\" style=\"position: absolute; left: -50px; top: 4.31534px;\">\n<div class=\"gtx-trans-icon\"><\/div>\n<\/div>\n<\/div><\/section><\/div>\n<div class=\"flex_column av_one_full  flex_column_div av-zero-column-padding first  avia-builder-el-4  el_after_av_one_full  el_before_av_hr  column-top-margin\" style='border-radius:0px; '><section class=\"av_textblock_section \"  itemscope=\"itemscope\" itemtype=\"https:\/\/schema.org\/BlogPosting\" itemprop=\"blogPost\" ><div class='avia_textblock  '   itemprop=\"text\" ><p style=\"text-align: justify;\"><em>Con la participaci\u00f3n de representantes de diversas organizaciones sociales, adem\u00e1s de autoridades gubernamentales, la Secretar\u00eda Regional Ministerial de Salud realiz\u00f3 Cuenta P\u00fablica abordando acciones de Salud P\u00fablica como Vacunaci\u00f3n, Marea Roja, Hantavirus e \u00a0Hidatidosis, entre otras materias.<\/em><\/p>\n<p style=\"text-align: justify;\">Abordando las acciones desarrolladas durante el a\u00f1o 2022, la Seremi de Salud Ays\u00e9n, llev\u00f3 a cabo su Cuenta P\u00fablica donde el \u00e9nfasis estuvo en el trabajo intersectorial desarrollado en las \u00e1reas de prevenci\u00f3n y salud p\u00fablica en temas como Hantavirus y Marea Roja, por nombrar algunas, adem\u00e1s de toda la labor efectuada en los territorios con los municipios y sus comunidades para abordar tem\u00e1ticas de inter\u00e9s como el funcionamiento de los vertederos o rellenos sanitarios, las autorizaciones sanitarias para la normalizaci\u00f3n de los sistemas de agua potable rural, la promoci\u00f3n de programas de salud y vida sana, el trabajo y digitalizaci\u00f3n de la Comisi\u00f3n de Medicina Preventiva e Invalidez (COMPIN), la formalizaci\u00f3n de locales para la venta de alimentos, entre otros.<\/p>\n<p style=\"text-align: justify;\">Trabajo expuesto por la Autoridad Sanitaria, que tom\u00f3 por sorpresa a la mayor\u00eda de los asistentes, tal como ocurri\u00f3 con el Presidente de la Uni\u00f3n Comunal de Clubes de\u00a0 Adultos Mayores de Coyhaique, Jos\u00e9 Manuel Vivallo P\u00e9rez,\u00a0 quien valor\u00f3 esta labor al conocer todo el \u00e1mbito de acci\u00f3n de las y los funcionarios de la Seremi de Salud. \u201cFue muy importante saber todo lo que hace la Seremi de Salud en nuestra regi\u00f3n, la verdad es que quedamos sorprendidos con los dirigentes, porque es un trabajo formidable, yo siempre estoy al tanto de las noticias y lo que se hace, pero realmente quede sorprendido\u201d.<\/p>\n<p style=\"text-align: justify;\">Detalle de cada una de las l\u00edneas de acci\u00f3n de esta secretar\u00eda ministerial que fue destacado por el Alcalde de Coyhaique, Carlos Gatica Villegas, quien reconoci\u00f3 el trabajo desarrollado con las comunidades. \u201cQuiero felicitar a la SEREMI como instituci\u00f3n, y a quien asume el liderazgo de esta secretar\u00eda ministerial como Carmen Monsalve, y a todos los colaboradores que forman parte de esta secretar\u00eda ministerial porque para m\u00ed, esta administraci\u00f3n es la mejor Seremi que hemos podido presenciar, porque tiene un compromiso irrestricto con los vecinos y vecinas, est\u00e1 muy preocupada de lo que viven nuestros vecinos en los territorios; segundo, tiene un equipo 100% en terreno; y tercero, por el compromiso de la Seremi de trabajar por todos y todas, y eso se ha demostrado plenamente. Quiero felicitar a todos los colaboradores de esta instituci\u00f3n por su trabajo que se ve reflejado en cada una de las situaciones que nuestros propios vecinos nos comentan,\u201d puntualiz\u00f3 la autoridad comunal.<\/p>\n<p style=\"text-align: justify;\">Para la Directora (s) de Atenci\u00f3n Primaria de Salud, Lorena Guerrero Avenda\u00f1o, la gesti\u00f3n demostrada en esta cuenta p\u00fablica valida el trabajo de todos los funcionarios de la Seremi de Salud. \u201cFue una cuenta s\u00f3lida, la Seremi muy conocedora de las tem\u00e1ticas abordadas, con un equipo de 171 personas que se ve peque\u00f1o, pero que hacen grandes cosas por la salud de la regi\u00f3n\u201d.<\/p>\n<p style=\"text-align: justify;\">Similar opini\u00f3n fue la que proporcion\u00f3 la Pdta. Fundaci\u00f3n Fibromialgia, Dolor Cr\u00f3nico y Terapias Complementarias de Ays\u00e9n, Francisca Ronda Valdevellano. \u201cSuper bien, porque son los primeros que se interesaron en abordarnos como agrupaci\u00f3n y fundaci\u00f3n en la enfermedad y con la nueva Ley, as\u00ed que el inter\u00e9s que hubo en ellos de invitarnos a una primera reuni\u00f3n nos gust\u00f3 bastante, y efectivamente la Seremi tiene un trabajo colaborativo para ayudarnos con los otros organismos de salud\u201d.<\/p>\n<p style=\"text-align: justify;\">Por su parte, el Delegado Presidencial Regional, Rodrigo Araya Morales, tambi\u00e9n reconoci\u00f3 la labor realizada por la Seremi de Salud.\u00a0 \u201cHemos participado en la Cuenta P\u00fablica de la Seremi de Salud, Carmen Monsalve, que dio cuenta de todas las actividades que han realizado durante este gobierno, especialmente durante el a\u00f1o pasado, y es notable el trabajo que est\u00e1n desarrollando con la comunidad en todo el territorio. Han podido establecer instancias de di\u00e1logo donde han participado organizaciones sociales, del adulto mayor y Juntas de vecinos, pero tambi\u00e9n de los establecimientos de salud. Recientemente, en la Cumbre de Salud, justamente se trat\u00f3 de ver cu\u00e1les son los puntos m\u00e1s sensibles de la comunidad en relaci\u00f3n a las prestaciones que hace la red asistencial, pero la Seremi de Salud no tiene que ver con el establecimiento de hospitales propiamente tal, es el Servicio de Salud quien tiene la responsabilidad de gestionar las atenciones m\u00e9dicas. La seremi tiene tres grandes departamentos, la COMPIN que tiene que ver con las pensiones con respecto a las licencias m\u00e9dicas, el \u00e1rea de Salud Ambiental y el \u00e1rea de Salud P\u00fablica, en esos t\u00e9rminos trabajo realizado es muy importante, ya que ha tenido que liderar y coordinar las acciones, por ejemplo, que tuvimos que implementar el a\u00f1o pasado con respecto a la pandemia y, recientemente las campa\u00f1as de vacunaci\u00f3n que gracias al apoyo de la red asistencial, hemos podido superar el d\u00e9ficit que ten\u00edamos y aumentado en forma notable la cobertura de la vacunaci\u00f3n, en particular de Influenza y\u00a0 COVID19 en nuestro territorio\u201d, se\u00f1al\u00f3 la autoridad gubernamental.<\/p>\n<p style=\"text-align: justify;\">Finalmente, la Seremi de Salud Ays\u00e9n, Carmen Monsalve G\u00f3mez, indic\u00f3 que trabajar de cara a la ciudadan\u00eda seguir\u00e1 siendo el sello de la instituci\u00f3n. \u201cEstamos haciendo eco de la invitaci\u00f3n que nos hace nuestro Presidente Gabriel Boric, porque no podemos avanzar en resolver problem\u00e1ticas si no nos sentamos con nuestra comunidad, con nuestros vecinos, a escuchar lo que realmente esta pasando. Desde las oficinas delinear un trabajo y una estrategia sanitaria es imposible, porque tambi\u00e9n se requiere de la mirada cr\u00edtica de nuestras comunidades, y nosotros estamos dispuestos a exponernos cada vez que sea necesario con el objetivo de ir mejorando lo que estamos haciendo, no solamente en materia de salud asistencial, sino que en todas las acciones que abarcamos como secretar\u00eda ministerial, con nuestros funcionarios que son capaces de desplegarse en todo el territorio con el \u00fanico objetivo de tener un Ays\u00e9n m\u00e1s sano\u201d.<\/p>\n<p style=\"text-align: justify;\"><strong>Algunos antecedentes Gesti\u00f3n 2022<\/strong><\/p>\n<p style=\"text-align: justify;\">En <strong>inmunizaci\u00f3n<\/strong>, a nivel regional se registr\u00f3 un 100 % de cobertura de vacunaci\u00f3n en su esquema primario, y un 87,2% en vacunaci\u00f3n de refuerzo en los grupos objetivos, per\u00edodo en el que se recibieron m\u00e1s de 151 mil dosis de vacunas COVID19. En este contexto, a nivel local, para este 2023 se busca materializar la construcci\u00f3n de una nueva central de vacunas para la regi\u00f3n.<\/p>\n<p style=\"text-align: justify;\">En el mes de septiembre, se implement\u00f3 el <strong>COPAGO 0<\/strong>, donde las personas beneficiarias de FONASA correspondientes a los tramos C y D, accedieron a gratuidad en todas las atenciones m\u00e9dicas del sistema de salud. En nuestra regi\u00f3n, m\u00e1s de 67 mil personas son beneficiarios de esta modalidad, donde el Estado asume mensualmente en nuestra regi\u00f3n, un costo promedio que bordea los 60 millones de pesos al cubrir las atenciones de las personas que, siendo usuarios de FONASA, reciben atenciones de salud gratuitas en los centros de salud p\u00fablicos en todo el territorio.<\/p>\n<p style=\"text-align: justify;\">En materia de <strong>Salud Mental<\/strong>, durante el 2022, se constituyeron mesas de trabajo intersectorial sobre salud mental y prevenci\u00f3n del suicidio en las ciudades de Coyhaique, Puerto Ays\u00e9n y Chile Chico. En este sentido, se implement\u00f3 la l\u00ednea de atenci\u00f3n *4141 NO ESTAS SOLO, NO ESTAS SOLA que &#8211; desde el 13 de diciembre a la fecha &#8211; ha recepcionado 25 llamados de la regi\u00f3n.<\/p>\n<p style=\"text-align: justify;\">En materia de educaci\u00f3n y prevenci\u00f3n de <strong>Marea Roja, Hantavirus y Hantavirus<\/strong>, se ha impulsado un trabajo intersectorial (mesas de trabajo y comit\u00e9s regionales) con diversos servicios y organismos p\u00fablicos para desarrollar estrategias de control y fiscalizaci\u00f3n de estas enfermedades; al igual que una labor educativa con la comunidad y establecimientos educacionales.<\/p>\n<p style=\"text-align: justify;\">En prevenci\u00f3n de <strong>Hidatidosis<\/strong>, se han realizado 27 plazas de desparasitaci\u00f3n canina, junto a diversas instituciones, que beneficiaron a 3 mil 842 mascotas y sus familias. Adem\u00e1s, hemos entregado al intersector m\u00e1s de 11 mil antiparasitarios para apoyo de sus campa\u00f1as sanitaria en sus territorios.<\/p>\n<p style=\"text-align: justify;\">Respecto al <strong>Programa Elige Vivir Sano Salud<\/strong>, a trav\u00e9s de intervenci\u00f3n territorial comunitaria, se trabaj\u00f3 junto con el equipo del Programa Recuperaci\u00f3n de Barrios del Municipio de Coyhaique y Puerto Ays\u00e9n, adem\u00e1s de JJVV de ambos territorios, con Talleres de Alimentaci\u00f3n Saludable, Recreativos y Deportivos.<\/p>\n<p style=\"text-align: justify;\">Trabajo <strong>multisectorial con Municipalidades <\/strong>de la regi\u00f3n, actualmente se ejecutan planes anuales de promoci\u00f3n con los 10 municipios de la regi\u00f3n.<\/p>\n<p style=\"text-align: justify;\">En <strong>Acci\u00f3n Sanitaria<\/strong>, se realizaron 520 formalizaciones y comercio exterior, adem\u00e1s de 130 revisiones, por parte de nuestros equipos, fiscalizando 640 empresas verificando las buenas pr\u00e1cticas de manufactura, adem\u00e1s de las 430 denuncias en materia de alimentos. Por su parte la Unidad de Salud Ambiental realiz\u00f3 la revisi\u00f3n de 430 proyectos de agua y alcantarillado particulares, 110 fiscalizaciones a sistemas sanitarios rurales y plantas de tratamiento de aguas servidas del territorio.<\/p>\n<p style=\"text-align: justify;\">Durante el 2002 se cursaron <strong>978 sumarios<\/strong>, de los cuales 615 correspondieron a sanciones que nuestros propios trabajadores detectaron tras infringir la normativa sanitaria, en especial en temas de alimentos y salud ocupacional, mientras que 463 de ellos fueron por infracci\u00f3n a las normativas sanitarias en tiempos de pandemia.<\/p>\n<\/div><\/section><\/div><div  style='height:50px' class='hr hr-invisible   avia-builder-el-6  el_after_av_one_full  el_before_av_social_share '><span class='hr-inner ' ><span class='hr-inner-style'><\/span><\/span><\/div><\/p>\n<div  class='av-social-sharing-box  avia-builder-el-7  el_after_av_hr  el_before_av_hr  '><div class='av-share-box'><h5 class='av-share-link-description av-no-toc '>Compartir esta noticia<\/h5><ul class='av-share-box-list noLightbox'><li class='av-share-link av-social-link-facebook' ><a target=\"_blank\" aria-label=\"Compartir en Facebook\" href='https:\/\/www.facebook.com\/sharer.php?u=https:\/\/radiorevelacionfm.cl\/?p=31352&#038;t=Dirigente%20social%20de%20Coyhaique%3A%20%E2%80%9CQuedamos%20sorprendidos%20de%20todo%20el%20trabajo%20que%20se%20realiza%20en%20la%20Seremi%20de%20Salud%E2%80%9D' aria-hidden='false' data-av_icon='\ue8f3' data-av_iconfont='entypo-fontello' title='' data-avia-related-tooltip='Compartir en Facebook' rel=\"noopener\"><span class='avia_hidden_link_text'>Compartir en Facebook<\/span><\/a><\/li><li class='av-share-link av-social-link-twitter' ><a target=\"_blank\" aria-label=\"Compartir en Twitter\" href='https:\/\/twitter.com\/share?text=Dirigente%20social%20de%20Coyhaique%3A%20%E2%80%9CQuedamos%20sorprendidos%20de%20todo%20el%20trabajo%20que%20se%20realiza%20en%20la%20Seremi%20de%20Salud%E2%80%9D&#038;url=https:\/\/radiorevelacionfm.cl\/?p=31352' aria-hidden='false' data-av_icon='\ue8f1' data-av_iconfont='entypo-fontello' title='' data-avia-related-tooltip='Compartir en Twitter' rel=\"noopener\"><span class='avia_hidden_link_text'>Compartir en Twitter<\/span><\/a><\/li><li class='av-share-link av-social-link-whatsapp' ><a target=\"_blank\" aria-label=\"Compartir en Whatsapp\" href='https:\/\/api.whatsapp.com\/send?text=https:\/\/radiorevelacionfm.cl\/?p=31352' aria-hidden='false' data-av_icon='\uf232' data-av_iconfont='entypo-fontello' title='' data-avia-related-tooltip='Compartir en Whatsapp' rel=\"noopener\"><span class='avia_hidden_link_text'>Compartir en Whatsapp<\/span><\/a><\/li><li class='av-share-link av-social-link-linkedin' ><a target=\"_blank\" aria-label=\"Compartir en LinkedIn\" href='https:\/\/linkedin.com\/shareArticle?mini=true&#038;title=Dirigente%20social%20de%20Coyhaique%3A%20%E2%80%9CQuedamos%20sorprendidos%20de%20todo%20el%20trabajo%20que%20se%20realiza%20en%20la%20Seremi%20de%20Salud%E2%80%9D&#038;url=https:\/\/radiorevelacionfm.cl\/?p=31352' aria-hidden='false' data-av_icon='\ue8fc' data-av_iconfont='entypo-fontello' title='' data-avia-related-tooltip='Compartir en LinkedIn' rel=\"noopener\"><span class='avia_hidden_link_text'>Compartir en LinkedIn<\/span><\/a><\/li><li class='av-share-link av-social-link-mail' ><a  aria-label=\"Compartir por correo\" href='mailto:?subject=Dirigente%20social%20de%20Coyhaique%3A%20%E2%80%9CQuedamos%20sorprendidos%20de%20todo%20el%20trabajo%20que%20se%20realiza%20en%20la%20Seremi%20de%20Salud%E2%80%9D&#038;body=https:\/\/radiorevelacionfm.cl\/?p=31352' aria-hidden='false' data-av_icon='\ue805' data-av_iconfont='entypo-fontello' title='' data-avia-related-tooltip='Compartir por correo'><span class='avia_hidden_link_text'>Compartir por correo<\/span><\/a><\/li><\/ul><\/div><\/div>\n<div  style='height:50px' class='hr hr-invisible   avia-builder-el-8  el_after_av_social_share  el_before_av_comments_list '><span class='hr-inner ' ><span class='hr-inner-style'><\/span><\/span><\/div>\n<div  class='av-buildercomment  av-blog-meta-html-info-disabled av-blog-meta-tag-disabled  '><\/div>\n","protected":false},"excerpt":{"rendered":"","protected":false},"author":1,"featured_media":31353,"comment_status":"open","ping_status":"open","sticky":false,"template":"","format":"standard","meta":{"footnotes":""},"categories":[46],"tags":[],"class_list":["post-31352","post","type-post","status-publish","format-standard","has-post-thumbnail","hentry","category-salud"],"jetpack_featured_media_url":"https:\/\/radiorevelacionfm.cl\/wp-content\/uploads\/2023\/05\/cta-publica-3-1_optimized-1.jpg","_links":{"self":[{"href":"https:\/\/radiorevelacionfm.cl\/index.php?rest_route=\/wp\/v2\/posts\/31352","targetHints":{"allow":["GET"]}}],"collection":[{"href":"https:\/\/radiorevelacionfm.cl\/index.php?rest_route=\/wp\/v2\/posts"}],"about":[{"href":"https:\/\/radiorevelacionfm.cl\/index.php?rest_route=\/wp\/v2\/types\/post"}],"author":[{"embeddable":true,"href":"https:\/\/radiorevelacionfm.cl\/index.php?rest_route=\/wp\/v2\/users\/1"}],"replies":[{"embeddable":true,"href":"https:\/\/radiorevelacionfm.cl\/index.php?rest_route=%2Fwp%2Fv2%2Fcomments&post=31352"}],"version-history":[{"count":2,"href":"https:\/\/radiorevelacionfm.cl\/index.php?rest_route=\/wp\/v2\/posts\/31352\/revisions"}],"predecessor-version":[{"id":31375,"href":"https:\/\/radiorevelacionfm.cl\/index.php?rest_route=\/wp\/v2\/posts\/31352\/revisions\/31375"}],"wp:featuredmedia":[{"embeddable":true,"href":"https:\/\/radiorevelacionfm.cl\/index.php?rest_route=\/wp\/v2\/media\/31353"}],"wp:attachment":[{"href":"https:\/\/radiorevelacionfm.cl\/index.php?rest_route=%2Fwp%2Fv2%2Fmedia&parent=31352"}],"wp:term":[{"taxonomy":"category","embeddable":true,"href":"https:\/\/radiorevelacionfm.cl\/index.php?rest_route=%2Fwp%2Fv2%2Fcategories&post=31352"},{"taxonomy":"post_tag","embeddable":true,"href":"https:\/\/radiorevelacionfm.cl\/index.php?rest_route=%2Fwp%2Fv2%2Ftags&post=31352"}],"curies":[{"name":"wp","href":"https:\/\/api.w.org\/{rel}","templated":true}]}}