{"id":3135,"date":"2021-04-15T10:48:32","date_gmt":"2021-04-15T13:48:32","guid":{"rendered":"https:\/\/radiorevelacionfm.cl\/?p=3135"},"modified":"2021-04-15T10:48:32","modified_gmt":"2021-04-15T13:48:32","slug":"pescadores-artesanales-se-reunen-con-diputado-calisto-por-zonas-contiguas","status":"publish","type":"post","link":"https:\/\/radiorevelacionfm.cl\/?p=3135","title":{"rendered":"Pescadores artesanales se re\u00fanen con diputado Calisto por Zonas Contiguas"},"content":{"rendered":"<div class=\"flex_column av_one_full  flex_column_div av-zero-column-padding first  avia-builder-el-0  el_before_av_one_full  avia-builder-el-first  \" style='border-radius:0px; '><div  class='avia-image-container  av-styling-    avia-builder-el-1  avia-builder-el-no-sibling  avia-align-center '  itemprop=\"image\" itemscope=\"itemscope\" itemtype=\"https:\/\/schema.org\/ImageObject\"  ><div class='avia-image-container-inner'><div class='avia-image-overlay-wrap'><img decoding=\"async\" class='wp-image-0 avia-img-lazy-loading-not-0 avia_image' src=\"https:\/\/radiorevelacionfm.cl\/wp-content\/uploads\/2021\/04\/image-14-1.png\" alt='' title=''   itemprop=\"thumbnailUrl\"  \/><\/div><\/div><\/div><\/div><div class=\"flex_column av_one_full  flex_column_div av-zero-column-padding first  avia-builder-el-2  el_after_av_one_full  el_before_av_one_full  column-top-margin\" style='border-radius:0px; '><section class=\"av_textblock_section \"  itemscope=\"itemscope\" itemtype=\"https:\/\/schema.org\/BlogPosting\" itemprop=\"blogPost\" ><div class='avia_textblock  '   itemprop=\"text\" ><p style=\"text-align: center;\"><strong><span style=\"font-size: 18pt;\">Pescadores artesanales se re\u00fanen con diputado Calisto por Zonas Contiguas <\/span><\/strong><\/p>\n<div id=\"gtx-trans\" style=\"position: absolute; left: -50px; top: 4.31534px;\">\n<div class=\"gtx-trans-icon\"><\/div>\n<\/div>\n<\/div><\/section><\/div><div class=\"flex_column av_one_full  flex_column_div av-zero-column-padding first  avia-builder-el-4  el_after_av_one_full  el_before_av_hr  column-top-margin\" style='border-radius:0px; '><section class=\"av_textblock_section \"  itemscope=\"itemscope\" itemtype=\"https:\/\/schema.org\/BlogPosting\" itemprop=\"blogPost\" ><div class='avia_textblock  '   itemprop=\"text\" ><p style=\"font-weight: 400; text-align: justify;\">Ante la preocupaci\u00f3n que existe en el litoral por la posibilidad de un nuevo acuerdo de Zonas Contiguas, el diputado Miguel \u00c1ngel Calisto se reuni\u00f3 con un grupo de pescadores artesanales de Puerto Gala, a quienes les confirm\u00f3 su postura contraria a esta iniciativa que est\u00e1 impulsando la industria pesquera de la Regi\u00f3n de los Lagos, por lo que hizo un llamado al ejecutivo a defender los recursos de Ays\u00e9n.<\/p>\n<p style=\"font-weight: 400; text-align: justify;\">Seg\u00fan el legislador, \u201cme reun\u00ed con dirigentes de la pesca artesanal de Puerto Gala. Existe preocupaci\u00f3n en todo el litoral, desde Melinka al sur respecto a las zonas contiguas, nuevamente una amenaza para la regi\u00f3n. Hacemos el llamado a nuestras autoridades de Gobierno, la Intendenta, Sernapesca, el Gobernador de Ays\u00e9n, a poner \u00e9nfasis en defender nuestros recursos y sobre todo, tener una posici\u00f3n clara como regi\u00f3n frente a esta solicitud de zonas contiguas por parte de la industria de la pesca de la D\u00e9cima Regi\u00f3n\u201d.<\/p>\n<p style=\"font-weight: 400; text-align: justify;\">\u201cNo es posible que sigamos siendo una fuente rica e importante de recursos y permitamos que embarcaciones de otras regiones de Chile sigan pescando en nuestra regi\u00f3n, sigan extrayendo el recurso, sin que expongamos los puntos relativos a la preservaci\u00f3n y garanticemos que estos recursos ser\u00e1n para Ays\u00e9n, para nuestros pescadores y las familias del litoral\u201d, indic\u00f3.<\/p>\n<p style=\"font-weight: 400; text-align: justify;\">Calisto agreg\u00f3 que \u201ctenemos que entregarles herramientas a los pescadores que hoy est\u00e1n en el litoral, explotando los recursos a duras penas, sin ayuda del Estado. Se requiere que el Ministerio de Econom\u00eda, que la Corfo est\u00e9 presente en el litoral entregando herramientas para que nuestros pescadores avancen un pelda\u00f1o y sean peque\u00f1as empresas familiares, y as\u00ed no permitamos que nuestros recursos sean extra\u00eddos por la pesca ilegal\u201d.<\/p>\n<p style=\"font-weight: 400; text-align: justify;\">\u201cNo olvidemos que la gran mayor\u00eda de la actividad econ\u00f3mica en nuestra regi\u00f3n viene de la actividad econ\u00f3mica del litoral, por eso es muy importante el rol que cumplen nuestros pescadores artesanales en toda la regi\u00f3n de Ays\u00e9n\u201d asegur\u00f3 el legislador.<\/p>\n<p style=\"font-weight: 400; text-align: justify;\">Por su parte, Marco Colorado, quien representa al sindicato de pescadores artesanales Antonio Ronchi de Puerto Gala, afirm\u00f3 que \u201cnosotros estamos en total desacuerdo con el acuerdo de Zonas Contiguas, porque nos han venido golpeando desde hace mucho tiempo las embarcaciones de la d\u00e9cima regi\u00f3n que pasan por nuestros canales. La gente est\u00e1 perdiendo su material que tiene calado en el canal moraleda\u201d<\/p>\n<p style=\"font-weight: 400; text-align: justify;\">\u201cAc\u00e1 no s\u00f3lo se trata del erizo, la almeja y la luga, sino de los dem\u00e1s recursos, porque la d\u00e9cima regi\u00f3n es depredadora. La culpa no s\u00f3lo es de los pescadores de esa regi\u00f3n, es de Sernapesca que no ha cumplido con su rol fiscalizador. Si a los pescadores de la D\u00e9cima no los fiscalizan, van a seguir sacando los recursos\u201d.<\/p>\n<p style=\"font-weight: 400; text-align: justify;\">Finalmente, el dirigente indic\u00f3 que \u201clas autoridades est\u00e1n muy d\u00e9biles. Nosotros tuvimos reuni\u00f3n con algunas autoridades de la pesca y nosotros dijimos de forma firme que no estamos para negociar. Melinka, Gala, Puerto Gaviota, Puerto Ays\u00e9n y Aguirre estamos unidos. Ya hicimos una votaci\u00f3n, por lo que no corresponde decidir esto nuevamente\u201d.<\/p>\n<\/div><\/section><\/div><div  style='height:50px' class='hr hr-invisible   avia-builder-el-6  el_after_av_one_full  el_before_av_social_share '><span class='hr-inner ' ><span class='hr-inner-style'><\/span><\/span><\/div><\/p>\n<div  class='av-social-sharing-box  avia-builder-el-7  el_after_av_hr  el_before_av_hr  '><div class='av-share-box'><h5 class='av-share-link-description av-no-toc '>Compartir esta noticia<\/h5><ul class='av-share-box-list noLightbox'><li class='av-share-link av-social-link-facebook' ><a target=\"_blank\" aria-label=\"Compartir en Facebook\" href='https:\/\/www.facebook.com\/sharer.php?u=https:\/\/radiorevelacionfm.cl\/?p=3135&#038;t=Pescadores%20artesanales%20se%20re%C3%BAnen%20con%20diputado%20Calisto%20por%20Zonas%20Contiguas' aria-hidden='false' data-av_icon='\ue8f3' data-av_iconfont='entypo-fontello' title='' data-avia-related-tooltip='Compartir en Facebook' rel=\"noopener\"><span class='avia_hidden_link_text'>Compartir en Facebook<\/span><\/a><\/li><li class='av-share-link av-social-link-twitter' ><a target=\"_blank\" aria-label=\"Compartir en Twitter\" href='https:\/\/twitter.com\/share?text=Pescadores%20artesanales%20se%20re%C3%BAnen%20con%20diputado%20Calisto%20por%20Zonas%20Contiguas&#038;url=https:\/\/radiorevelacionfm.cl\/?p=3135' aria-hidden='false' data-av_icon='\ue8f1' data-av_iconfont='entypo-fontello' title='' data-avia-related-tooltip='Compartir en Twitter' rel=\"noopener\"><span class='avia_hidden_link_text'>Compartir en Twitter<\/span><\/a><\/li><li class='av-share-link av-social-link-whatsapp' ><a target=\"_blank\" aria-label=\"Compartir en Whatsapp\" href='https:\/\/api.whatsapp.com\/send?text=https:\/\/radiorevelacionfm.cl\/?p=3135' aria-hidden='false' data-av_icon='\uf232' data-av_iconfont='entypo-fontello' title='' data-avia-related-tooltip='Compartir en Whatsapp' rel=\"noopener\"><span class='avia_hidden_link_text'>Compartir en Whatsapp<\/span><\/a><\/li><li class='av-share-link av-social-link-linkedin' ><a target=\"_blank\" aria-label=\"Compartir en LinkedIn\" href='https:\/\/linkedin.com\/shareArticle?mini=true&#038;title=Pescadores%20artesanales%20se%20re%C3%BAnen%20con%20diputado%20Calisto%20por%20Zonas%20Contiguas&#038;url=https:\/\/radiorevelacionfm.cl\/?p=3135' aria-hidden='false' data-av_icon='\ue8fc' data-av_iconfont='entypo-fontello' title='' data-avia-related-tooltip='Compartir en LinkedIn' rel=\"noopener\"><span class='avia_hidden_link_text'>Compartir en LinkedIn<\/span><\/a><\/li><li class='av-share-link av-social-link-mail' ><a  aria-label=\"Compartir por correo\" href='mailto:?subject=Pescadores%20artesanales%20se%20re%C3%BAnen%20con%20diputado%20Calisto%20por%20Zonas%20Contiguas&#038;body=https:\/\/radiorevelacionfm.cl\/?p=3135' aria-hidden='false' data-av_icon='\ue805' data-av_iconfont='entypo-fontello' title='' data-avia-related-tooltip='Compartir por correo'><span class='avia_hidden_link_text'>Compartir por correo<\/span><\/a><\/li><\/ul><\/div><\/div>\n<div  style='height:50px' class='hr hr-invisible   avia-builder-el-8  el_after_av_social_share  el_before_av_comments_list '><span class='hr-inner ' ><span class='hr-inner-style'><\/span><\/span><\/div>\n<div  class='av-buildercomment  av-blog-meta-html-info-disabled av-blog-meta-tag-disabled  '><\/div>\n","protected":false},"excerpt":{"rendered":"","protected":false},"author":1,"featured_media":0,"comment_status":"open","ping_status":"open","sticky":false,"template":"","format":"standard","meta":{"footnotes":""},"categories":[60,38],"tags":[],"class_list":["post-3135","post","type-post","status-publish","format-standard","hentry","category-pesca","category-regional"],"jetpack_featured_media_url":"","_links":{"self":[{"href":"https:\/\/radiorevelacionfm.cl\/index.php?rest_route=\/wp\/v2\/posts\/3135","targetHints":{"allow":["GET"]}}],"collection":[{"href":"https:\/\/radiorevelacionfm.cl\/index.php?rest_route=\/wp\/v2\/posts"}],"about":[{"href":"https:\/\/radiorevelacionfm.cl\/index.php?rest_route=\/wp\/v2\/types\/post"}],"author":[{"embeddable":true,"href":"https:\/\/radiorevelacionfm.cl\/index.php?rest_route=\/wp\/v2\/users\/1"}],"replies":[{"embeddable":true,"href":"https:\/\/radiorevelacionfm.cl\/index.php?rest_route=%2Fwp%2Fv2%2Fcomments&post=3135"}],"version-history":[{"count":1,"href":"https:\/\/radiorevelacionfm.cl\/index.php?rest_route=\/wp\/v2\/posts\/3135\/revisions"}],"predecessor-version":[{"id":3138,"href":"https:\/\/radiorevelacionfm.cl\/index.php?rest_route=\/wp\/v2\/posts\/3135\/revisions\/3138"}],"wp:attachment":[{"href":"https:\/\/radiorevelacionfm.cl\/index.php?rest_route=%2Fwp%2Fv2%2Fmedia&parent=3135"}],"wp:term":[{"taxonomy":"category","embeddable":true,"href":"https:\/\/radiorevelacionfm.cl\/index.php?rest_route=%2Fwp%2Fv2%2Fcategories&post=3135"},{"taxonomy":"post_tag","embeddable":true,"href":"https:\/\/radiorevelacionfm.cl\/index.php?rest_route=%2Fwp%2Fv2%2Ftags&post=3135"}],"curies":[{"name":"wp","href":"https:\/\/api.w.org\/{rel}","templated":true}]}}