{"id":31349,"date":"2023-05-25T14:19:38","date_gmt":"2023-05-25T17:19:38","guid":{"rendered":"https:\/\/radiorevelacionfm.cl\/?p=31349"},"modified":"2023-05-25T14:19:38","modified_gmt":"2023-05-25T17:19:38","slug":"detienen-a-dos-personas-y-decomisan-15-kg-de-marihuana-enviada-via-courrier-a-coyhaique","status":"publish","type":"post","link":"https:\/\/radiorevelacionfm.cl\/?p=31349","title":{"rendered":"Detienen a dos personas y decomisan 1,5 kg de marihuana enviada v\u00eda courrier a Coyhaique"},"content":{"rendered":"<div class=\"flex_column av_one_full  flex_column_div av-zero-column-padding first  avia-builder-el-0  el_before_av_one_full  avia-builder-el-first  \" style='border-radius:0px; '><div  class='avia-image-container  av-styling-    avia-builder-el-1  avia-builder-el-no-sibling  avia-align-center '  itemprop=\"image\" itemscope=\"itemscope\" itemtype=\"https:\/\/schema.org\/ImageObject\"  ><div class='avia-image-container-inner'><div class='avia-image-overlay-wrap'><img decoding=\"async\" class='wp-image-31350 avia-img-lazy-loading-not-31350 avia_image' src=\"https:\/\/radiorevelacionfm.cl\/wp-content\/uploads\/2023\/05\/4f3ccd7b-9d5c-421e-b58e-53f11a61ec76-1_optimized.jpg\" alt='' title='4f3ccd7b-9d5c-421e-b58e-53f11a61ec76-(1)_optimized' height=\"600\" width=\"802\"  itemprop=\"thumbnailUrl\" srcset=\"https:\/\/radiorevelacionfm.cl\/wp-content\/uploads\/2023\/05\/4f3ccd7b-9d5c-421e-b58e-53f11a61ec76-1_optimized.jpg 802w, https:\/\/radiorevelacionfm.cl\/wp-content\/uploads\/2023\/05\/4f3ccd7b-9d5c-421e-b58e-53f11a61ec76-1_optimized-300x224.jpg 300w, https:\/\/radiorevelacionfm.cl\/wp-content\/uploads\/2023\/05\/4f3ccd7b-9d5c-421e-b58e-53f11a61ec76-1_optimized-768x575.jpg 768w, https:\/\/radiorevelacionfm.cl\/wp-content\/uploads\/2023\/05\/4f3ccd7b-9d5c-421e-b58e-53f11a61ec76-1_optimized-705x527.jpg 705w, https:\/\/radiorevelacionfm.cl\/wp-content\/uploads\/2023\/05\/4f3ccd7b-9d5c-421e-b58e-53f11a61ec76-1_optimized-450x337.jpg 450w, https:\/\/radiorevelacionfm.cl\/wp-content\/uploads\/2023\/05\/4f3ccd7b-9d5c-421e-b58e-53f11a61ec76-1_optimized-600x449.jpg 600w\" sizes=\"(max-width: 802px) 100vw, 802px\" \/><\/div><\/div><\/div><\/div><div class=\"flex_column av_one_full  flex_column_div av-zero-column-padding first  avia-builder-el-2  el_after_av_one_full  el_before_av_one_full  column-top-margin\" style='border-radius:0px; '><section class=\"av_textblock_section \"  itemscope=\"itemscope\" itemtype=\"https:\/\/schema.org\/BlogPosting\" itemprop=\"blogPost\" ><div class='avia_textblock  '   itemprop=\"text\" ><p style=\"text-align: center;\"><strong><span style=\"font-size: 18pt;\">Detienen a dos personas y decomisan 1,5 kg de marihuana enviada v\u00eda courrier a Coyhaique<\/span><\/strong><\/p>\n<div id=\"gtx-trans\" style=\"position: absolute; left: -50px; top: 4.31534px;\">\n<div class=\"gtx-trans-icon\"><\/div>\n<\/div>\n<\/div><\/section><\/div><div class=\"flex_column av_one_full  flex_column_div av-zero-column-padding first  avia-builder-el-4  el_after_av_one_full  el_before_av_hr  column-top-margin\" style='border-radius:0px; '><section class=\"av_textblock_section \"  itemscope=\"itemscope\" itemtype=\"https:\/\/schema.org\/BlogPosting\" itemprop=\"blogPost\" ><div class='avia_textblock  '   itemprop=\"text\" ><p class=\"v1MsoNormal\" style=\"text-align: justify;\">En el transcurso de las \u00faltimas horas, Carabineros de la Secci\u00f3n OS-7 Ays\u00e9n en coordinaci\u00f3n con el Departamento Antidrogas de la Regi\u00f3n Metropolitana -en un trabajo desarrollado de manera conjunta con el Ministerio P\u00fablico- puso t\u00e9rmino a diligencias investigativas que permitieron decomisar m\u00e1s de 1,5 kg de marihuana, droga que fue enviada a la regi\u00f3n a trav\u00e9s de servicios de empresas courrier.<\/p>\n<p class=\"v1MsoNormal\" style=\"text-align: justify;\">As\u00ed lo indic\u00f3 el Prefecto de Carabineros Ays\u00e9n, Coronel Fuad Chaban Vilches, quien se\u00f1al\u00f3 que el trabajo desarrollado por agentes de esta unidad especializada de Carabineros -en el contexto del plan \u00abcalles sin violencia\u00bb- permiti\u00f3 identificar una encomienda enviada por m\u00e1s de 1.800 km desde la Regi\u00f3n Metropolitana con destino a la ciudad de Coyhaique, con la finalidad de ser retirada y dosificada para su comercializaci\u00f3n.<\/p>\n<p class=\"v1MsoNormal\" style=\"text-align: justify;\">\u00abSe detuvo a dos personas, logrando la incautaci\u00f3n de 1,5 kg de droga, sacando de circulaci\u00f3n m\u00e1s de tres mil dosis.\u00a0 El tr\u00e1fico de drogas es un problema delictual que siempre est\u00e1 acompa\u00f1ado de disputas territoriales violentas, armas y explotaci\u00f3n de personas en situaci\u00f3n de vulnerabilidad. Por su parte, debe siempre tenerse presente, que pese a todo el control que hagamos, este tipo delictual es en funci\u00f3n de la demanda (&#8230;) mientras existan personas dispuestas a comprar drogas, existir\u00e1 el mercado il\u00edcito de aquellas.\u00a0 No basta con el control que hacemos, a nuestra actividad debe sumarse el compromiso de las familias y de las estructuras sociales que ejercen el control informal\u00bb, expres\u00f3 el Oficial Superior.<\/p>\n<p class=\"v1MsoNormal\" style=\"text-align: justify;\"><b>Ocultamiento<\/b><\/p>\n<p class=\"v1MsoNormal\" style=\"text-align: justify;\">Dicha droga estaba oculta al interior de un parlante, especie que fue identificada por personal especializado del OS-7 mediante equipos de avanzada tecnolog\u00eda, pudiendo develar su contenido, trabajo al que se sum\u00f3 el valioso aporte de los perritos detectores de droga.<\/p>\n<p class=\"v1MsoNormal\" style=\"text-align: justify;\">Los resultados de esta diligencia constituyen el reflejo de una estrategia permanente de Carabineros de Chile en la prevenci\u00f3n especializada, donde el aporte de antecedentes en forma an\u00f3nima y confidencial por parte de la ciudadan\u00eda, sumado al an\u00e1lisis de antecedentes y t\u00e9cnicas de investigaci\u00f3n contempladas en la Ley de Drogas, han permitido determinar diferentes puntos de acceso o rutas para ingresar sustancias il\u00edcitas, as\u00ed como grupos organizados que est\u00e1n permanentemente explorando nuevas v\u00edas o modalidades para la internaci\u00f3n de drogas al territorio.<\/p>\n<p class=\"v1MsoNormal\" style=\"text-align: justify;\">En tal sentido, s\u00f3lo en los \u00faltimos diez d\u00edas, Carabineros de la Secci\u00f3n OS-7 Ays\u00e9n -mediante el trabajo de agentes encubiertos- ha realizado tres procedimientos de drogas, evitando que este tipo de sustancias prohibidas -que tanto da\u00f1o generan en la poblaci\u00f3n- llegue a la comunidad o a los j\u00f3venes en nuestros barrios.<\/p>\n<p class=\"v1MsoNormal\" style=\"text-align: justify;\"><b>63 detenidos a la fecha<\/b><\/p>\n<p class=\"v1MsoNormal\" style=\"text-align: justify;\">Desde enero hasta el 21 de mayo del presente a\u00f1o, Carabineros ha detenido en la regi\u00f3n de Ays\u00e9n a 63 personas por infracci\u00f3n a la Ley de Drogas de los cuales el 33% registra aprehensiones previas, logrando decomisar a la fecha m\u00e1s de 9,1 kg de droga.<\/p>\n<p class=\"v1MsoNormal\" style=\"text-align: justify;\">El a\u00f1o 2022 el trabajo desarrollado por Carabineros permiti\u00f3 la detenci\u00f3n de 146 personas, y se decomis\u00f3 19 kg de droga en la regi\u00f3n.<\/p>\n<p style=\"text-align: justify;\">Carabineros de la Secci\u00f3n OS-7 Ays\u00e9n, reiter\u00f3 el llamado a realizar las denuncias, e invit\u00f3 a la comunidad a otorgar dicha informaci\u00f3n a trav\u00e9s del fono drogas 135, tel\u00e9fono gratuito de Carabineros de Chile, el cual es atendido por agentes especializados del OS-7, quienes durante las 24 horas del d\u00eda y los 365 d\u00edas del a\u00f1o, recibir\u00e1n sus denuncias de forma absolutamente reservada y an\u00f3nima.<\/p>\n<\/div><\/section><\/div><div  style='height:50px' class='hr hr-invisible   avia-builder-el-6  el_after_av_one_full  el_before_av_social_share '><span class='hr-inner ' ><span class='hr-inner-style'><\/span><\/span><\/div><\/p>\n<div  class='av-social-sharing-box  avia-builder-el-7  el_after_av_hr  el_before_av_hr  '><div class='av-share-box'><h5 class='av-share-link-description av-no-toc '>Compartir esta noticia<\/h5><ul class='av-share-box-list noLightbox'><li class='av-share-link av-social-link-facebook' ><a target=\"_blank\" aria-label=\"Compartir en Facebook\" href='https:\/\/www.facebook.com\/sharer.php?u=https:\/\/radiorevelacionfm.cl\/?p=31349&#038;t=Detienen%20a%20dos%20personas%20y%20decomisan%201%2C5%20kg%20de%20marihuana%20enviada%20v%C3%ADa%20courrier%20a%20Coyhaique' aria-hidden='false' data-av_icon='\ue8f3' data-av_iconfont='entypo-fontello' title='' data-avia-related-tooltip='Compartir en Facebook' rel=\"noopener\"><span class='avia_hidden_link_text'>Compartir en Facebook<\/span><\/a><\/li><li class='av-share-link av-social-link-twitter' ><a target=\"_blank\" aria-label=\"Compartir en Twitter\" href='https:\/\/twitter.com\/share?text=Detienen%20a%20dos%20personas%20y%20decomisan%201%2C5%20kg%20de%20marihuana%20enviada%20v%C3%ADa%20courrier%20a%20Coyhaique&#038;url=https:\/\/radiorevelacionfm.cl\/?p=31349' aria-hidden='false' data-av_icon='\ue8f1' data-av_iconfont='entypo-fontello' title='' data-avia-related-tooltip='Compartir en Twitter' rel=\"noopener\"><span class='avia_hidden_link_text'>Compartir en Twitter<\/span><\/a><\/li><li class='av-share-link av-social-link-whatsapp' ><a target=\"_blank\" aria-label=\"Compartir en Whatsapp\" href='https:\/\/api.whatsapp.com\/send?text=https:\/\/radiorevelacionfm.cl\/?p=31349' aria-hidden='false' data-av_icon='\uf232' data-av_iconfont='entypo-fontello' title='' data-avia-related-tooltip='Compartir en Whatsapp' rel=\"noopener\"><span class='avia_hidden_link_text'>Compartir en Whatsapp<\/span><\/a><\/li><li class='av-share-link av-social-link-linkedin' ><a target=\"_blank\" aria-label=\"Compartir en LinkedIn\" href='https:\/\/linkedin.com\/shareArticle?mini=true&#038;title=Detienen%20a%20dos%20personas%20y%20decomisan%201%2C5%20kg%20de%20marihuana%20enviada%20v%C3%ADa%20courrier%20a%20Coyhaique&#038;url=https:\/\/radiorevelacionfm.cl\/?p=31349' aria-hidden='false' data-av_icon='\ue8fc' data-av_iconfont='entypo-fontello' title='' data-avia-related-tooltip='Compartir en LinkedIn' rel=\"noopener\"><span class='avia_hidden_link_text'>Compartir en LinkedIn<\/span><\/a><\/li><li class='av-share-link av-social-link-mail' ><a  aria-label=\"Compartir por correo\" href='mailto:?subject=Detienen%20a%20dos%20personas%20y%20decomisan%201%2C5%20kg%20de%20marihuana%20enviada%20v%C3%ADa%20courrier%20a%20Coyhaique&#038;body=https:\/\/radiorevelacionfm.cl\/?p=31349' aria-hidden='false' data-av_icon='\ue805' data-av_iconfont='entypo-fontello' title='' data-avia-related-tooltip='Compartir por correo'><span class='avia_hidden_link_text'>Compartir por correo<\/span><\/a><\/li><\/ul><\/div><\/div>\n<div  style='height:50px' class='hr hr-invisible   avia-builder-el-8  el_after_av_social_share  el_before_av_comments_list '><span class='hr-inner ' ><span class='hr-inner-style'><\/span><\/span><\/div>\n<div  class='av-buildercomment  av-blog-meta-html-info-disabled av-blog-meta-tag-disabled  '><\/div>\n","protected":false},"excerpt":{"rendered":"","protected":false},"author":1,"featured_media":31350,"comment_status":"open","ping_status":"open","sticky":false,"template":"","format":"standard","meta":{"footnotes":""},"categories":[36],"tags":[],"class_list":["post-31349","post","type-post","status-publish","format-standard","has-post-thumbnail","hentry","category-policial"],"jetpack_featured_media_url":"https:\/\/radiorevelacionfm.cl\/wp-content\/uploads\/2023\/05\/4f3ccd7b-9d5c-421e-b58e-53f11a61ec76-1_optimized.jpg","_links":{"self":[{"href":"https:\/\/radiorevelacionfm.cl\/index.php?rest_route=\/wp\/v2\/posts\/31349","targetHints":{"allow":["GET"]}}],"collection":[{"href":"https:\/\/radiorevelacionfm.cl\/index.php?rest_route=\/wp\/v2\/posts"}],"about":[{"href":"https:\/\/radiorevelacionfm.cl\/index.php?rest_route=\/wp\/v2\/types\/post"}],"author":[{"embeddable":true,"href":"https:\/\/radiorevelacionfm.cl\/index.php?rest_route=\/wp\/v2\/users\/1"}],"replies":[{"embeddable":true,"href":"https:\/\/radiorevelacionfm.cl\/index.php?rest_route=%2Fwp%2Fv2%2Fcomments&post=31349"}],"version-history":[{"count":1,"href":"https:\/\/radiorevelacionfm.cl\/index.php?rest_route=\/wp\/v2\/posts\/31349\/revisions"}],"predecessor-version":[{"id":31351,"href":"https:\/\/radiorevelacionfm.cl\/index.php?rest_route=\/wp\/v2\/posts\/31349\/revisions\/31351"}],"wp:featuredmedia":[{"embeddable":true,"href":"https:\/\/radiorevelacionfm.cl\/index.php?rest_route=\/wp\/v2\/media\/31350"}],"wp:attachment":[{"href":"https:\/\/radiorevelacionfm.cl\/index.php?rest_route=%2Fwp%2Fv2%2Fmedia&parent=31349"}],"wp:term":[{"taxonomy":"category","embeddable":true,"href":"https:\/\/radiorevelacionfm.cl\/index.php?rest_route=%2Fwp%2Fv2%2Fcategories&post=31349"},{"taxonomy":"post_tag","embeddable":true,"href":"https:\/\/radiorevelacionfm.cl\/index.php?rest_route=%2Fwp%2Fv2%2Ftags&post=31349"}],"curies":[{"name":"wp","href":"https:\/\/api.w.org\/{rel}","templated":true}]}}