{"id":31343,"date":"2023-05-25T16:15:24","date_gmt":"2023-05-25T19:15:24","guid":{"rendered":"https:\/\/radiorevelacionfm.cl\/?p=31343"},"modified":"2023-05-25T16:15:24","modified_gmt":"2023-05-25T19:15:24","slug":"chile-chico-exposicion-arqueologica-y-avances-de-obras-en-sector-cuevas-de-las-manos-buscan-resaltar-dia-del-patrimonio","status":"publish","type":"post","link":"https:\/\/radiorevelacionfm.cl\/?p=31343","title":{"rendered":"Chile Chico: Exposici\u00f3n Arqueol\u00f3gica y avances de obras en Sector Cuevas de las Manos buscan resaltar D\u00eda del Patrimonio"},"content":{"rendered":"<div class=\"flex_column av_one_full  flex_column_div av-zero-column-padding first  avia-builder-el-0  el_before_av_one_full  avia-builder-el-first  \" style='border-radius:0px; '><div  class='avia-image-container  av-styling-    avia-builder-el-1  avia-builder-el-no-sibling  avia-align-center '  itemprop=\"image\" itemscope=\"itemscope\" itemtype=\"https:\/\/schema.org\/ImageObject\"  ><div class='avia-image-container-inner'><div class='avia-image-overlay-wrap'><img decoding=\"async\" class='wp-image-31344 avia-img-lazy-loading-not-31344 avia_image' src=\"https:\/\/radiorevelacionfm.cl\/wp-content\/uploads\/2023\/05\/Chile-Chico-2023-05-24-1-1.jpeg\" alt='' title='Chile Chico 2023-05-24 (1) (1)' height=\"600\" width=\"900\"  itemprop=\"thumbnailUrl\" srcset=\"https:\/\/radiorevelacionfm.cl\/wp-content\/uploads\/2023\/05\/Chile-Chico-2023-05-24-1-1.jpeg 900w, https:\/\/radiorevelacionfm.cl\/wp-content\/uploads\/2023\/05\/Chile-Chico-2023-05-24-1-1-300x200.jpeg 300w, https:\/\/radiorevelacionfm.cl\/wp-content\/uploads\/2023\/05\/Chile-Chico-2023-05-24-1-1-768x512.jpeg 768w, https:\/\/radiorevelacionfm.cl\/wp-content\/uploads\/2023\/05\/Chile-Chico-2023-05-24-1-1-705x470.jpeg 705w, https:\/\/radiorevelacionfm.cl\/wp-content\/uploads\/2023\/05\/Chile-Chico-2023-05-24-1-1-450x300.jpeg 450w, https:\/\/radiorevelacionfm.cl\/wp-content\/uploads\/2023\/05\/Chile-Chico-2023-05-24-1-1-600x400.jpeg 600w\" sizes=\"(max-width: 900px) 100vw, 900px\" \/><\/div><\/div><\/div><\/div><div class=\"flex_column av_one_full  flex_column_div av-zero-column-padding first  avia-builder-el-2  el_after_av_one_full  el_before_av_one_full  column-top-margin\" style='border-radius:0px; '><section class=\"av_textblock_section \"  itemscope=\"itemscope\" itemtype=\"https:\/\/schema.org\/BlogPosting\" itemprop=\"blogPost\" ><div class='avia_textblock  '   itemprop=\"text\" ><p style=\"text-align: center;\"><strong><span style=\"font-size: 18pt;\">Chile Chico: Exposici\u00f3n Arqueol\u00f3gica y avances de obras en Sector Cuevas de las Manos buscan resaltar D\u00eda del Patrimonio <\/span><\/strong><\/p>\n<div id=\"gtx-trans\" style=\"position: absolute; left: -50px; top: 4.31534px;\">\n<div class=\"gtx-trans-icon\"><\/div>\n<\/div>\n<\/div><\/section><\/div><div class=\"flex_column av_one_full  flex_column_div av-zero-column-padding first  avia-builder-el-4  el_after_av_one_full  el_before_av_hr  column-top-margin\" style='border-radius:0px; '><section class=\"av_textblock_section \"  itemscope=\"itemscope\" itemtype=\"https:\/\/schema.org\/BlogPosting\" itemprop=\"blogPost\" ><div class='avia_textblock  '   itemprop=\"text\" ><p class=\"v1MsoNormal\" style=\"text-align: justify;\"><span class=\"v1ContentPasted0\">A trav\u00e9s de un trabajo intersectorial entre la Direcci\u00f3n Regional de Arquitectura del Ministerio de Obras P\u00fablicas y CONAF del Ministerio de Agricultura, en la ciudad de Chile Chico se impulsa la construcci\u00f3n de infraestructura de uso p\u00fablico en las \u00e1reas silvestres protegidas. A trav\u00e9s de un proyecto con fondos del Gobierno Regional y su Consejo por $1.682 millones y que\u00a0busca habilitar siete kil\u00f3metros de senderos y miradores en sector Cueva de las Manos, Jeinimeni,\u00a0\u00a0en el Parque Nacional Patagonia.\u00a0<\/span><\/p>\n<p class=\"v1MsoNormal\" style=\"text-align: justify;\"><span class=\"v1ContentPasted0\">Obra que servir\u00e1 de marco para la actividad de conmemoraci\u00f3n del D\u00eda del Patrimonio a realizarse este s\u00e1bado 27 de mayo, a las 16 horas, en la sala de reuniones del Terminal de Buses de Chile Chico.\u00a0<\/span><\/p>\n<p class=\"v1MsoNormal\" style=\"text-align: justify;\"><span class=\"v1ContentPasted0\">As\u00ed lo destac\u00f3 el Secretario Regional Ministerial de Obras P\u00fablicas, Patricio Sanhueza Ulloa quien, junto con destacar el avance de las obras, resalt\u00f3 la importancia para el Gobierno del presidente Gabriel Boric, el poder implementar este tipo de proyectos que dan una visi\u00f3n integral del desarrollo desde los territorios.\u00a0<\/span><\/p>\n<p class=\"v1MsoNormal\" style=\"text-align: justify;\"><span class=\"v1ContentPasted0\">\u00abQueremos visualizar y potenciar nuestro patrimonio regional, arqueol\u00f3gico y paleontol\u00f3gico entre la ciudadan\u00eda para su conocimiento, protecci\u00f3n, rescate y puesta en valor, as\u00ed como tambi\u00e9n generar la infraestructura de apoyo a estas necesidades, posibilitando con ello abrir nuevas oportunidades a la comunidad, al sector tur\u00edstico y\/o productivo local para que a partir de ella, se puedan crear nuevos emprendimientos y empleo, as\u00ed que la invitaci\u00f3n a la comunidad es a participar en esta exposici\u00f3n que realizaran destacados profesionales del \u00e1rea y que beneficia directamente a las vecinas y vecinos de Chile Chico y alrededores\u00bb se\u00f1al\u00f3.\u00a0<\/span><\/p>\n<p class=\"v1MsoNormal\" style=\"text-align: justify;\"><span class=\"v1ContentPasted0\">De tal forma la exposici\u00f3n abierta a la comunidad de Chile Chico abordar\u00e1 la obra denominada \u00abMejoramiento del circuito Cueva de Las Manos del Pedregoso: Un aporte integral para la arqueolog\u00eda de Chile Chico\u00bb y se dar\u00e1n a conocer los avances del proyecto: \u00abConstrucci\u00f3n Infraestructura Cueva de las manos, sector Jeinimeni, Parque Nacional Patagonia, Senderos\u00bb que lleva un 25% de avance.\u00a0\u00a0<\/span><\/p>\n<p class=\"v1MsoNormal\" style=\"text-align: justify;\"><span class=\"v1ContentPasted0\">\u00abEste s\u00e1bado en Chile Chico en el sal\u00f3n Auditorio del Terminal de Buses de Chile Chico a 16:00 va a haber una actividad que va a relevar el patrimonio ambiental del Parque Nacional Patagonia, en conjunto con la Direcci\u00f3n de Arquitectura, con el objetivo de poner en valor las obras que se est\u00e1n realizando en el Parque Nacional Patagonia, sector Cueva de las Manos. Y tambi\u00e9n vamos a tener exposiciones de arque\u00f3logos y de los guardaparques respecto de los recursos culturales arqueol\u00f3gicos que existen en el Parque Patagonia\u00bb, destac\u00f3 la Directora de CONAF, Loreto Pedraza Manieu.\u00a0<\/span><\/p>\n<p class=\"v1MsoNormal\" style=\"text-align: justify;\"><span class=\"v1ContentPasted0\">Por su parte Paola Az\u00f3car, Directora Regional de Arquitectura, resalt\u00f3 la actividad impulsada de forma colaborativa con la entidad del Ministerio de Agricultura en Ays\u00e9n.\u00a0<\/span><\/p>\n<p class=\"v1MsoNormal\" style=\"text-align: justify;\"><span class=\"v1ContentPasted0\">\u00abHoy estamos trabajando junto a nuestro socio estrat\u00e9gico, CONAF, en la conservaci\u00f3n de este patrimonio natural e in\u00e9dito en el pa\u00eds, en un \u00e1rea silvestre protegida como es el Parque Nacional Patagonia, que tiene un alto potencial, valor hist\u00f3rico y fosil\u00edfero. Este s\u00e1bado 27 de mayo queremos tener una conversaci\u00f3n cercana con la comunidad, en donde podamos retroalimentar la ejecuci\u00f3n del proyecto con su conocimiento, as\u00ed como tambi\u00e9n dialogar con el arque\u00f3logo a cargo de los hallazgos y profesionales de nuestra Direcci\u00f3n para que puedan ahondar m\u00e1s en los contenidos propios del lugar, las huellas arqueol\u00f3gicas que existen, el trabajo que se hace con el debido cuidado y respeto de los hallazgos, as\u00ed como tambi\u00e9n para que puedan conocer la totalidad del proyecto, el que releva el potencial que tenemos en nuestra regi\u00f3n y que es \u00fanico a nivel pa\u00eds\u00bb\u00a0<\/span><\/p>\n<p class=\"v1MsoNormal\" style=\"text-align: justify;\"><span class=\"v1ContentPasted0\">La exposici\u00f3n, enmarcada en el D\u00eda del Patrimonio, se realizar\u00e1 este s\u00e1bado 27 de mayo, a las 16:00 horas, en la sala de reuniones del Terminal de Buses de Chile Chico, un equipo de profesionales de la Direcci\u00f3n Regional de Arquitectura, el arque\u00f3logo Javier Carranza y\u00a0\u00a0profesionales de la Corporaci\u00f3n Nacional Forestal en la regi\u00f3n de Ays\u00e9n (CONAF),\u00a0\u00a0realizar\u00e1n exposici\u00f3n conjunta a la comunidad de Chile Chico acerca del \u00abMejoramiento del circuito Cueva de Las Manos del Pedregoso: Un aporte integral para la arqueolog\u00eda de Chile Chico\u00bb y se dar\u00e1n a conocer los avances del proyecto: \u00abConstrucci\u00f3n Infraestructura Cueva de las manos, sector Jeinimeni, Parque Nacional Patagonia, Senderos\u00bb.\u00a0<\/span><\/p>\n<\/div><\/section><\/div><div  style='height:50px' class='hr hr-invisible   avia-builder-el-6  el_after_av_one_full  el_before_av_social_share '><span class='hr-inner ' ><span class='hr-inner-style'><\/span><\/span><\/div><\/p>\n<div  class='av-social-sharing-box  avia-builder-el-7  el_after_av_hr  el_before_av_hr  '><div class='av-share-box'><h5 class='av-share-link-description av-no-toc '>Compartir esta noticia<\/h5><ul class='av-share-box-list noLightbox'><li class='av-share-link av-social-link-facebook' ><a target=\"_blank\" aria-label=\"Compartir en Facebook\" href='https:\/\/www.facebook.com\/sharer.php?u=https:\/\/radiorevelacionfm.cl\/?p=31343&#038;t=Chile%20Chico%3A%20Exposici%C3%B3n%20Arqueol%C3%B3gica%20y%20avances%20de%20obras%20en%20Sector%20Cuevas%20de%20las%20Manos%20buscan%20resaltar%20D%C3%ADa%20del%20Patrimonio' aria-hidden='false' data-av_icon='\ue8f3' data-av_iconfont='entypo-fontello' title='' data-avia-related-tooltip='Compartir en Facebook' rel=\"noopener\"><span class='avia_hidden_link_text'>Compartir en Facebook<\/span><\/a><\/li><li class='av-share-link av-social-link-twitter' ><a target=\"_blank\" aria-label=\"Compartir en Twitter\" href='https:\/\/twitter.com\/share?text=Chile%20Chico%3A%20Exposici%C3%B3n%20Arqueol%C3%B3gica%20y%20avances%20de%20obras%20en%20Sector%20Cuevas%20de%20las%20Manos%20buscan%20resaltar%20D%C3%ADa%20del%20Patrimonio&#038;url=https:\/\/radiorevelacionfm.cl\/?p=31343' aria-hidden='false' data-av_icon='\ue8f1' data-av_iconfont='entypo-fontello' title='' data-avia-related-tooltip='Compartir en Twitter' rel=\"noopener\"><span class='avia_hidden_link_text'>Compartir en Twitter<\/span><\/a><\/li><li class='av-share-link av-social-link-whatsapp' ><a target=\"_blank\" aria-label=\"Compartir en Whatsapp\" href='https:\/\/api.whatsapp.com\/send?text=https:\/\/radiorevelacionfm.cl\/?p=31343' aria-hidden='false' data-av_icon='\uf232' data-av_iconfont='entypo-fontello' title='' data-avia-related-tooltip='Compartir en Whatsapp' rel=\"noopener\"><span class='avia_hidden_link_text'>Compartir en Whatsapp<\/span><\/a><\/li><li class='av-share-link av-social-link-linkedin' ><a target=\"_blank\" aria-label=\"Compartir en LinkedIn\" href='https:\/\/linkedin.com\/shareArticle?mini=true&#038;title=Chile%20Chico%3A%20Exposici%C3%B3n%20Arqueol%C3%B3gica%20y%20avances%20de%20obras%20en%20Sector%20Cuevas%20de%20las%20Manos%20buscan%20resaltar%20D%C3%ADa%20del%20Patrimonio&#038;url=https:\/\/radiorevelacionfm.cl\/?p=31343' aria-hidden='false' data-av_icon='\ue8fc' data-av_iconfont='entypo-fontello' title='' data-avia-related-tooltip='Compartir en LinkedIn' rel=\"noopener\"><span class='avia_hidden_link_text'>Compartir en LinkedIn<\/span><\/a><\/li><li class='av-share-link av-social-link-mail' ><a  aria-label=\"Compartir por correo\" href='mailto:?subject=Chile%20Chico%3A%20Exposici%C3%B3n%20Arqueol%C3%B3gica%20y%20avances%20de%20obras%20en%20Sector%20Cuevas%20de%20las%20Manos%20buscan%20resaltar%20D%C3%ADa%20del%20Patrimonio&#038;body=https:\/\/radiorevelacionfm.cl\/?p=31343' aria-hidden='false' data-av_icon='\ue805' data-av_iconfont='entypo-fontello' title='' data-avia-related-tooltip='Compartir por correo'><span class='avia_hidden_link_text'>Compartir por correo<\/span><\/a><\/li><\/ul><\/div><\/div>\n<div  style='height:50px' class='hr hr-invisible   avia-builder-el-8  el_after_av_social_share  el_before_av_comments_list '><span class='hr-inner ' ><span class='hr-inner-style'><\/span><\/span><\/div>\n<div  class='av-buildercomment  av-blog-meta-html-info-disabled av-blog-meta-tag-disabled  '><\/div>\n","protected":false},"excerpt":{"rendered":"","protected":false},"author":1,"featured_media":31344,"comment_status":"open","ping_status":"open","sticky":false,"template":"","format":"standard","meta":{"footnotes":""},"categories":[38],"tags":[],"class_list":["post-31343","post","type-post","status-publish","format-standard","has-post-thumbnail","hentry","category-regional"],"jetpack_featured_media_url":"https:\/\/radiorevelacionfm.cl\/wp-content\/uploads\/2023\/05\/Chile-Chico-2023-05-24-1-1.jpeg","_links":{"self":[{"href":"https:\/\/radiorevelacionfm.cl\/index.php?rest_route=\/wp\/v2\/posts\/31343","targetHints":{"allow":["GET"]}}],"collection":[{"href":"https:\/\/radiorevelacionfm.cl\/index.php?rest_route=\/wp\/v2\/posts"}],"about":[{"href":"https:\/\/radiorevelacionfm.cl\/index.php?rest_route=\/wp\/v2\/types\/post"}],"author":[{"embeddable":true,"href":"https:\/\/radiorevelacionfm.cl\/index.php?rest_route=\/wp\/v2\/users\/1"}],"replies":[{"embeddable":true,"href":"https:\/\/radiorevelacionfm.cl\/index.php?rest_route=%2Fwp%2Fv2%2Fcomments&post=31343"}],"version-history":[{"count":1,"href":"https:\/\/radiorevelacionfm.cl\/index.php?rest_route=\/wp\/v2\/posts\/31343\/revisions"}],"predecessor-version":[{"id":31345,"href":"https:\/\/radiorevelacionfm.cl\/index.php?rest_route=\/wp\/v2\/posts\/31343\/revisions\/31345"}],"wp:featuredmedia":[{"embeddable":true,"href":"https:\/\/radiorevelacionfm.cl\/index.php?rest_route=\/wp\/v2\/media\/31344"}],"wp:attachment":[{"href":"https:\/\/radiorevelacionfm.cl\/index.php?rest_route=%2Fwp%2Fv2%2Fmedia&parent=31343"}],"wp:term":[{"taxonomy":"category","embeddable":true,"href":"https:\/\/radiorevelacionfm.cl\/index.php?rest_route=%2Fwp%2Fv2%2Fcategories&post=31343"},{"taxonomy":"post_tag","embeddable":true,"href":"https:\/\/radiorevelacionfm.cl\/index.php?rest_route=%2Fwp%2Fv2%2Ftags&post=31343"}],"curies":[{"name":"wp","href":"https:\/\/api.w.org\/{rel}","templated":true}]}}