{"id":31339,"date":"2023-05-26T13:07:05","date_gmt":"2023-05-26T16:07:05","guid":{"rendered":"https:\/\/radiorevelacionfm.cl\/?p=31339"},"modified":"2023-05-26T13:07:05","modified_gmt":"2023-05-26T16:07:05","slug":"integra-realiza-cuenta-publica-participativa-destacando-la-importancia-de-la-educacion-inicial","status":"publish","type":"post","link":"https:\/\/radiorevelacionfm.cl\/?p=31339","title":{"rendered":"Integra realiza Cuenta P\u00fablica Participativa destacando la importancia de la educaci\u00f3n inicial"},"content":{"rendered":"<div class=\"flex_column av_one_full  flex_column_div av-zero-column-padding first  avia-builder-el-0  el_before_av_one_full  avia-builder-el-first  \" style='border-radius:0px; '><div  class='avia-image-container  av-styling-    avia-builder-el-1  avia-builder-el-no-sibling  avia-align-center '  itemprop=\"image\" itemscope=\"itemscope\" itemtype=\"https:\/\/schema.org\/ImageObject\"  ><div class='avia-image-container-inner'><div class='avia-image-overlay-wrap'><img decoding=\"async\" class='wp-image-31341 avia-img-lazy-loading-not-31341 avia_image' src=\"https:\/\/radiorevelacionfm.cl\/wp-content\/uploads\/2023\/05\/5-66-1-1.jpg\" alt='' title='5 (66) (1) (1)' height=\"600\" width=\"968\"  itemprop=\"thumbnailUrl\" srcset=\"https:\/\/radiorevelacionfm.cl\/wp-content\/uploads\/2023\/05\/5-66-1-1.jpg 968w, https:\/\/radiorevelacionfm.cl\/wp-content\/uploads\/2023\/05\/5-66-1-1-300x186.jpg 300w, https:\/\/radiorevelacionfm.cl\/wp-content\/uploads\/2023\/05\/5-66-1-1-768x476.jpg 768w, https:\/\/radiorevelacionfm.cl\/wp-content\/uploads\/2023\/05\/5-66-1-1-705x437.jpg 705w, https:\/\/radiorevelacionfm.cl\/wp-content\/uploads\/2023\/05\/5-66-1-1-450x279.jpg 450w, https:\/\/radiorevelacionfm.cl\/wp-content\/uploads\/2023\/05\/5-66-1-1-600x372.jpg 600w\" sizes=\"(max-width: 968px) 100vw, 968px\" \/><\/div><\/div><\/div><\/div><div class=\"flex_column av_one_full  flex_column_div av-zero-column-padding first  avia-builder-el-2  el_after_av_one_full  el_before_av_one_full  column-top-margin\" style='border-radius:0px; '><section class=\"av_textblock_section \"  itemscope=\"itemscope\" itemtype=\"https:\/\/schema.org\/BlogPosting\" itemprop=\"blogPost\" ><div class='avia_textblock  '   itemprop=\"text\" ><p style=\"text-align: center;\"><strong><span style=\"font-size: 18pt;\">Integra realiza Cuenta P\u00fablica Participativa destacando la importancia de la educaci\u00f3n inicial<\/span><\/strong><\/p>\n<div id=\"gtx-trans\" style=\"position: absolute; left: -50px; top: 4.31534px;\">\n<div class=\"gtx-trans-icon\"><\/div>\n<\/div>\n<\/div><\/section><\/div><div class=\"flex_column av_one_full  flex_column_div av-zero-column-padding first  avia-builder-el-4  el_after_av_one_full  el_before_av_hr  column-top-margin\" style='border-radius:0px; '><section class=\"av_textblock_section \"  itemscope=\"itemscope\" itemtype=\"https:\/\/schema.org\/BlogPosting\" itemprop=\"blogPost\" ><div class='avia_textblock  '   itemprop=\"text\" ><p style=\"font-weight: 400; text-align: justify;\">Con la presencia de familias, autoridades, trabajadores y representantes sindicales, se realiz\u00f3 la Cuenta P\u00fablica Participativa de Fundaci\u00f3n Integra en la regi\u00f3n de Ays\u00e9n. La ceremonia fue encabezada por la directora regional, Leticia Araya Norambuena, quien se\u00f1al\u00f3 los principales alcances, hitos y cifras vinculados al quehacer de la instituci\u00f3n en el pasado 2022, adem\u00e1s de los compromisos que tiene la instituci\u00f3n para el a\u00f1o 2023 y el futuro.<\/p>\n<p style=\"font-weight: 400; text-align: justify;\">Leticia Araya Norambuena, directora regional de Fundaci\u00f3n Integra, que \u201cesta Cuenta P\u00fablica nos permiti\u00f3 mostrar la gesti\u00f3n que ha\u00a0desarrollado\u00a0nuestra instituci\u00f3n durante el 2022 en la que se pudo conocer la labor que desarrollamos tanto a nivel nacional como regional en sus distintas \u00e1reas. Por lo tanto es una instancia que da transparencia del trabajo que desarrollamos y el uso de los recursos p\u00fablicos que manejamos\u201d.<\/p>\n<p style=\"font-weight: 400; text-align: justify;\">Por su parte, Isabel Garrido Casassa, seremi de Educaci\u00f3n destac\u00f3 que \u201cpudimos ver una Cuenta P\u00fablica muy interesante, enfocado en los desaf\u00edos regionales que tiene Fundaci\u00f3n Integra, centrados principalmente en la reactivaci\u00f3n educativa y en el desaf\u00edo que significa que las familias lleven a sus hijos a los jardines infantiles\u201d.<\/p>\n<p style=\"font-weight: 400; text-align: justify;\">Es importante destacar que esta Cuenta P\u00fablica cont\u00f3 con la compa\u00f1\u00eda de Cecilia Alvarado Vel\u00e1squez, directora del jard\u00edn infantil y sala cuna \u201cLos Pioneros\u201d de Cochrane y de Luis Pardo Miranda, asistente de p\u00e1rvulos de Tardes de Juego en Mi Jard\u00edn del jard\u00edn infantil y sala cuna \u201cCaminito Austral\u201d de Puerto R\u00edo Tranquilo, quienes realizaron la presentaci\u00f3n del evento e interactuaron con las autoridades presentes.<\/p>\n<p style=\"font-weight: 400; text-align: justify;\">Una de las participantes de esta actividad fue Joselyn Orellana Gatica, directora de la Modalidad No Convencional, Jard\u00edn Sobre Ruedas quien valor\u00f3 este espacio reforzando la importancia que tiene la educaci\u00f3n\u00a0inicial\u00a0\u201cy donde tienen aprendizajes significativos y acordes a sus necesidades,\u00a0permiti\u00e9ndoles\u00a0la socializaci\u00f3n con pares y aprender haciendo y protagonistas por sobretodo\u201d.<\/p>\n<p style=\"font-weight: 400; text-align: justify;\">En ese mismo \u00e1mbito, la directora regional de Fundaci\u00f3n Integra reiter\u00f3 en la Cuenta P\u00fablica el llamado a las familias a conocer los jardines infantiles y sus proyectos educativos, m\u00e1s a\u00fan cuando ya no hay restricciones para poder ingresar a los establecimientos y para que puedan formar parte de una de las instituciones en educaci\u00f3n inicial m\u00e1s importante del pa\u00eds.<\/p>\n<p style=\"font-weight: 400; text-align: justify;\">En la Cuenta P\u00fablica se reconoci\u00f3 que la Fundaci\u00f3n Integra en Ays\u00e9n presenta un 80% de presencia comunal, con jardines infantiles y salas cuna en 8 comunas de la regi\u00f3n (solo falta Chile Chico y Tortel), con un total de 371 trabajadores\/as, siendo 346 mujeres y 25 hombres, quienes adem\u00e1s tienen la oportunidad de adquirir mayores herramientas gracias al programa de formaci\u00f3n AprendeS.<\/p>\n<p style=\"font-weight: 400; text-align: justify;\">En cuanto al perfil de las familias de la regi\u00f3n, el Reporte entregado se\u00f1ala que el 91.8% de las familias que se atienden pertenecen al 60% de los hogares con menos ingresos en Chile. Del mismo modo se se\u00f1ala que 29.1% de las familias son parte de pueblos originarios, mientras el 63% de los hogares tienen a mujeres como jefas de hogar.<\/p>\n<p style=\"font-weight: 400; text-align: justify;\">La directora regional de Fundaci\u00f3n Integra reiter\u00f3 la invitaci\u00f3n a las familias a ser parte de la instituci\u00f3n reforzando que \u201cel jard\u00edn infantil es un espacio en el que los ni\u00f1os y ni\u00f1as pueden socializar, jugar, resolver conflictos con sus pares y con adultos sensibles a sus necesidades. Todo esto en ambientes preparados para ellos y\u00a0los que\u00a0es esencial el trabajo con los padres para el desarrollo integral de cada uno de ellos\u201d.<\/p>\n<p style=\"font-weight: 400; text-align: justify;\">Los interesados en poder conocer en detalle respecto de esta informaci\u00f3n lo pueden hacer en el sitio web\u00a0<a href=\"http:\/\/www.integra.cl\/\" data-saferedirecturl=\"https:\/\/www.google.com\/url?q=http:\/\/www.integra.cl&amp;source=gmail&amp;ust=1685111203109000&amp;usg=AOvVaw1pgi0pvi40lcta6t2RMXB1\">www.integra.cl<\/a>, d\u00f3nde encontrar\u00e1n el Reporte 2022 nacional, documento que da cuenta del quehacer de Fundaci\u00f3n Integra, adem\u00e1s de la plataforma habilitada para realizar consultas o comentarios.<\/p>\n<p style=\"font-weight: 400; text-align: justify;\">Fundaci\u00f3n Integra, con 32 a\u00f1os de experiencia, es uno de los principales prestadores de educaci\u00f3n parvularia en el pa\u00eds, con m\u00e1s de 1.200 jardines infantiles y salas cuna gratuitos, a los que asisten m\u00e1s de 85 mil ni\u00f1os y ni\u00f1as en todo Chile.<\/p>\n<\/div><\/section><\/div><div  style='height:50px' class='hr hr-invisible   avia-builder-el-6  el_after_av_one_full  el_before_av_social_share '><span class='hr-inner ' ><span class='hr-inner-style'><\/span><\/span><\/div><\/p>\n<div  class='av-social-sharing-box  avia-builder-el-7  el_after_av_hr  el_before_av_hr  '><div class='av-share-box'><h5 class='av-share-link-description av-no-toc '>Compartir esta noticia<\/h5><ul class='av-share-box-list noLightbox'><li class='av-share-link av-social-link-facebook' ><a target=\"_blank\" aria-label=\"Compartir en Facebook\" href='https:\/\/www.facebook.com\/sharer.php?u=https:\/\/radiorevelacionfm.cl\/?p=31339&#038;t=Integra%20realiza%20Cuenta%20P%C3%BAblica%20Participativa%20destacando%20la%20importancia%20de%20la%20educaci%C3%B3n%20inicial' aria-hidden='false' data-av_icon='\ue8f3' data-av_iconfont='entypo-fontello' title='' data-avia-related-tooltip='Compartir en Facebook' rel=\"noopener\"><span class='avia_hidden_link_text'>Compartir en Facebook<\/span><\/a><\/li><li class='av-share-link av-social-link-twitter' ><a target=\"_blank\" aria-label=\"Compartir en Twitter\" href='https:\/\/twitter.com\/share?text=Integra%20realiza%20Cuenta%20P%C3%BAblica%20Participativa%20destacando%20la%20importancia%20de%20la%20educaci%C3%B3n%20inicial&#038;url=https:\/\/radiorevelacionfm.cl\/?p=31339' aria-hidden='false' data-av_icon='\ue8f1' data-av_iconfont='entypo-fontello' title='' data-avia-related-tooltip='Compartir en Twitter' rel=\"noopener\"><span class='avia_hidden_link_text'>Compartir en Twitter<\/span><\/a><\/li><li class='av-share-link av-social-link-whatsapp' ><a target=\"_blank\" aria-label=\"Compartir en Whatsapp\" href='https:\/\/api.whatsapp.com\/send?text=https:\/\/radiorevelacionfm.cl\/?p=31339' aria-hidden='false' data-av_icon='\uf232' data-av_iconfont='entypo-fontello' title='' data-avia-related-tooltip='Compartir en Whatsapp' rel=\"noopener\"><span class='avia_hidden_link_text'>Compartir en Whatsapp<\/span><\/a><\/li><li class='av-share-link av-social-link-linkedin' ><a target=\"_blank\" aria-label=\"Compartir en LinkedIn\" href='https:\/\/linkedin.com\/shareArticle?mini=true&#038;title=Integra%20realiza%20Cuenta%20P%C3%BAblica%20Participativa%20destacando%20la%20importancia%20de%20la%20educaci%C3%B3n%20inicial&#038;url=https:\/\/radiorevelacionfm.cl\/?p=31339' aria-hidden='false' data-av_icon='\ue8fc' data-av_iconfont='entypo-fontello' title='' data-avia-related-tooltip='Compartir en LinkedIn' rel=\"noopener\"><span class='avia_hidden_link_text'>Compartir en LinkedIn<\/span><\/a><\/li><li class='av-share-link av-social-link-mail' ><a  aria-label=\"Compartir por correo\" href='mailto:?subject=Integra%20realiza%20Cuenta%20P%C3%BAblica%20Participativa%20destacando%20la%20importancia%20de%20la%20educaci%C3%B3n%20inicial&#038;body=https:\/\/radiorevelacionfm.cl\/?p=31339' aria-hidden='false' data-av_icon='\ue805' data-av_iconfont='entypo-fontello' title='' data-avia-related-tooltip='Compartir por correo'><span class='avia_hidden_link_text'>Compartir por correo<\/span><\/a><\/li><\/ul><\/div><\/div>\n<div  style='height:50px' class='hr hr-invisible   avia-builder-el-8  el_after_av_social_share  el_before_av_comments_list '><span class='hr-inner ' ><span class='hr-inner-style'><\/span><\/span><\/div>\n<div  class='av-buildercomment  av-blog-meta-html-info-disabled av-blog-meta-tag-disabled  '><\/div>\n","protected":false},"excerpt":{"rendered":"","protected":false},"author":1,"featured_media":31341,"comment_status":"open","ping_status":"open","sticky":false,"template":"","format":"standard","meta":{"footnotes":""},"categories":[49],"tags":[],"class_list":["post-31339","post","type-post","status-publish","format-standard","has-post-thumbnail","hentry","category-educacion"],"jetpack_featured_media_url":"https:\/\/radiorevelacionfm.cl\/wp-content\/uploads\/2023\/05\/5-66-1-1.jpg","_links":{"self":[{"href":"https:\/\/radiorevelacionfm.cl\/index.php?rest_route=\/wp\/v2\/posts\/31339","targetHints":{"allow":["GET"]}}],"collection":[{"href":"https:\/\/radiorevelacionfm.cl\/index.php?rest_route=\/wp\/v2\/posts"}],"about":[{"href":"https:\/\/radiorevelacionfm.cl\/index.php?rest_route=\/wp\/v2\/types\/post"}],"author":[{"embeddable":true,"href":"https:\/\/radiorevelacionfm.cl\/index.php?rest_route=\/wp\/v2\/users\/1"}],"replies":[{"embeddable":true,"href":"https:\/\/radiorevelacionfm.cl\/index.php?rest_route=%2Fwp%2Fv2%2Fcomments&post=31339"}],"version-history":[{"count":1,"href":"https:\/\/radiorevelacionfm.cl\/index.php?rest_route=\/wp\/v2\/posts\/31339\/revisions"}],"predecessor-version":[{"id":31342,"href":"https:\/\/radiorevelacionfm.cl\/index.php?rest_route=\/wp\/v2\/posts\/31339\/revisions\/31342"}],"wp:featuredmedia":[{"embeddable":true,"href":"https:\/\/radiorevelacionfm.cl\/index.php?rest_route=\/wp\/v2\/media\/31341"}],"wp:attachment":[{"href":"https:\/\/radiorevelacionfm.cl\/index.php?rest_route=%2Fwp%2Fv2%2Fmedia&parent=31339"}],"wp:term":[{"taxonomy":"category","embeddable":true,"href":"https:\/\/radiorevelacionfm.cl\/index.php?rest_route=%2Fwp%2Fv2%2Fcategories&post=31339"},{"taxonomy":"post_tag","embeddable":true,"href":"https:\/\/radiorevelacionfm.cl\/index.php?rest_route=%2Fwp%2Fv2%2Ftags&post=31339"}],"curies":[{"name":"wp","href":"https:\/\/api.w.org\/{rel}","templated":true}]}}