{"id":31334,"date":"2023-05-25T10:54:45","date_gmt":"2023-05-25T13:54:45","guid":{"rendered":"https:\/\/radiorevelacionfm.cl\/?p=31334"},"modified":"2023-05-25T10:54:45","modified_gmt":"2023-05-25T13:54:45","slug":"mop-impulsa-proyectos-de-rescate-y-puesta-en-valor-del-patrimonio-regional","status":"publish","type":"post","link":"https:\/\/radiorevelacionfm.cl\/?p=31334","title":{"rendered":"MOP impulsa proyectos de rescate y puesta en valor del patrimonio regional"},"content":{"rendered":"<div class=\"flex_column av_one_full  flex_column_div av-zero-column-padding first  avia-builder-el-0  el_before_av_one_full  avia-builder-el-first  \" style='border-radius:0px; '><div  class='avia-image-container  av-styling-    avia-builder-el-1  avia-builder-el-no-sibling  avia-align-center '  itemprop=\"image\" itemscope=\"itemscope\" itemtype=\"https:\/\/schema.org\/ImageObject\"  ><div class='avia-image-container-inner'><div class='avia-image-overlay-wrap'><img decoding=\"async\" class='wp-image-31335 avia-img-lazy-loading-not-31335 avia_image' src=\"https:\/\/radiorevelacionfm.cl\/wp-content\/uploads\/2023\/05\/casa-hopp-2-1_optimized.jpg\" alt='' title='casa-hopp-2-(1)_optimized' height=\"600\" width=\"915\"  itemprop=\"thumbnailUrl\" srcset=\"https:\/\/radiorevelacionfm.cl\/wp-content\/uploads\/2023\/05\/casa-hopp-2-1_optimized.jpg 915w, https:\/\/radiorevelacionfm.cl\/wp-content\/uploads\/2023\/05\/casa-hopp-2-1_optimized-300x197.jpg 300w, https:\/\/radiorevelacionfm.cl\/wp-content\/uploads\/2023\/05\/casa-hopp-2-1_optimized-768x504.jpg 768w, https:\/\/radiorevelacionfm.cl\/wp-content\/uploads\/2023\/05\/casa-hopp-2-1_optimized-705x462.jpg 705w, https:\/\/radiorevelacionfm.cl\/wp-content\/uploads\/2023\/05\/casa-hopp-2-1_optimized-450x295.jpg 450w, https:\/\/radiorevelacionfm.cl\/wp-content\/uploads\/2023\/05\/casa-hopp-2-1_optimized-600x393.jpg 600w\" sizes=\"(max-width: 915px) 100vw, 915px\" \/><\/div><\/div><\/div><\/div><div class=\"flex_column av_one_full  flex_column_div av-zero-column-padding first  avia-builder-el-2  el_after_av_one_full  el_before_av_one_full  column-top-margin\" style='border-radius:0px; '><section class=\"av_textblock_section \"  itemscope=\"itemscope\" itemtype=\"https:\/\/schema.org\/BlogPosting\" itemprop=\"blogPost\" ><div class='avia_textblock  '   itemprop=\"text\" ><p style=\"text-align: center;\"><strong><span style=\"font-size: 18pt;\">MOP impulsa proyectos de rescate y puesta en valor del patrimonio regional<\/span><\/strong><\/p>\n<div id=\"gtx-trans\" style=\"position: absolute; left: -50px; top: 4.31534px;\">\n<div class=\"gtx-trans-icon\"><\/div>\n<\/div>\n<\/div><\/section><\/div><div class=\"flex_column av_one_full  flex_column_div av-zero-column-padding first  avia-builder-el-4  el_after_av_one_full  el_before_av_hr  column-top-margin\" style='border-radius:0px; '><section class=\"av_textblock_section \"  itemscope=\"itemscope\" itemtype=\"https:\/\/schema.org\/BlogPosting\" itemprop=\"blogPost\" ><div class='avia_textblock  '   itemprop=\"text\" ><p style=\"text-align: justify;\">Cinco son los proyectos que el Ministerio de Obras P\u00fablicas a trav\u00e9s de la Direcci\u00f3n Regional de Arquitectura est\u00e1 impulsando en el \u00e1mbito del rescate y puesta en valor del patrimonio regional en las comunas de Cochrane, Cisnes, Ib\u00e1\u00f1ez y Chile Chico. As\u00ed lo destac\u00f3, el Secretario Regional Ministerial de Obras P\u00fablicas Patricio Sanhueza Ulloa en el marco de la pr\u00f3xima celebraci\u00f3n del D\u00eda del Patrimonio.<\/p>\n<p style=\"text-align: justify;\">Como Ministerio de Obras P\u00fablicas con estas acciones mantenemos nuestro compromiso de gobierno de relevar las particularidades de cada territorio a trav\u00e9s de sus atributos, que son parte de su patrimonio, y en ese sentido, la Direcci\u00f3n Regional de Arquitectura del Ministerio de Obras P\u00fablicas dentro de sus ejes de gesti\u00f3n est\u00e1 trabajando en el rescate patrimonial e hist\u00f3rico referido tanto a edificaciones como a sectores naturales.<\/p>\n<p style=\"text-align: justify;\">Consultada al respecto, la Directora Regional de Arquitectura del MOP Paola Az\u00f3car Betancur inform\u00f3 que \u201choy estamos trabajando en varias iniciativas, entre ellas en el norte de la regi\u00f3n en la ejecuci\u00f3n de la etapa de <strong>Dise\u00f1o de la Restauraci\u00f3n de la Casona Alto R\u00edo Cisnes, <\/strong>as\u00ed como tambi\u00e9n en la zona sur, en donde este a\u00f1o se ha logrado el financiamiento de un proyecto de larga data como es el <strong>Dise\u00f1o para la restauraci\u00f3n del Paso San Carlos, en la comuna de Cochrane, <\/strong>lo que nos tiene muy contentos, porque adem\u00e1s hoy este Dise\u00f1o se encuentra en plena licitaci\u00f3n abierta a todo el espectro de Consultores a nivel nacional. Queremos que este Dise\u00f1o sea muy cercano a la gente, y ya estamos fomentando la participaci\u00f3n ciudadana presencial con la comunidad de Cochrane y con los lugare\u00f1os del sector Los \u00d1adis, donde hoy d\u00eda sabemos existe un gran potencial tur\u00edstico, pero tambi\u00e9n siempre resguardando las condiciones hist\u00f3ricas de este lugar. Este es un Paso muy relevante en t\u00e9rminos hist\u00f3ricos y por lo tanto, las intervenciones que se realicen van a rescatar todo este contenido patrimonial que tiene el lugar. Tenemos tambi\u00e9n, finalizada la <strong>Consultor\u00eda de Dise\u00f1o de las Bodegas Portuarias ubicadas en R\u00edo Ib\u00e1\u00f1ez,<\/strong> as\u00ed que esperamos que siga su curso para poder ejecutarlo en el mediano plazo. Es un proyecto que cuenta con el patrocinio del Consejo de Monumentos Nacionales y por lo tanto, es una oportunidad para contar con nuevos espacios culturales en la localidad de R\u00edo Ib\u00e1\u00f1ez; otro proyecto en Cartera que estamos reactivando junto con la municipalidad de Puerto Cisnes, es la <strong>Restauraci\u00f3n de la Casa Hopperdietzel. <\/strong>El Dise\u00f1o para su restauraci\u00f3n se encuentra terminado<strong>, <\/strong>y hoy nuestro foco es obtener financiamiento para poder ejecutar la restauraci\u00f3n. Este es un proyecto muy relevante, porque se reconoce y habilita una edificaci\u00f3n que es hist\u00f3rica, pero que tambi\u00e9n permite tener nuevos espacios o edificio p\u00fablico que aportan en t\u00e9rminos culturales a los contenidos que pueda tener la comunidad. A estos proyectos, sumamos la actual <strong>construcci\u00f3n en ejecuci\u00f3n de infraestructura de uso p\u00fablico en las \u00e1reas silvestres protegidas, como es habilitar siete kil\u00f3metros de senderos y miradores en el sector Cueva de las Manos, Jeinimeni, Parque Nacional Patagonia\u201d.<\/strong><\/p>\n<p style=\"text-align: justify;\">Respecto a las obras proyectadas, Paola Azocar destac\u00f3 \u201cdentro de la Cartera futura en t\u00e9rminos de Patrimonio, lo que viene es retomar los temas en la Mesa Regional de Patrimonio, que se reactiv\u00f3 en septiembre del a\u00f1o pasado por parte del Gobierno Regional y de la cual nosotros somos parte. En esa Mesa se debiera configurar una Cartera de proyectos a nivel regional en t\u00e9rminos de Patrimonio, y ah\u00ed cobra relevancia todo el material que existe en el Inventario Nacional de Patrimonio Inmueble de Chile del que somos parte, porque la regi\u00f3n de Ays\u00e9n fue una de las primeras en realizar su inventario, lo que hoy se est\u00e1 replicando en todo el resto del pa\u00eds. Con esos insumos nosotros podemos configurar una Cartera de proyectos fortalecida, porque ya existen contenidos hist\u00f3ricos levantados en este Inventario para relevar la importancia que tienen estas edificaciones y lugares patrimoniales para poder priorizar la inversi\u00f3n en este sentido\u201d.<\/p>\n<\/div><\/section><\/div><div  style='height:50px' class='hr hr-invisible   avia-builder-el-6  el_after_av_one_full  el_before_av_social_share '><span class='hr-inner ' ><span class='hr-inner-style'><\/span><\/span><\/div><\/p>\n<div  class='av-social-sharing-box  avia-builder-el-7  el_after_av_hr  el_before_av_hr  '><div class='av-share-box'><h5 class='av-share-link-description av-no-toc '>Compartir esta noticia<\/h5><ul class='av-share-box-list noLightbox'><li class='av-share-link av-social-link-facebook' ><a target=\"_blank\" aria-label=\"Compartir en Facebook\" href='https:\/\/www.facebook.com\/sharer.php?u=https:\/\/radiorevelacionfm.cl\/?p=31334&#038;t=MOP%20impulsa%20proyectos%20de%20rescate%20y%20puesta%20en%20valor%20del%20patrimonio%20regional' aria-hidden='false' data-av_icon='\ue8f3' data-av_iconfont='entypo-fontello' title='' data-avia-related-tooltip='Compartir en Facebook' rel=\"noopener\"><span class='avia_hidden_link_text'>Compartir en Facebook<\/span><\/a><\/li><li class='av-share-link av-social-link-twitter' ><a target=\"_blank\" aria-label=\"Compartir en Twitter\" href='https:\/\/twitter.com\/share?text=MOP%20impulsa%20proyectos%20de%20rescate%20y%20puesta%20en%20valor%20del%20patrimonio%20regional&#038;url=https:\/\/radiorevelacionfm.cl\/?p=31334' aria-hidden='false' data-av_icon='\ue8f1' data-av_iconfont='entypo-fontello' title='' data-avia-related-tooltip='Compartir en Twitter' rel=\"noopener\"><span class='avia_hidden_link_text'>Compartir en Twitter<\/span><\/a><\/li><li class='av-share-link av-social-link-whatsapp' ><a target=\"_blank\" aria-label=\"Compartir en Whatsapp\" href='https:\/\/api.whatsapp.com\/send?text=https:\/\/radiorevelacionfm.cl\/?p=31334' aria-hidden='false' data-av_icon='\uf232' data-av_iconfont='entypo-fontello' title='' data-avia-related-tooltip='Compartir en Whatsapp' rel=\"noopener\"><span class='avia_hidden_link_text'>Compartir en Whatsapp<\/span><\/a><\/li><li class='av-share-link av-social-link-linkedin' ><a target=\"_blank\" aria-label=\"Compartir en LinkedIn\" href='https:\/\/linkedin.com\/shareArticle?mini=true&#038;title=MOP%20impulsa%20proyectos%20de%20rescate%20y%20puesta%20en%20valor%20del%20patrimonio%20regional&#038;url=https:\/\/radiorevelacionfm.cl\/?p=31334' aria-hidden='false' data-av_icon='\ue8fc' data-av_iconfont='entypo-fontello' title='' data-avia-related-tooltip='Compartir en LinkedIn' rel=\"noopener\"><span class='avia_hidden_link_text'>Compartir en LinkedIn<\/span><\/a><\/li><li class='av-share-link av-social-link-mail' ><a  aria-label=\"Compartir por correo\" href='mailto:?subject=MOP%20impulsa%20proyectos%20de%20rescate%20y%20puesta%20en%20valor%20del%20patrimonio%20regional&#038;body=https:\/\/radiorevelacionfm.cl\/?p=31334' aria-hidden='false' data-av_icon='\ue805' data-av_iconfont='entypo-fontello' title='' data-avia-related-tooltip='Compartir por correo'><span class='avia_hidden_link_text'>Compartir por correo<\/span><\/a><\/li><\/ul><\/div><\/div>\n<div  style='height:50px' class='hr hr-invisible   avia-builder-el-8  el_after_av_social_share  el_before_av_comments_list '><span class='hr-inner ' ><span class='hr-inner-style'><\/span><\/span><\/div>\n<div  class='av-buildercomment  av-blog-meta-html-info-disabled av-blog-meta-tag-disabled  '><\/div>\n","protected":false},"excerpt":{"rendered":"","protected":false},"author":1,"featured_media":31335,"comment_status":"open","ping_status":"open","sticky":false,"template":"","format":"standard","meta":{"footnotes":""},"categories":[38],"tags":[],"class_list":["post-31334","post","type-post","status-publish","format-standard","has-post-thumbnail","hentry","category-regional"],"jetpack_featured_media_url":"https:\/\/radiorevelacionfm.cl\/wp-content\/uploads\/2023\/05\/casa-hopp-2-1_optimized.jpg","_links":{"self":[{"href":"https:\/\/radiorevelacionfm.cl\/index.php?rest_route=\/wp\/v2\/posts\/31334","targetHints":{"allow":["GET"]}}],"collection":[{"href":"https:\/\/radiorevelacionfm.cl\/index.php?rest_route=\/wp\/v2\/posts"}],"about":[{"href":"https:\/\/radiorevelacionfm.cl\/index.php?rest_route=\/wp\/v2\/types\/post"}],"author":[{"embeddable":true,"href":"https:\/\/radiorevelacionfm.cl\/index.php?rest_route=\/wp\/v2\/users\/1"}],"replies":[{"embeddable":true,"href":"https:\/\/radiorevelacionfm.cl\/index.php?rest_route=%2Fwp%2Fv2%2Fcomments&post=31334"}],"version-history":[{"count":1,"href":"https:\/\/radiorevelacionfm.cl\/index.php?rest_route=\/wp\/v2\/posts\/31334\/revisions"}],"predecessor-version":[{"id":31336,"href":"https:\/\/radiorevelacionfm.cl\/index.php?rest_route=\/wp\/v2\/posts\/31334\/revisions\/31336"}],"wp:featuredmedia":[{"embeddable":true,"href":"https:\/\/radiorevelacionfm.cl\/index.php?rest_route=\/wp\/v2\/media\/31335"}],"wp:attachment":[{"href":"https:\/\/radiorevelacionfm.cl\/index.php?rest_route=%2Fwp%2Fv2%2Fmedia&parent=31334"}],"wp:term":[{"taxonomy":"category","embeddable":true,"href":"https:\/\/radiorevelacionfm.cl\/index.php?rest_route=%2Fwp%2Fv2%2Fcategories&post=31334"},{"taxonomy":"post_tag","embeddable":true,"href":"https:\/\/radiorevelacionfm.cl\/index.php?rest_route=%2Fwp%2Fv2%2Ftags&post=31334"}],"curies":[{"name":"wp","href":"https:\/\/api.w.org\/{rel}","templated":true}]}}