{"id":31328,"date":"2023-05-25T11:21:16","date_gmt":"2023-05-25T14:21:16","guid":{"rendered":"https:\/\/radiorevelacionfm.cl\/?p=31328"},"modified":"2023-05-25T11:21:16","modified_gmt":"2023-05-25T14:21:16","slug":"alcalde-s-de-aysen-por-ley-de-pesca-no-podemos-permitir-que-se-hagan-negociaciones-a-espaldas-de-la-comuna-de-aysen","status":"publish","type":"post","link":"https:\/\/radiorevelacionfm.cl\/?p=31328","title":{"rendered":"Alcalde (s) de Ays\u00e9n por Ley de Pesca: \u201cNo podemos permitir que se hagan negociaciones a espaldas de la comuna de Ays\u00e9n\u201d"},"content":{"rendered":"<div class=\"flex_column av_one_full  flex_column_div av-zero-column-padding first  avia-builder-el-0  el_before_av_one_full  avia-builder-el-first  \" style='border-radius:0px; '><div  class='avia-image-container  av-styling-    avia-builder-el-1  avia-builder-el-no-sibling  avia-align-center '  itemprop=\"image\" itemscope=\"itemscope\" itemtype=\"https:\/\/schema.org\/ImageObject\"  ><div class='avia-image-container-inner'><div class='avia-image-overlay-wrap'><img decoding=\"async\" class='wp-image-31329 avia-img-lazy-loading-not-31329 avia_image' src=\"https:\/\/radiorevelacionfm.cl\/wp-content\/uploads\/2023\/05\/WhatsApp-Image-2023-05-23-at-16.09.14-1-1.jpeg\" alt='' title='WhatsApp Image 2023-05-23 at 16.09.14 (1) (1)' height=\"600\" width=\"798\"  itemprop=\"thumbnailUrl\" srcset=\"https:\/\/radiorevelacionfm.cl\/wp-content\/uploads\/2023\/05\/WhatsApp-Image-2023-05-23-at-16.09.14-1-1.jpeg 798w, https:\/\/radiorevelacionfm.cl\/wp-content\/uploads\/2023\/05\/WhatsApp-Image-2023-05-23-at-16.09.14-1-1-300x226.jpeg 300w, https:\/\/radiorevelacionfm.cl\/wp-content\/uploads\/2023\/05\/WhatsApp-Image-2023-05-23-at-16.09.14-1-1-768x577.jpeg 768w, https:\/\/radiorevelacionfm.cl\/wp-content\/uploads\/2023\/05\/WhatsApp-Image-2023-05-23-at-16.09.14-1-1-705x530.jpeg 705w, https:\/\/radiorevelacionfm.cl\/wp-content\/uploads\/2023\/05\/WhatsApp-Image-2023-05-23-at-16.09.14-1-1-450x338.jpeg 450w, https:\/\/radiorevelacionfm.cl\/wp-content\/uploads\/2023\/05\/WhatsApp-Image-2023-05-23-at-16.09.14-1-1-600x451.jpeg 600w\" sizes=\"(max-width: 798px) 100vw, 798px\" \/><\/div><\/div><\/div><\/div><div class=\"flex_column av_one_full  flex_column_div av-zero-column-padding first  avia-builder-el-2  el_after_av_one_full  el_before_av_one_full  column-top-margin\" style='border-radius:0px; '><section class=\"av_textblock_section \"  itemscope=\"itemscope\" itemtype=\"https:\/\/schema.org\/BlogPosting\" itemprop=\"blogPost\" ><div class='avia_textblock  '   itemprop=\"text\" ><p style=\"text-align: center;\"><span style=\"font-size: 18pt;\"><strong>Alcalde (s) de Ays\u00e9n por Ley de Pesca: \u201cNo podemos permitir que se hagan negociaciones a espaldas de la comuna de Ays\u00e9n\u201d<\/strong><\/span><\/p>\n<div id=\"gtx-trans\" style=\"position: absolute; left: -50px; top: 4.31534px;\">\n<div class=\"gtx-trans-icon\"><\/div>\n<\/div>\n<\/div><\/section><\/div><div class=\"flex_column av_one_full  flex_column_div av-zero-column-padding first  avia-builder-el-4  el_after_av_one_full  el_before_av_hr  column-top-margin\" style='border-radius:0px; '><section class=\"av_textblock_section \"  itemscope=\"itemscope\" itemtype=\"https:\/\/schema.org\/BlogPosting\" itemprop=\"blogPost\" ><div class='avia_textblock  '   itemprop=\"text\" ><p style=\"text-align: justify;\">Esta semana, el alcalde (s) de Ays\u00e9n, Marco Co\u00f1uecar, se reuni\u00f3 con representantes de los diversos sindicatos de pescadores, la gobernadora regional, Andrea Mac\u00edas, entre otras autoridades regionales, con el motivo de tratar la protecci\u00f3n de los recursos pesqueros de la comuna de Ays\u00e9n. Esto, con motivo de la votaci\u00f3n legislativa que se realizar\u00e1 a la Ley de Pesca. Esta reuni\u00f3n surgi\u00f3 debido al pronto vencimiento del acuerdo de Zonas Contiguas, motivo por el cual la Subsecretar\u00eda de Pesca convoc\u00f3 a los gobiernos regionales de Los Lagos y Ays\u00e9n a una reuni\u00f3n en Quell\u00f3n.<\/p>\n<p style=\"text-align: justify;\">Durante el encuentro celebrado este martes, Co\u00f1uecar fue enf\u00e1tico en recalcar el compromiso del municipio para respaldar a los pescadores de la comuna. \u201cComo municipio estuvimos presentes porque somos la primera l\u00ednea respecto de apoyar a nuestros trabajadores en caso de pol\u00edticas que perjudiquen la econom\u00eda comunal\u201d, agreg\u00f3, destacando la importancia de evitar que ocurran desastres ecol\u00f3gicos en Ays\u00e9n.<\/p>\n<p style=\"text-align: justify;\">Siguiendo esta misma l\u00ednea, Co\u00f1uecar se\u00f1al\u00f3 que \u201ces sumamente importante que se reconozca el trabajo que nuestros pescadores han hecho por a\u00f1os. Ellos han sido guardianes de nuestros recursos por generaciones, cuidando el medio ambiente y respetando las normas de conservaci\u00f3n y manejo, y no permitiremos que se nos arrebate lo que les pertenece.\u201d.<\/p>\n<p style=\"text-align: justify;\">El representante comunal hizo \u00e9nfasis en que pol\u00edticas relacionadas con la pesca deben ser discutidas con los trabajadores que han dedicado a este oficio por generaciones, recalcando que cualquier modificaci\u00f3n debe ser beneficiosa para la regi\u00f3n y no al contrario. \u201cNo podemos permitir que se hagan negociaciones a espaldas de la comuna de Ays\u00e9n, puesto que actualmente somos una de las comunas que m\u00e1s recursos entrega en este \u00e1mbito, por lo que es importante que se converse con todos los actores\u201d.<\/p>\n<p style=\"text-align: justify;\">Respecto de la inclusi\u00f3n de las personas de las diferentes localidades, Co\u00f1uecar destac\u00f3 que \u201ces importante que se converse con los pescadores de Puerto Aguirre, y que se trabaje cara a cara con la gente para proteger nuestros recursos\u201d, indicando que han sostenido reuniones para discutir este tema con dirigentes pesqueros de los comit\u00e9s bent\u00f3nicos y pesqueros de Isla las Huichas y otras localidades de la comuna.<\/p>\n<p style=\"text-align: justify;\">De esta forma, el municipio reitera su compromiso para proteger la integridad de los recursos y los trabajadores de la comuna. \u201cComo municipio vamos a agotar todas las instancias tanto administrativas como jur\u00eddicas para poder apoyar a nuestros pescadores\u201d, sentenci\u00f3 Co\u00f1uecar, quien espera que estas acciones conjuntas permitan fortalecer el desarrollo de una industria sostenible en la regi\u00f3n que garantice los derechos de los trabajadores.<\/p>\n<\/div><\/section><\/div><div  style='height:50px' class='hr hr-invisible   avia-builder-el-6  el_after_av_one_full  el_before_av_social_share '><span class='hr-inner ' ><span class='hr-inner-style'><\/span><\/span><\/div><\/p>\n<div  class='av-social-sharing-box  avia-builder-el-7  el_after_av_hr  el_before_av_hr  '><div class='av-share-box'><h5 class='av-share-link-description av-no-toc '>Compartir esta noticia<\/h5><ul class='av-share-box-list noLightbox'><li class='av-share-link av-social-link-facebook' ><a target=\"_blank\" aria-label=\"Compartir en Facebook\" href='https:\/\/www.facebook.com\/sharer.php?u=https:\/\/radiorevelacionfm.cl\/?p=31328&#038;t=Alcalde%20%28s%29%20de%20Ays%C3%A9n%20por%20Ley%20de%20Pesca%3A%20%E2%80%9CNo%20podemos%20permitir%20que%20se%20hagan%20negociaciones%20a%20espaldas%20de%20la%20comuna%20de%20Ays%C3%A9n%E2%80%9D' aria-hidden='false' data-av_icon='\ue8f3' data-av_iconfont='entypo-fontello' title='' data-avia-related-tooltip='Compartir en Facebook' rel=\"noopener\"><span class='avia_hidden_link_text'>Compartir en Facebook<\/span><\/a><\/li><li class='av-share-link av-social-link-twitter' ><a target=\"_blank\" aria-label=\"Compartir en Twitter\" href='https:\/\/twitter.com\/share?text=Alcalde%20%28s%29%20de%20Ays%C3%A9n%20por%20Ley%20de%20Pesca%3A%20%E2%80%9CNo%20podemos%20permitir%20que%20se%20hagan%20negociaciones%20a%20espaldas%20de%20la%20comuna%20de%20Ays%C3%A9n%E2%80%9D&#038;url=https:\/\/radiorevelacionfm.cl\/?p=31328' aria-hidden='false' data-av_icon='\ue8f1' data-av_iconfont='entypo-fontello' title='' data-avia-related-tooltip='Compartir en Twitter' rel=\"noopener\"><span class='avia_hidden_link_text'>Compartir en Twitter<\/span><\/a><\/li><li class='av-share-link av-social-link-whatsapp' ><a target=\"_blank\" aria-label=\"Compartir en Whatsapp\" href='https:\/\/api.whatsapp.com\/send?text=https:\/\/radiorevelacionfm.cl\/?p=31328' aria-hidden='false' data-av_icon='\uf232' data-av_iconfont='entypo-fontello' title='' data-avia-related-tooltip='Compartir en Whatsapp' rel=\"noopener\"><span class='avia_hidden_link_text'>Compartir en Whatsapp<\/span><\/a><\/li><li class='av-share-link av-social-link-linkedin' ><a target=\"_blank\" aria-label=\"Compartir en LinkedIn\" href='https:\/\/linkedin.com\/shareArticle?mini=true&#038;title=Alcalde%20%28s%29%20de%20Ays%C3%A9n%20por%20Ley%20de%20Pesca%3A%20%E2%80%9CNo%20podemos%20permitir%20que%20se%20hagan%20negociaciones%20a%20espaldas%20de%20la%20comuna%20de%20Ays%C3%A9n%E2%80%9D&#038;url=https:\/\/radiorevelacionfm.cl\/?p=31328' aria-hidden='false' data-av_icon='\ue8fc' data-av_iconfont='entypo-fontello' title='' data-avia-related-tooltip='Compartir en LinkedIn' rel=\"noopener\"><span class='avia_hidden_link_text'>Compartir en LinkedIn<\/span><\/a><\/li><li class='av-share-link av-social-link-mail' ><a  aria-label=\"Compartir por correo\" href='mailto:?subject=Alcalde%20%28s%29%20de%20Ays%C3%A9n%20por%20Ley%20de%20Pesca%3A%20%E2%80%9CNo%20podemos%20permitir%20que%20se%20hagan%20negociaciones%20a%20espaldas%20de%20la%20comuna%20de%20Ays%C3%A9n%E2%80%9D&#038;body=https:\/\/radiorevelacionfm.cl\/?p=31328' aria-hidden='false' data-av_icon='\ue805' data-av_iconfont='entypo-fontello' title='' data-avia-related-tooltip='Compartir por correo'><span class='avia_hidden_link_text'>Compartir por correo<\/span><\/a><\/li><\/ul><\/div><\/div>\n<div  style='height:50px' class='hr hr-invisible   avia-builder-el-8  el_after_av_social_share  el_before_av_comments_list '><span class='hr-inner ' ><span class='hr-inner-style'><\/span><\/span><\/div>\n<div  class='av-buildercomment  av-blog-meta-html-info-disabled av-blog-meta-tag-disabled  '><\/div>\n","protected":false},"excerpt":{"rendered":"","protected":false},"author":1,"featured_media":31329,"comment_status":"open","ping_status":"open","sticky":false,"template":"","format":"standard","meta":{"footnotes":""},"categories":[38],"tags":[],"class_list":["post-31328","post","type-post","status-publish","format-standard","has-post-thumbnail","hentry","category-regional"],"jetpack_featured_media_url":"https:\/\/radiorevelacionfm.cl\/wp-content\/uploads\/2023\/05\/WhatsApp-Image-2023-05-23-at-16.09.14-1-1.jpeg","_links":{"self":[{"href":"https:\/\/radiorevelacionfm.cl\/index.php?rest_route=\/wp\/v2\/posts\/31328","targetHints":{"allow":["GET"]}}],"collection":[{"href":"https:\/\/radiorevelacionfm.cl\/index.php?rest_route=\/wp\/v2\/posts"}],"about":[{"href":"https:\/\/radiorevelacionfm.cl\/index.php?rest_route=\/wp\/v2\/types\/post"}],"author":[{"embeddable":true,"href":"https:\/\/radiorevelacionfm.cl\/index.php?rest_route=\/wp\/v2\/users\/1"}],"replies":[{"embeddable":true,"href":"https:\/\/radiorevelacionfm.cl\/index.php?rest_route=%2Fwp%2Fv2%2Fcomments&post=31328"}],"version-history":[{"count":1,"href":"https:\/\/radiorevelacionfm.cl\/index.php?rest_route=\/wp\/v2\/posts\/31328\/revisions"}],"predecessor-version":[{"id":31330,"href":"https:\/\/radiorevelacionfm.cl\/index.php?rest_route=\/wp\/v2\/posts\/31328\/revisions\/31330"}],"wp:featuredmedia":[{"embeddable":true,"href":"https:\/\/radiorevelacionfm.cl\/index.php?rest_route=\/wp\/v2\/media\/31329"}],"wp:attachment":[{"href":"https:\/\/radiorevelacionfm.cl\/index.php?rest_route=%2Fwp%2Fv2%2Fmedia&parent=31328"}],"wp:term":[{"taxonomy":"category","embeddable":true,"href":"https:\/\/radiorevelacionfm.cl\/index.php?rest_route=%2Fwp%2Fv2%2Fcategories&post=31328"},{"taxonomy":"post_tag","embeddable":true,"href":"https:\/\/radiorevelacionfm.cl\/index.php?rest_route=%2Fwp%2Fv2%2Ftags&post=31328"}],"curies":[{"name":"wp","href":"https:\/\/api.w.org\/{rel}","templated":true}]}}