{"id":31325,"date":"2023-05-24T20:58:17","date_gmt":"2023-05-24T23:58:17","guid":{"rendered":"https:\/\/radiorevelacionfm.cl\/?p=31325"},"modified":"2023-05-24T20:58:17","modified_gmt":"2023-05-24T23:58:17","slug":"invitan-a-habitantes-de-aysen-a-participar-en-actividades-del-dia-de-los-patrimonios","status":"publish","type":"post","link":"https:\/\/radiorevelacionfm.cl\/?p=31325","title":{"rendered":"Invitan a habitantes de Ays\u00e9n a participar en actividades del D\u00eda de los Patrimonios"},"content":{"rendered":"<div class=\"flex_column av_one_full  flex_column_div av-zero-column-padding first  avia-builder-el-0  el_before_av_one_full  avia-builder-el-first  \" style='border-radius:0px; '><div  class='avia-image-container  av-styling-    avia-builder-el-1  avia-builder-el-no-sibling  avia-align-center '  itemprop=\"image\" itemscope=\"itemscope\" itemtype=\"https:\/\/schema.org\/ImageObject\"  ><div class='avia-image-container-inner'><div class='avia-image-overlay-wrap'><img decoding=\"async\" class='wp-image-31326 avia-img-lazy-loading-not-31326 avia_image' src=\"https:\/\/radiorevelacionfm.cl\/wp-content\/uploads\/2023\/05\/escuela012-d21-canada-23081992-1_optimized.jpg\" alt='' title='escuela012-d21-canad\u00e1-23081992-(1)_optimized' height=\"600\" width=\"1067\"  itemprop=\"thumbnailUrl\" srcset=\"https:\/\/radiorevelacionfm.cl\/wp-content\/uploads\/2023\/05\/escuela012-d21-canada-23081992-1_optimized.jpg 1067w, https:\/\/radiorevelacionfm.cl\/wp-content\/uploads\/2023\/05\/escuela012-d21-canada-23081992-1_optimized-300x169.jpg 300w, https:\/\/radiorevelacionfm.cl\/wp-content\/uploads\/2023\/05\/escuela012-d21-canada-23081992-1_optimized-1030x579.jpg 1030w, https:\/\/radiorevelacionfm.cl\/wp-content\/uploads\/2023\/05\/escuela012-d21-canada-23081992-1_optimized-768x432.jpg 768w, https:\/\/radiorevelacionfm.cl\/wp-content\/uploads\/2023\/05\/escuela012-d21-canada-23081992-1_optimized-705x396.jpg 705w, https:\/\/radiorevelacionfm.cl\/wp-content\/uploads\/2023\/05\/escuela012-d21-canada-23081992-1_optimized-450x253.jpg 450w, https:\/\/radiorevelacionfm.cl\/wp-content\/uploads\/2023\/05\/escuela012-d21-canada-23081992-1_optimized-600x337.jpg 600w\" sizes=\"(max-width: 1067px) 100vw, 1067px\" \/><\/div><\/div><\/div><\/div><div class=\"flex_column av_one_full  flex_column_div av-zero-column-padding first  avia-builder-el-2  el_after_av_one_full  el_before_av_one_full  column-top-margin\" style='border-radius:0px; '><section class=\"av_textblock_section \"  itemscope=\"itemscope\" itemtype=\"https:\/\/schema.org\/BlogPosting\" itemprop=\"blogPost\" ><div class='avia_textblock  '   itemprop=\"text\" ><p style=\"text-align: center;\"><strong><span style=\"font-size: 18pt;\">Invitan a habitantes de Ays\u00e9n a participar en actividades del D\u00eda de los Patrimonios<\/span><\/strong><\/p>\n<div id=\"gtx-trans\" style=\"position: absolute; left: -50px; top: 4.31534px;\">\n<div class=\"gtx-trans-icon\"><\/div>\n<\/div>\n<\/div><\/section><\/div><div class=\"flex_column av_one_full  flex_column_div av-zero-column-padding first  avia-builder-el-4  el_after_av_one_full  el_before_av_hr  column-top-margin\" style='border-radius:0px; '><section class=\"av_textblock_section \"  itemscope=\"itemscope\" itemtype=\"https:\/\/schema.org\/BlogPosting\" itemprop=\"blogPost\" ><div class='avia_textblock  '   itemprop=\"text\" ><p style=\"text-align: justify;\">Con una interesante parrilla program\u00e1tica a desarrollarse este fin de semana, SEREMI de Cultura las Artes y el Patrimonio y SEREMI de Gobierno presentaron las actividades que se van a desarrollar en la regi\u00f3n este s\u00e1bado 28 y domingo 29 de mayo, con ocasi\u00f3n de relevar el D\u00eda de los Patrimonios.<\/p>\n<p style=\"text-align: justify;\">El D\u00eda de los Patrimonios es una celebraci\u00f3n anual organizada por el Ministerio de las Culturas, las Artes y el Patrimonio, que busca promover el disfrute, conocimiento y reflexi\u00f3n ciudadana sobre los patrimonios en Chile. A trav\u00e9s de esta iniciativa, se invita a todas las instituciones y organizaciones del pa\u00eds a abrir sus puertas de forma gratuita y compartir sus patrimonios con la comunidad.<\/p>\n<p style=\"text-align: justify;\">Felipe Quiroz, Seremi de las Culturas, las Artes y el Patrimonio, invit\u00f3 a las y los habitantes de Ays\u00e9n a participar y recorrer los distintos lugares y eventos que se han preparado para este d\u00eda.<\/p>\n<p style=\"text-align: justify;\">\u201cEste a\u00f1o para el D\u00eda de los Patrimonios la tem\u00e1tica es Recuerdos para el Futuro. El objetivo que\u00a0 tiene esta conmemoraci\u00f3n es construir experiencias y evidencias para que conviertan recuerdos para las pr\u00f3ximas generaciones y que contribuya a la construcci\u00f3n de una memoria colectiva que recuerde el patrimonio cultural material e inmaterial que constantemente los rodea y que pueda ser, en este caso, eco para las generaciones futuras\u201d.<\/p>\n<p style=\"text-align: justify;\">El objetivo es construir experiencias y vivencias que se conviertan en recuerdos para las pr\u00f3ximas generaciones y que contribuyan a la construcci\u00f3n de la memoria colectiva. Estos recuerdos nos permiten mantener vivas nuestras tradiciones, costumbres y patrimonios culturales y naturales, y transmitirlos a las futuras generaciones.<\/p>\n<p style=\"text-align: justify;\">En tanto, Tatiana Pl\u00e1, Seremi de Gobierno destac\u00f3 el trabajo del Gobierno en torno a preservar y relevar los espacios y personas que enriquecen a\u00a0 la comunidad de nuestra regi\u00f3n: \u201cPara nuestro Gobierno, la cultura y el patrimonio son fundamentales, por eso queremos invitar a la ciudadan\u00eda a participar del D\u00eda de los Patrimonios 2023 el s\u00e1bado 27 y domingo 28 de mayo. Los patrimonios son din\u00e1micos y parte de nuestra historia, de nuestra manera de convivir, de nuestra manera de proyectarnos, todas y todos est\u00e1n invitados a participar en las distintas actividades en la regi\u00f3n, existen muchos lugares que estar\u00e1n abiertos al p\u00fablico y que todos y todas deber\u00edamos conocer\u201d.<\/p>\n<p style=\"text-align: justify;\">Entre las distintas actividades que se desarrollar\u00e1n en la regi\u00f3n este fin de semana destacan: <strong>Reconocimiento a la Trayectoria de Artesanas de la Feria Pionera de Coyhaique<\/strong>, organiza Agrupaci\u00f3n Cultural Feria Plaza de Armas, S\u00e1bado 27 a las 14:30 en Plaza 499, Coyhaique. <strong>Homenaje pobladores de Puerto Guadal en im\u00e1genes<\/strong>, Galer\u00eda tem\u00e1tica Nahuelpichi, S\u00e1bado 27 -13:00 &#8211; 14:00- Domingo 28 -10:58 &#8211; 11:59, en Chile Chico. <strong>C\u00e1psula del tiempo: Recuerdos para el futuro<\/strong>, organiza: Ilustre Municipalidad de Tortel. S\u00e1bado 27- 9:00 &#8211; 10:00- Domingo 28 -11:00 &#8211; 12:00- requiere inscripci\u00f3n previa al correo:culturaydeporte.tortel@gmail.com Se realizar\u00e1 en sector rotonda, escuela Luis Bravo Bravo, Tortel.<\/p>\n<p style=\"text-align: justify;\"><strong>\u201cPuertas Abiertas\u201d Colegio Pedro Quintana Mansilla (PQM)<\/strong>, organiza Escuela Pedro Quintana Mansilla, Coyhaique. Domingo 28 -9:00 &#8211; 13:00- Arturo Prat 139. <strong>Ruta Patrimonial al Monumento Hist\u00f3rico Oficina de Tierras y Colonizaci\u00f3n de Puerto Ays\u00e9n<\/strong>, Consejo de Monumentos Nacionales. S\u00e1bado 27 -12:45 &#8211; 13:15- Bernardo O&#8217;Higgins 553, Puerto Ays\u00e9n.<\/p>\n<p style=\"text-align: justify;\">Para conocer m\u00e1s detalles y actividades que se realizar\u00e1n en este D\u00eda de los Patrimonios 2023 ingresar a la p\u00e1gina: <a href=\"https:\/\/www.diadelospatrimonios.cl\/\">https:\/\/www.diadelospatrimonios.cl\/<\/a><\/p>\n<\/div><\/section><\/div><div  style='height:50px' class='hr hr-invisible   avia-builder-el-6  el_after_av_one_full  el_before_av_social_share '><span class='hr-inner ' ><span class='hr-inner-style'><\/span><\/span><\/div><\/p>\n<div  class='av-social-sharing-box  avia-builder-el-7  el_after_av_hr  el_before_av_hr  '><div class='av-share-box'><h5 class='av-share-link-description av-no-toc '>Compartir esta noticia<\/h5><ul class='av-share-box-list noLightbox'><li class='av-share-link av-social-link-facebook' ><a target=\"_blank\" aria-label=\"Compartir en Facebook\" href='https:\/\/www.facebook.com\/sharer.php?u=https:\/\/radiorevelacionfm.cl\/?p=31325&#038;t=Invitan%20a%20habitantes%20de%20Ays%C3%A9n%20a%20participar%20en%20actividades%20del%20D%C3%ADa%20de%20los%20Patrimonios' aria-hidden='false' data-av_icon='\ue8f3' data-av_iconfont='entypo-fontello' title='' data-avia-related-tooltip='Compartir en Facebook' rel=\"noopener\"><span class='avia_hidden_link_text'>Compartir en Facebook<\/span><\/a><\/li><li class='av-share-link av-social-link-twitter' ><a target=\"_blank\" aria-label=\"Compartir en Twitter\" href='https:\/\/twitter.com\/share?text=Invitan%20a%20habitantes%20de%20Ays%C3%A9n%20a%20participar%20en%20actividades%20del%20D%C3%ADa%20de%20los%20Patrimonios&#038;url=https:\/\/radiorevelacionfm.cl\/?p=31325' aria-hidden='false' data-av_icon='\ue8f1' data-av_iconfont='entypo-fontello' title='' data-avia-related-tooltip='Compartir en Twitter' rel=\"noopener\"><span class='avia_hidden_link_text'>Compartir en Twitter<\/span><\/a><\/li><li class='av-share-link av-social-link-whatsapp' ><a target=\"_blank\" aria-label=\"Compartir en Whatsapp\" href='https:\/\/api.whatsapp.com\/send?text=https:\/\/radiorevelacionfm.cl\/?p=31325' aria-hidden='false' data-av_icon='\uf232' data-av_iconfont='entypo-fontello' title='' data-avia-related-tooltip='Compartir en Whatsapp' rel=\"noopener\"><span class='avia_hidden_link_text'>Compartir en Whatsapp<\/span><\/a><\/li><li class='av-share-link av-social-link-linkedin' ><a target=\"_blank\" aria-label=\"Compartir en LinkedIn\" href='https:\/\/linkedin.com\/shareArticle?mini=true&#038;title=Invitan%20a%20habitantes%20de%20Ays%C3%A9n%20a%20participar%20en%20actividades%20del%20D%C3%ADa%20de%20los%20Patrimonios&#038;url=https:\/\/radiorevelacionfm.cl\/?p=31325' aria-hidden='false' data-av_icon='\ue8fc' data-av_iconfont='entypo-fontello' title='' data-avia-related-tooltip='Compartir en LinkedIn' rel=\"noopener\"><span class='avia_hidden_link_text'>Compartir en LinkedIn<\/span><\/a><\/li><li class='av-share-link av-social-link-mail' ><a  aria-label=\"Compartir por correo\" href='mailto:?subject=Invitan%20a%20habitantes%20de%20Ays%C3%A9n%20a%20participar%20en%20actividades%20del%20D%C3%ADa%20de%20los%20Patrimonios&#038;body=https:\/\/radiorevelacionfm.cl\/?p=31325' aria-hidden='false' data-av_icon='\ue805' data-av_iconfont='entypo-fontello' title='' data-avia-related-tooltip='Compartir por correo'><span class='avia_hidden_link_text'>Compartir por correo<\/span><\/a><\/li><\/ul><\/div><\/div>\n<div  style='height:50px' class='hr hr-invisible   avia-builder-el-8  el_after_av_social_share  el_before_av_comments_list '><span class='hr-inner ' ><span class='hr-inner-style'><\/span><\/span><\/div>\n<div  class='av-buildercomment  av-blog-meta-html-info-disabled av-blog-meta-tag-disabled  '><\/div>\n","protected":false},"excerpt":{"rendered":"","protected":false},"author":1,"featured_media":31326,"comment_status":"open","ping_status":"open","sticky":false,"template":"","format":"standard","meta":{"footnotes":""},"categories":[52],"tags":[],"class_list":["post-31325","post","type-post","status-publish","format-standard","has-post-thumbnail","hentry","category-cultura"],"jetpack_featured_media_url":"https:\/\/radiorevelacionfm.cl\/wp-content\/uploads\/2023\/05\/escuela012-d21-canada-23081992-1_optimized.jpg","_links":{"self":[{"href":"https:\/\/radiorevelacionfm.cl\/index.php?rest_route=\/wp\/v2\/posts\/31325","targetHints":{"allow":["GET"]}}],"collection":[{"href":"https:\/\/radiorevelacionfm.cl\/index.php?rest_route=\/wp\/v2\/posts"}],"about":[{"href":"https:\/\/radiorevelacionfm.cl\/index.php?rest_route=\/wp\/v2\/types\/post"}],"author":[{"embeddable":true,"href":"https:\/\/radiorevelacionfm.cl\/index.php?rest_route=\/wp\/v2\/users\/1"}],"replies":[{"embeddable":true,"href":"https:\/\/radiorevelacionfm.cl\/index.php?rest_route=%2Fwp%2Fv2%2Fcomments&post=31325"}],"version-history":[{"count":1,"href":"https:\/\/radiorevelacionfm.cl\/index.php?rest_route=\/wp\/v2\/posts\/31325\/revisions"}],"predecessor-version":[{"id":31327,"href":"https:\/\/radiorevelacionfm.cl\/index.php?rest_route=\/wp\/v2\/posts\/31325\/revisions\/31327"}],"wp:featuredmedia":[{"embeddable":true,"href":"https:\/\/radiorevelacionfm.cl\/index.php?rest_route=\/wp\/v2\/media\/31326"}],"wp:attachment":[{"href":"https:\/\/radiorevelacionfm.cl\/index.php?rest_route=%2Fwp%2Fv2%2Fmedia&parent=31325"}],"wp:term":[{"taxonomy":"category","embeddable":true,"href":"https:\/\/radiorevelacionfm.cl\/index.php?rest_route=%2Fwp%2Fv2%2Fcategories&post=31325"},{"taxonomy":"post_tag","embeddable":true,"href":"https:\/\/radiorevelacionfm.cl\/index.php?rest_route=%2Fwp%2Fv2%2Ftags&post=31325"}],"curies":[{"name":"wp","href":"https:\/\/api.w.org\/{rel}","templated":true}]}}