{"id":3132,"date":"2021-04-15T10:33:46","date_gmt":"2021-04-15T13:33:46","guid":{"rendered":"https:\/\/radiorevelacionfm.cl\/?p=3132"},"modified":"2021-04-15T10:33:46","modified_gmt":"2021-04-15T13:33:46","slug":"habitantes-de-melinka-ya-cuentan-con-residencia-sanitaria-para-covid-19","status":"publish","type":"post","link":"https:\/\/radiorevelacionfm.cl\/?p=3132","title":{"rendered":"Habitantes de Melinka ya cuentan con Residencia Sanitaria para COVID-19"},"content":{"rendered":"<div class=\"flex_column av_one_full  flex_column_div av-zero-column-padding first  avia-builder-el-0  el_before_av_one_full  avia-builder-el-first  \" style='border-radius:0px; '><div  class='avia-image-container  av-styling-    avia-builder-el-1  avia-builder-el-no-sibling  avia-align-center '  itemprop=\"image\" itemscope=\"itemscope\" itemtype=\"https:\/\/schema.org\/ImageObject\"  ><div class='avia-image-container-inner'><div class='avia-image-overlay-wrap'><img decoding=\"async\" class='wp-image-0 avia-img-lazy-loading-not-0 avia_image' src=\"https:\/\/radiorevelacionfm.cl\/wp-content\/uploads\/2021\/04\/residencia-melinka_optimized.jpg\" alt='' title=''   itemprop=\"thumbnailUrl\"  \/><\/div><\/div><\/div><\/div><div class=\"flex_column av_one_full  flex_column_div av-zero-column-padding first  avia-builder-el-2  el_after_av_one_full  el_before_av_one_full  column-top-margin\" style='border-radius:0px; '><section class=\"av_textblock_section \"  itemscope=\"itemscope\" itemtype=\"https:\/\/schema.org\/BlogPosting\" itemprop=\"blogPost\" ><div class='avia_textblock  '   itemprop=\"text\" ><p style=\"text-align: center;\"><strong><span style=\"font-size: 18pt;\">Habitantes de Melinka ya cuentan con Residencia Sanitaria para COVID-19<\/span><\/strong><\/p>\n<div id=\"gtx-trans\" style=\"position: absolute; left: -50px; top: 4.31534px;\">\n<div class=\"gtx-trans-icon\"><\/div>\n<\/div>\n<\/div><\/section><\/div><div class=\"flex_column av_one_full  flex_column_div av-zero-column-padding first  avia-builder-el-4  el_after_av_one_full  el_before_av_hr  column-top-margin\" style='border-radius:0px; '><section class=\"av_textblock_section \"  itemscope=\"itemscope\" itemtype=\"https:\/\/schema.org\/BlogPosting\" itemprop=\"blogPost\" ><div class='avia_textblock  '   itemprop=\"text\" ><p style=\"text-align: justify;\">La iniciativa forma parte de los compromisos asumidos por la Seremi de Salud Ays\u00e9n durante su \u00faltima visita a la localidad donde se reuni\u00f3 con dirigentes sociales y representantes del Concejo Municipal.<\/p>\n<p style=\"text-align: justify;\">Durante esta semana, comenz\u00f3 a operar en la localidad de Melinka una Residencia Sanitaria con el prop\u00f3sito de entregar las medidas necesarias de aislamiento a pacientes confirmados por COVID-19.\u00a0 Esta infraestructura cuenta con un equipo completo de profesionales de la salud, quienes prestar\u00e1n los servicios de atenci\u00f3n a todas las personas que sean derivadas a este recinto.<\/p>\n<p style=\"text-align: justify;\">La informaci\u00f3n la dio a conocer la Seremi de Salud Ays\u00e9n, Alejandra Valdebenito Torres, quien indic\u00f3 adem\u00e1s que la residencia ya cuenta con un paciente de esa localidad. \u201cPor espacio de varios d\u00edas se efectuaron una serie de coordinaciones para poder conformar un equipo de salud que asumiera la administraci\u00f3n de una Residencia Sanitaria en la localidad de Melinka.\u00a0 Se trata de un inmueble que cumple con los requisitos necesarios para recibir a pacientes COVID-19 de esta localidad que requieren aislamiento y atenciones de salud adecuadas a su condici\u00f3n.\u00a0 A trav\u00e9s de la puesta en marcha de esta residencia, adem\u00e1s del reforzamiento de los equipos locales de salud p\u00fablica, esperamos que estas acciones, sumadas al propio autocuidado de la comunidad, nos permitan ir controlando los brotes activos en esta localidad\u201d.<\/p>\n<p style=\"text-align: justify;\">La Residencia Sanitaria de Melinka, cuenta con profesionales kinesi\u00f3logos y enfermeros, durante las 24 horas del d\u00eda, adem\u00e1s de asistencia remota de m\u00e9dicos y apoyo del centro de salud de esa localidad.\u00a0 Este inmueble tiene 14 habitaciones, de las cuales 8 son individuales con ba\u00f1o privado y 6 habitaciones dobles.<\/p>\n<p style=\"text-align: justify;\">Finalmente, en relaci\u00f3n al convenio suscrito entre la Municipalidad de Guaitecas y una empresa acu\u00edcola privada para habilitar un establecimiento transitorio para pacientes COVID-19, la Seremi de Salud \u2013 junto con valorar esta acci\u00f3n- indic\u00f3 que esta iniciativa debe ser canalizada formalmente a la propia autoridad sanitaria con el objeto que pueda presentarse a nivel ministerial para ser evaluada t\u00e9cnica y sanitariamente.<\/p>\n<\/div><\/section><\/div><div  style='height:50px' class='hr hr-invisible   avia-builder-el-6  el_after_av_one_full  el_before_av_social_share '><span class='hr-inner ' ><span class='hr-inner-style'><\/span><\/span><\/div><\/p>\n<div  class='av-social-sharing-box  avia-builder-el-7  el_after_av_hr  el_before_av_hr  '><div class='av-share-box'><h5 class='av-share-link-description av-no-toc '>Compartir esta noticia<\/h5><ul class='av-share-box-list noLightbox'><li class='av-share-link av-social-link-facebook' ><a target=\"_blank\" aria-label=\"Compartir en Facebook\" href='https:\/\/www.facebook.com\/sharer.php?u=https:\/\/radiorevelacionfm.cl\/?p=3132&#038;t=Habitantes%20de%20Melinka%20ya%20cuentan%20con%20Residencia%20Sanitaria%20para%20COVID-19' aria-hidden='false' data-av_icon='\ue8f3' data-av_iconfont='entypo-fontello' title='' data-avia-related-tooltip='Compartir en Facebook' rel=\"noopener\"><span class='avia_hidden_link_text'>Compartir en Facebook<\/span><\/a><\/li><li class='av-share-link av-social-link-twitter' ><a target=\"_blank\" aria-label=\"Compartir en Twitter\" href='https:\/\/twitter.com\/share?text=Habitantes%20de%20Melinka%20ya%20cuentan%20con%20Residencia%20Sanitaria%20para%20COVID-19&#038;url=https:\/\/radiorevelacionfm.cl\/?p=3132' aria-hidden='false' data-av_icon='\ue8f1' data-av_iconfont='entypo-fontello' title='' data-avia-related-tooltip='Compartir en Twitter' rel=\"noopener\"><span class='avia_hidden_link_text'>Compartir en Twitter<\/span><\/a><\/li><li class='av-share-link av-social-link-whatsapp' ><a target=\"_blank\" aria-label=\"Compartir en Whatsapp\" href='https:\/\/api.whatsapp.com\/send?text=https:\/\/radiorevelacionfm.cl\/?p=3132' aria-hidden='false' data-av_icon='\uf232' data-av_iconfont='entypo-fontello' title='' data-avia-related-tooltip='Compartir en Whatsapp' rel=\"noopener\"><span class='avia_hidden_link_text'>Compartir en Whatsapp<\/span><\/a><\/li><li class='av-share-link av-social-link-linkedin' ><a target=\"_blank\" aria-label=\"Compartir en LinkedIn\" href='https:\/\/linkedin.com\/shareArticle?mini=true&#038;title=Habitantes%20de%20Melinka%20ya%20cuentan%20con%20Residencia%20Sanitaria%20para%20COVID-19&#038;url=https:\/\/radiorevelacionfm.cl\/?p=3132' aria-hidden='false' data-av_icon='\ue8fc' data-av_iconfont='entypo-fontello' title='' data-avia-related-tooltip='Compartir en LinkedIn' rel=\"noopener\"><span class='avia_hidden_link_text'>Compartir en LinkedIn<\/span><\/a><\/li><li class='av-share-link av-social-link-mail' ><a  aria-label=\"Compartir por correo\" href='mailto:?subject=Habitantes%20de%20Melinka%20ya%20cuentan%20con%20Residencia%20Sanitaria%20para%20COVID-19&#038;body=https:\/\/radiorevelacionfm.cl\/?p=3132' aria-hidden='false' data-av_icon='\ue805' data-av_iconfont='entypo-fontello' title='' data-avia-related-tooltip='Compartir por correo'><span class='avia_hidden_link_text'>Compartir por correo<\/span><\/a><\/li><\/ul><\/div><\/div>\n<div  style='height:50px' class='hr hr-invisible   avia-builder-el-8  el_after_av_social_share  el_before_av_comments_list '><span class='hr-inner ' ><span class='hr-inner-style'><\/span><\/span><\/div>\n<div  class='av-buildercomment  av-blog-meta-html-info-disabled av-blog-meta-tag-disabled  '><\/div>\n","protected":false},"excerpt":{"rendered":"","protected":false},"author":1,"featured_media":0,"comment_status":"open","ping_status":"open","sticky":false,"template":"","format":"standard","meta":{"footnotes":""},"categories":[46],"tags":[],"class_list":["post-3132","post","type-post","status-publish","format-standard","hentry","category-salud"],"jetpack_featured_media_url":"","_links":{"self":[{"href":"https:\/\/radiorevelacionfm.cl\/index.php?rest_route=\/wp\/v2\/posts\/3132","targetHints":{"allow":["GET"]}}],"collection":[{"href":"https:\/\/radiorevelacionfm.cl\/index.php?rest_route=\/wp\/v2\/posts"}],"about":[{"href":"https:\/\/radiorevelacionfm.cl\/index.php?rest_route=\/wp\/v2\/types\/post"}],"author":[{"embeddable":true,"href":"https:\/\/radiorevelacionfm.cl\/index.php?rest_route=\/wp\/v2\/users\/1"}],"replies":[{"embeddable":true,"href":"https:\/\/radiorevelacionfm.cl\/index.php?rest_route=%2Fwp%2Fv2%2Fcomments&post=3132"}],"version-history":[{"count":1,"href":"https:\/\/radiorevelacionfm.cl\/index.php?rest_route=\/wp\/v2\/posts\/3132\/revisions"}],"predecessor-version":[{"id":3134,"href":"https:\/\/radiorevelacionfm.cl\/index.php?rest_route=\/wp\/v2\/posts\/3132\/revisions\/3134"}],"wp:attachment":[{"href":"https:\/\/radiorevelacionfm.cl\/index.php?rest_route=%2Fwp%2Fv2%2Fmedia&parent=3132"}],"wp:term":[{"taxonomy":"category","embeddable":true,"href":"https:\/\/radiorevelacionfm.cl\/index.php?rest_route=%2Fwp%2Fv2%2Fcategories&post=3132"},{"taxonomy":"post_tag","embeddable":true,"href":"https:\/\/radiorevelacionfm.cl\/index.php?rest_route=%2Fwp%2Fv2%2Ftags&post=3132"}],"curies":[{"name":"wp","href":"https:\/\/api.w.org\/{rel}","templated":true}]}}