{"id":31318,"date":"2023-05-24T22:34:18","date_gmt":"2023-05-25T01:34:18","guid":{"rendered":"https:\/\/radiorevelacionfm.cl\/?p=31318"},"modified":"2023-05-24T22:34:18","modified_gmt":"2023-05-25T01:34:18","slug":"delegado-araya-insto-a-revalorizar-el-dialogo-politico-y-la-democracia-a-50-anos-del-golpe-civico-militar","status":"publish","type":"post","link":"https:\/\/radiorevelacionfm.cl\/?p=31318","title":{"rendered":"Delegado Araya inst\u00f3 a revalorizar el di\u00e1logo pol\u00edtico y la democracia a 50 a\u00f1os del golpe c\u00edvico militar"},"content":{"rendered":"<div class=\"flex_column av_one_full  flex_column_div av-zero-column-padding first  avia-builder-el-0  el_before_av_one_full  avia-builder-el-first  \" style='border-radius:0px; '><div  class='avia-image-container  av-styling-    avia-builder-el-1  avia-builder-el-no-sibling  avia-align-center '  itemprop=\"image\" itemscope=\"itemscope\" itemtype=\"https:\/\/schema.org\/ImageObject\"  ><div class='avia-image-container-inner'><div class='avia-image-overlay-wrap'><img decoding=\"async\" class='wp-image-31319 avia-img-lazy-loading-not-31319 avia_image' src=\"https:\/\/radiorevelacionfm.cl\/wp-content\/uploads\/2023\/05\/20230523202819_img_6691-1_optimized.jpg\" alt='' title='20230523202819_img_6691-(1)_optimized' height=\"600\" width=\"900\"  itemprop=\"thumbnailUrl\" srcset=\"https:\/\/radiorevelacionfm.cl\/wp-content\/uploads\/2023\/05\/20230523202819_img_6691-1_optimized.jpg 900w, https:\/\/radiorevelacionfm.cl\/wp-content\/uploads\/2023\/05\/20230523202819_img_6691-1_optimized-300x200.jpg 300w, https:\/\/radiorevelacionfm.cl\/wp-content\/uploads\/2023\/05\/20230523202819_img_6691-1_optimized-768x512.jpg 768w, https:\/\/radiorevelacionfm.cl\/wp-content\/uploads\/2023\/05\/20230523202819_img_6691-1_optimized-705x470.jpg 705w, https:\/\/radiorevelacionfm.cl\/wp-content\/uploads\/2023\/05\/20230523202819_img_6691-1_optimized-450x300.jpg 450w, https:\/\/radiorevelacionfm.cl\/wp-content\/uploads\/2023\/05\/20230523202819_img_6691-1_optimized-600x400.jpg 600w\" sizes=\"(max-width: 900px) 100vw, 900px\" \/><\/div><\/div><\/div><\/div><div class=\"flex_column av_one_full  flex_column_div av-zero-column-padding first  avia-builder-el-2  el_after_av_one_full  el_before_av_one_full  column-top-margin\" style='border-radius:0px; '><section class=\"av_textblock_section \"  itemscope=\"itemscope\" itemtype=\"https:\/\/schema.org\/BlogPosting\" itemprop=\"blogPost\" ><div class='avia_textblock  '   itemprop=\"text\" ><p style=\"font-weight: 400; text-align: center;\"><span style=\"font-size: 18pt;\"><strong>Delegado Araya inst\u00f3 a revalorizar el di\u00e1logo <\/strong><strong>pol\u00edtico y la democracia a 50 a\u00f1os del golpe c\u00edvico militar<\/strong><\/span><\/p>\n<div id=\"gtx-trans\" style=\"position: absolute; left: -50px; top: 4.31534px;\">\n<div class=\"gtx-trans-icon\"><\/div>\n<\/div>\n<\/div><\/section><\/div><div class=\"flex_column av_one_full  flex_column_div av-zero-column-padding first  avia-builder-el-4  el_after_av_one_full  el_before_av_hr  column-top-margin\" style='border-radius:0px; '><section class=\"av_textblock_section \"  itemscope=\"itemscope\" itemtype=\"https:\/\/schema.org\/BlogPosting\" itemprop=\"blogPost\" ><div class='avia_textblock  '   itemprop=\"text\" ><p style=\"font-weight: 400; text-align: justify;\">La revalorizaci\u00f3n del di\u00e1logo pol\u00edtico y de la democracia a 50 a\u00f1os del golpe c\u00edvico militar, fue uno de los mensajes del Delegado Presidencial Regional de Ays\u00e9n, Rodrigo Araya Morales, en la Cuenta P\u00fablica Participativa, realizada la tarde de este martes en el Centro Cultural de Coyhaique.<\/p>\n<p style=\"font-weight: 400; text-align: justify;\">La ceremonia congreg\u00f3 a autoridades del sector p\u00fablico, privado y legislativo, academia y a dirigentes gremiales y organizacionales del sector urbano y rural de la regi\u00f3n, en torno a los avances en seguridad ciudadana, econ\u00f3mica y social en el pa\u00eds y en la regi\u00f3n.<\/p>\n<p style=\"font-weight: 400; text-align: justify;\">\u201cNuestro compromiso es seguir trabajando codo a codo con la comunidad, con los \u00e9nfasis que nuestro Presidente nos ha dado de estar cerca de la gente, comunicando a las personas, resolviendo las urgencias. Sobre todo, en estos 50 a\u00f1os desde el golpe c\u00edvico militar, la importancia de la democracia, de la conversaci\u00f3n, de la discusi\u00f3n pol\u00edtica a nivel del Congreso, que es tan trascendente. Es un desaf\u00edo permanente para nosotros transmitir la necesidad de las comunidades, de las sociedades, de los pueblos, de los territorios a esa discusi\u00f3n pol\u00edtica tambi\u00e9n\u201d, subray\u00f3 Rodrigo Araya.<\/p>\n<p style=\"font-weight: 400; text-align: justify;\">En Seguridad Ciudadana, el Plan Calles sin Violencia ha reforzado la persecuci\u00f3n penal, el patrullaje policial, la fiscalizaci\u00f3n de infracciones e incivilidades y prevenci\u00f3n, mediante recuperaci\u00f3n de espacios p\u00fablicos.<\/p>\n<p style=\"font-weight: 400; text-align: justify;\">En este sentido, Subdere transfiri\u00f3 el a\u00f1o pasado sobre cuatro mil millones de pesos a los municipios de la regi\u00f3n, para nuevos o mejores espacios p\u00fablicos; mientras que Seguridad P\u00fablica transfiri\u00f3 m\u00e1s de 260 millones de pesos para veh\u00edculos de patrullaje en Coyhaique, Cochrane, Lago Verde, Guaitecas, Cisnes, R\u00edo Ib\u00e1\u00f1ez y O&#8217;Higgins, m\u00e1s c\u00e1maras de televigilancia para un Ays\u00e9n m\u00e1s seguro; y Bienes Nacionales destin\u00f3 a Carabineros un inmueble ubicado camino a Coyhaique Alto, kil\u00f3metro 3, para una nueva Comisar\u00eda.<\/p>\n<p style=\"font-weight: 400; text-align: justify;\">En Seguridad Econ\u00f3mica, el DFL15 benefici\u00f3 a 159 proyectos de distintas comunas mediante una inversi\u00f3n de m\u00e1s de 1.100 millones de pesos; y 500 micro, peque\u00f1as y medianas empresas de la regi\u00f3n accedieron a m\u00e1s de dos mil millones de pesos, a trav\u00e9s de Sercotec.<\/p>\n<p style=\"font-weight: 400; text-align: justify;\">En el sector rural, recursos del Ministerio de Agricultura con apoyo del Gobierno Regional, permitieron entregar cuatro mil sacos de fertilizantes a m\u00e1s de 600 agricultoras y agricultores no usuarios de INDAP y a m\u00e1s de 500 usuarios de INDAP, ante el alza del precio de los fertilizantes a nivel mundial.<\/p>\n<p style=\"font-weight: 400; text-align: justify;\">En Seguridad Social destaca la Ley de Reducci\u00f3n de la Jornada Laboral a 40 horas y Ley de Responsabilidad Parental y Pago Efectivo de Pensiones de Alimentos; Copago Cero y la llegada de 44 nuevos especialistas en la Red Asistencial.<\/p>\n<p style=\"font-weight: 400; text-align: justify;\"><strong>Apreciaciones de autoridades y dirigentes<\/strong><\/p>\n<p style=\"font-weight: 400; text-align: justify;\">Entre los asistentes, el alcalde de Cisnes, Francisco Roncagliolo, valor\u00f3 inversiones de relevancia en conectividad, incluyendo en el sector litoral.<\/p>\n<p style=\"font-weight: 400; text-align: justify;\">\u201cEn esta cuenta p\u00fablica, como comuna de Cisnes, vemos reflejado parte de lo que se ha estado trabajando durante este \u00faltimo tiempo, con distintos ministerios y servicios dentro de la regi\u00f3n, tanto en lo que son cambios de puente como el Palena y el Rossellot en La Junta, las plazas que estamos trabajando tanto de Cisnes, como lo que estamos viendo en Puyuhuapi. Hay una inversi\u00f3n p\u00fablica importante con la Direcci\u00f3n de Obras Portuarias, en la Costanera de Puyuhuapi, lo que significa la rampa de Puerto Gala y, por lo tanto, vamos a seguir en este trabajo de buscar las mejores instancias para el desarrollo de nuestra comuna y que podamos seguir en un trabajo colaborativo, que fortalezca no solamente el desarrollo estructural, sino que focalizado en el empleo\u201d, expres\u00f3.<\/p>\n<p style=\"font-weight: 400; text-align: justify;\">Claudia Bilbao, Presidenta Asociaci\u00f3n TeAcompa\u00f1amos, destac\u00f3 avances como la Ley TEA, la Ley de 40 Horas y Responsabilidad Parental y Pago Efectivo de Pensiones de Alimentos.<\/p>\n<p style=\"font-weight: 400; text-align: justify;\">\u201cCreemos que nosotros, como organizaciones de la sociedad civil, podemos aportar en t\u00e9rminos de hacer ver lo que sucede en el d\u00eda a d\u00eda en las organizaciones, en las familias, respecto de cada tema que nos compete, a m\u00ed en particular el tema del autismo. Probablemente en la pr\u00f3xima cuenta p\u00fablica, van a haber muchos avances en las cosas que se van a hacer durante el a\u00f1o respecto de la Ley de Autismo, que se promulg\u00f3 en marzo. Pero, adem\u00e1s, de otras cosas que tienen que ver con los derechos de la familia, yo creo que el tema de las 40 horas tambi\u00e9n va a ser muy significativo para algunas familias. Algo s\u00faper relevante que yo creo que ninguna mujer en este pa\u00eds escapa, sobre todo en casos de ni\u00f1os con discapacidad, es la Ley de los papitos coraz\u00f3n\u201d, se\u00f1al\u00f3.<\/p>\n<p style=\"font-weight: 400; text-align: justify;\">Por \u00faltimo, Luz Bastidas, presidenta de junta vecinal, \u201cSe lograron avances en varias tem\u00e1ticas, en Copago Cero en Fonasa, me parece muy importante, alivianar un poco el bolsillo de muchas familias, y conversar de varias tem\u00e1ticas que hoy nos preocupan, la salud emocional, el que la especialidad de ciertas patolog\u00edas puedan verse ac\u00e1 y con la llegada de nuevos especialistas, vamos a generar un alivio a la demanda que hay en atenci\u00f3n m\u00e9dica de especialidades, as\u00ed es que lo que m\u00e1s valoro de esta cuenta, es el tema m\u00e9dico, la salud\u201d, concluy\u00f3.<\/p>\n<p style=\"font-weight: 400; text-align: justify;\">En la ceremonia se destac\u00f3 los alcances del Plan Especial de Mejoramiento para la Integraci\u00f3n y Conectividad 2022-2030, con el inicio de la \u00abConcesi\u00f3n Red Aeroportuaria Austral\u00bb, que implica una inversi\u00f3n de aproximadamente 128 mil millones de pesos, para mejorar el Aeropuerto de Balmaceda en la Regi\u00f3n de Ays\u00e9n y el Aeropuerto de Punta Arenas en la Regi\u00f3n de Magallanes; asimismo la Pol\u00edtica Nacional de Desarrollo de Zonas Extremas, orientada a promover de forma permanente la convergencia de territorios definidos como zonas extremas al proceso de desarrollo.<\/p>\n<\/div><\/section><\/div><div  style='height:50px' class='hr hr-invisible   avia-builder-el-6  el_after_av_one_full  el_before_av_social_share '><span class='hr-inner ' ><span class='hr-inner-style'><\/span><\/span><\/div><\/p>\n<div  class='av-social-sharing-box  avia-builder-el-7  el_after_av_hr  el_before_av_hr  '><div class='av-share-box'><h5 class='av-share-link-description av-no-toc '>Compartir esta noticia<\/h5><ul class='av-share-box-list noLightbox'><li class='av-share-link av-social-link-facebook' ><a target=\"_blank\" aria-label=\"Compartir en Facebook\" href='https:\/\/www.facebook.com\/sharer.php?u=https:\/\/radiorevelacionfm.cl\/?p=31318&#038;t=Delegado%20Araya%20inst%C3%B3%20a%20revalorizar%20el%20di%C3%A1logo%20pol%C3%ADtico%20y%20la%20democracia%20a%2050%20a%C3%B1os%20del%20golpe%20c%C3%ADvico%20militar' aria-hidden='false' data-av_icon='\ue8f3' data-av_iconfont='entypo-fontello' title='' data-avia-related-tooltip='Compartir en Facebook' rel=\"noopener\"><span class='avia_hidden_link_text'>Compartir en Facebook<\/span><\/a><\/li><li class='av-share-link av-social-link-twitter' ><a target=\"_blank\" aria-label=\"Compartir en Twitter\" href='https:\/\/twitter.com\/share?text=Delegado%20Araya%20inst%C3%B3%20a%20revalorizar%20el%20di%C3%A1logo%20pol%C3%ADtico%20y%20la%20democracia%20a%2050%20a%C3%B1os%20del%20golpe%20c%C3%ADvico%20militar&#038;url=https:\/\/radiorevelacionfm.cl\/?p=31318' aria-hidden='false' data-av_icon='\ue8f1' data-av_iconfont='entypo-fontello' title='' data-avia-related-tooltip='Compartir en Twitter' rel=\"noopener\"><span class='avia_hidden_link_text'>Compartir en Twitter<\/span><\/a><\/li><li class='av-share-link av-social-link-whatsapp' ><a target=\"_blank\" aria-label=\"Compartir en Whatsapp\" href='https:\/\/api.whatsapp.com\/send?text=https:\/\/radiorevelacionfm.cl\/?p=31318' aria-hidden='false' data-av_icon='\uf232' data-av_iconfont='entypo-fontello' title='' data-avia-related-tooltip='Compartir en Whatsapp' rel=\"noopener\"><span class='avia_hidden_link_text'>Compartir en Whatsapp<\/span><\/a><\/li><li class='av-share-link av-social-link-linkedin' ><a target=\"_blank\" aria-label=\"Compartir en LinkedIn\" href='https:\/\/linkedin.com\/shareArticle?mini=true&#038;title=Delegado%20Araya%20inst%C3%B3%20a%20revalorizar%20el%20di%C3%A1logo%20pol%C3%ADtico%20y%20la%20democracia%20a%2050%20a%C3%B1os%20del%20golpe%20c%C3%ADvico%20militar&#038;url=https:\/\/radiorevelacionfm.cl\/?p=31318' aria-hidden='false' data-av_icon='\ue8fc' data-av_iconfont='entypo-fontello' title='' data-avia-related-tooltip='Compartir en LinkedIn' rel=\"noopener\"><span class='avia_hidden_link_text'>Compartir en LinkedIn<\/span><\/a><\/li><li class='av-share-link av-social-link-mail' ><a  aria-label=\"Compartir por correo\" href='mailto:?subject=Delegado%20Araya%20inst%C3%B3%20a%20revalorizar%20el%20di%C3%A1logo%20pol%C3%ADtico%20y%20la%20democracia%20a%2050%20a%C3%B1os%20del%20golpe%20c%C3%ADvico%20militar&#038;body=https:\/\/radiorevelacionfm.cl\/?p=31318' aria-hidden='false' data-av_icon='\ue805' data-av_iconfont='entypo-fontello' title='' data-avia-related-tooltip='Compartir por correo'><span class='avia_hidden_link_text'>Compartir por correo<\/span><\/a><\/li><\/ul><\/div><\/div>\n<div  style='height:50px' class='hr hr-invisible   avia-builder-el-8  el_after_av_social_share  el_before_av_comments_list '><span class='hr-inner ' ><span class='hr-inner-style'><\/span><\/span><\/div>\n<div  class='av-buildercomment  av-blog-meta-html-info-disabled av-blog-meta-tag-disabled  '><\/div>\n","protected":false},"excerpt":{"rendered":"","protected":false},"author":1,"featured_media":31319,"comment_status":"open","ping_status":"open","sticky":false,"template":"","format":"standard","meta":{"footnotes":""},"categories":[38],"tags":[],"class_list":["post-31318","post","type-post","status-publish","format-standard","has-post-thumbnail","hentry","category-regional"],"jetpack_featured_media_url":"https:\/\/radiorevelacionfm.cl\/wp-content\/uploads\/2023\/05\/20230523202819_img_6691-1_optimized.jpg","_links":{"self":[{"href":"https:\/\/radiorevelacionfm.cl\/index.php?rest_route=\/wp\/v2\/posts\/31318","targetHints":{"allow":["GET"]}}],"collection":[{"href":"https:\/\/radiorevelacionfm.cl\/index.php?rest_route=\/wp\/v2\/posts"}],"about":[{"href":"https:\/\/radiorevelacionfm.cl\/index.php?rest_route=\/wp\/v2\/types\/post"}],"author":[{"embeddable":true,"href":"https:\/\/radiorevelacionfm.cl\/index.php?rest_route=\/wp\/v2\/users\/1"}],"replies":[{"embeddable":true,"href":"https:\/\/radiorevelacionfm.cl\/index.php?rest_route=%2Fwp%2Fv2%2Fcomments&post=31318"}],"version-history":[{"count":1,"href":"https:\/\/radiorevelacionfm.cl\/index.php?rest_route=\/wp\/v2\/posts\/31318\/revisions"}],"predecessor-version":[{"id":31320,"href":"https:\/\/radiorevelacionfm.cl\/index.php?rest_route=\/wp\/v2\/posts\/31318\/revisions\/31320"}],"wp:featuredmedia":[{"embeddable":true,"href":"https:\/\/radiorevelacionfm.cl\/index.php?rest_route=\/wp\/v2\/media\/31319"}],"wp:attachment":[{"href":"https:\/\/radiorevelacionfm.cl\/index.php?rest_route=%2Fwp%2Fv2%2Fmedia&parent=31318"}],"wp:term":[{"taxonomy":"category","embeddable":true,"href":"https:\/\/radiorevelacionfm.cl\/index.php?rest_route=%2Fwp%2Fv2%2Fcategories&post=31318"},{"taxonomy":"post_tag","embeddable":true,"href":"https:\/\/radiorevelacionfm.cl\/index.php?rest_route=%2Fwp%2Fv2%2Ftags&post=31318"}],"curies":[{"name":"wp","href":"https:\/\/api.w.org\/{rel}","templated":true}]}}