{"id":31315,"date":"2023-05-24T17:25:35","date_gmt":"2023-05-24T20:25:35","guid":{"rendered":"https:\/\/radiorevelacionfm.cl\/?p=31315"},"modified":"2023-05-24T17:25:35","modified_gmt":"2023-05-24T20:25:35","slug":"concretan-entrega-de-lena-a-vecinas-y-vecinos-de-islas-huichas","status":"publish","type":"post","link":"https:\/\/radiorevelacionfm.cl\/?p=31315","title":{"rendered":"Concretan entrega de le\u00f1a a vecinas y vecinos de Islas Huichas"},"content":{"rendered":"<div class=\"flex_column av_one_full  flex_column_div av-zero-column-padding first  avia-builder-el-0  el_before_av_one_full  avia-builder-el-first  \" style='border-radius:0px; '><div  class='avia-image-container  av-styling-    avia-builder-el-1  avia-builder-el-no-sibling  avia-align-center '  itemprop=\"image\" itemscope=\"itemscope\" itemtype=\"https:\/\/schema.org\/ImageObject\"  ><div class='avia-image-container-inner'><div class='avia-image-overlay-wrap'><img decoding=\"async\" class='wp-image-31316 avia-img-lazy-loading-not-31316 avia_image' src=\"https:\/\/radiorevelacionfm.cl\/wp-content\/uploads\/2023\/05\/entrega-lena-2023-05-23-1_optimized.jpeg\" alt='' title='entrega-le\u00f1a-2023-05-23-(1)_optimized' height=\"600\" width=\"800\"  itemprop=\"thumbnailUrl\" srcset=\"https:\/\/radiorevelacionfm.cl\/wp-content\/uploads\/2023\/05\/entrega-lena-2023-05-23-1_optimized.jpeg 800w, https:\/\/radiorevelacionfm.cl\/wp-content\/uploads\/2023\/05\/entrega-lena-2023-05-23-1_optimized-300x225.jpeg 300w, https:\/\/radiorevelacionfm.cl\/wp-content\/uploads\/2023\/05\/entrega-lena-2023-05-23-1_optimized-768x576.jpeg 768w, https:\/\/radiorevelacionfm.cl\/wp-content\/uploads\/2023\/05\/entrega-lena-2023-05-23-1_optimized-705x529.jpeg 705w, https:\/\/radiorevelacionfm.cl\/wp-content\/uploads\/2023\/05\/entrega-lena-2023-05-23-1_optimized-450x338.jpeg 450w, https:\/\/radiorevelacionfm.cl\/wp-content\/uploads\/2023\/05\/entrega-lena-2023-05-23-1_optimized-600x450.jpeg 600w\" sizes=\"(max-width: 800px) 100vw, 800px\" \/><\/div><\/div><\/div><\/div><div class=\"flex_column av_one_full  flex_column_div av-zero-column-padding first  avia-builder-el-2  el_after_av_one_full  el_before_av_one_full  column-top-margin\" style='border-radius:0px; '><section class=\"av_textblock_section \"  itemscope=\"itemscope\" itemtype=\"https:\/\/schema.org\/BlogPosting\" itemprop=\"blogPost\" ><div class='avia_textblock  '   itemprop=\"text\" ><p style=\"text-align: center;\"><strong><span style=\"font-size: 18pt;\">Concretan entrega de le\u00f1a a vecinas y vecinos de Islas Huichas <\/span><\/strong><\/p>\n<div id=\"gtx-trans\" style=\"position: absolute; left: -50px; top: 4.31534px;\">\n<div class=\"gtx-trans-icon\"><\/div>\n<\/div>\n<\/div><\/section><\/div><div class=\"flex_column av_one_full  flex_column_div av-zero-column-padding first  avia-builder-el-4  el_after_av_one_full  el_before_av_hr  column-top-margin\" style='border-radius:0px; '><section class=\"av_textblock_section \"  itemscope=\"itemscope\" itemtype=\"https:\/\/schema.org\/BlogPosting\" itemprop=\"blogPost\" ><div class='avia_textblock  '   itemprop=\"text\" ><p style=\"text-align: justify;\">Esta semana, la Unidad Asistencial de la Municipalidad de Ays\u00e9n, junto a la Delegaci\u00f3n Municipal de Isla las Huichas, concretaron la entrega de le\u00f1a para las familias vulnerables y adultos mayores de Puerto Aguirre, Caleta Andrade y Estero Copa. Esto, gracias al convenio suscrito entre el Gobierno Regional, el municipio y CONAF.<\/p>\n<p style=\"text-align: justify;\">El acuerdo para la entrega de le\u00f1a fue suscrito por las tres entidades durante este a\u00f1o, y permite que se destine una cantidad importante de este material, as\u00ed como otros productos prefabricados como viviendas de emergencia, a familias en situaci\u00f3n de vulnerabilidad o personas adultas mayores.<\/p>\n<p style=\"text-align: justify;\">Al respecto, el alcalde (s) de Ays\u00e9n, Marco Co\u00f1uecar, se\u00f1al\u00f3 que est\u00e1n \u201ctrabajando arduamente para dar cumplimiento a un trabajo mancomunado entre el Gobierno Regional y CONAF en la entrega de le\u00f1a, donde como municipio tomamos el desaf\u00edo de distribuirla en las diferentes localidades de la comuna\u201d.<\/p>\n<p style=\"text-align: justify;\">Lorna Le\u00f3n, delegada municipal de Isla las Huichas, coment\u00f3 que los vecinos de las tres localidades est\u00e1n \u201cmuy contentos con la entrega de le\u00f1a que se ha realizado durante dos arduas jornadas, con el apoyo de toda la comunidad, de la Unidad Asistencial y de Conaf, porque es un beneficio en ayuda directa de las familias m\u00e1s vulnerables y de todos nuestros adultos mayores.\u201d<\/p>\n<p style=\"text-align: justify;\">Gracias a este convenio, se distribuyen 300 metros de le\u00f1a a las personas que se encuentran en situaci\u00f3n de vulnerabilidad, as\u00ed como a adultas y adultos mayores de las distintas localidades de la comuna, reduciendo as\u00ed su carga financiera al proveer de combustible para calefaccionar sus hogares durante el invierno.<\/p>\n<p style=\"text-align: justify;\">M\u00f3nica Mu\u00f1oz, encargada de la Unidad Asistencial del municipio, se\u00f1al\u00f3 que \u201cesta entrega se ha estado realizando con el apoyo de la Delegaci\u00f3n Municipal, los proyectos PMU, personal de operaciones, fleteros de la zona y la misma comunidad que apoya con esta importante entrega\u201d, destacando el aporte econ\u00f3mico que esta iniciativa tiene para las familias m\u00e1s vulnerables.<\/p>\n<p style=\"text-align: justify;\">Este beneficio ha sido muy bien recibido por la comunidad isle\u00f1a. Juana Nehuel, vecina de Puerto Aguirre, indic\u00f3 sentirse \u201cmuy agradecida porque se nos dio la posibilidad de recibir le\u00f1a por primera vez y eso nos ha puesto muy contentos\u201d, destacando que es primera vez que tiene acceso a esta ayuda.<\/p>\n<p style=\"text-align: justify;\">En esta misma l\u00ednea, Silvia Figueroa, residente de Puerto Aguirre, se\u00f1al\u00f3 estar, \u201cagradecida no m\u00e1s, as\u00ed como est\u00e1 de cara la vida para todo, especialmente aqu\u00ed en la isla, as\u00ed que quiero agradecer al municipio, a Conaf, a la gente de los PMU y ojal\u00e1 que esto se siga haciendo para beneficiar a los adultos mayores\u201d.<\/p>\n<\/div><\/section><\/div><div  style='height:50px' class='hr hr-invisible   avia-builder-el-6  el_after_av_one_full  el_before_av_social_share '><span class='hr-inner ' ><span class='hr-inner-style'><\/span><\/span><\/div><\/p>\n<div  class='av-social-sharing-box  avia-builder-el-7  el_after_av_hr  el_before_av_hr  '><div class='av-share-box'><h5 class='av-share-link-description av-no-toc '>Compartir esta noticia<\/h5><ul class='av-share-box-list noLightbox'><li class='av-share-link av-social-link-facebook' ><a target=\"_blank\" aria-label=\"Compartir en Facebook\" href='https:\/\/www.facebook.com\/sharer.php?u=https:\/\/radiorevelacionfm.cl\/?p=31315&#038;t=Concretan%20entrega%20de%20le%C3%B1a%20a%20vecinas%20y%20vecinos%20de%20Islas%20Huichas' aria-hidden='false' data-av_icon='\ue8f3' data-av_iconfont='entypo-fontello' title='' data-avia-related-tooltip='Compartir en Facebook' rel=\"noopener\"><span class='avia_hidden_link_text'>Compartir en Facebook<\/span><\/a><\/li><li class='av-share-link av-social-link-twitter' ><a target=\"_blank\" aria-label=\"Compartir en Twitter\" href='https:\/\/twitter.com\/share?text=Concretan%20entrega%20de%20le%C3%B1a%20a%20vecinas%20y%20vecinos%20de%20Islas%20Huichas&#038;url=https:\/\/radiorevelacionfm.cl\/?p=31315' aria-hidden='false' data-av_icon='\ue8f1' data-av_iconfont='entypo-fontello' title='' data-avia-related-tooltip='Compartir en Twitter' rel=\"noopener\"><span class='avia_hidden_link_text'>Compartir en Twitter<\/span><\/a><\/li><li class='av-share-link av-social-link-whatsapp' ><a target=\"_blank\" aria-label=\"Compartir en Whatsapp\" href='https:\/\/api.whatsapp.com\/send?text=https:\/\/radiorevelacionfm.cl\/?p=31315' aria-hidden='false' data-av_icon='\uf232' data-av_iconfont='entypo-fontello' title='' data-avia-related-tooltip='Compartir en Whatsapp' rel=\"noopener\"><span class='avia_hidden_link_text'>Compartir en Whatsapp<\/span><\/a><\/li><li class='av-share-link av-social-link-linkedin' ><a target=\"_blank\" aria-label=\"Compartir en LinkedIn\" href='https:\/\/linkedin.com\/shareArticle?mini=true&#038;title=Concretan%20entrega%20de%20le%C3%B1a%20a%20vecinas%20y%20vecinos%20de%20Islas%20Huichas&#038;url=https:\/\/radiorevelacionfm.cl\/?p=31315' aria-hidden='false' data-av_icon='\ue8fc' data-av_iconfont='entypo-fontello' title='' data-avia-related-tooltip='Compartir en LinkedIn' rel=\"noopener\"><span class='avia_hidden_link_text'>Compartir en LinkedIn<\/span><\/a><\/li><li class='av-share-link av-social-link-mail' ><a  aria-label=\"Compartir por correo\" href='mailto:?subject=Concretan%20entrega%20de%20le%C3%B1a%20a%20vecinas%20y%20vecinos%20de%20Islas%20Huichas&#038;body=https:\/\/radiorevelacionfm.cl\/?p=31315' aria-hidden='false' data-av_icon='\ue805' data-av_iconfont='entypo-fontello' title='' data-avia-related-tooltip='Compartir por correo'><span class='avia_hidden_link_text'>Compartir por correo<\/span><\/a><\/li><\/ul><\/div><\/div>\n<div  style='height:50px' class='hr hr-invisible   avia-builder-el-8  el_after_av_social_share  el_before_av_comments_list '><span class='hr-inner ' ><span class='hr-inner-style'><\/span><\/span><\/div>\n<div  class='av-buildercomment  av-blog-meta-html-info-disabled av-blog-meta-tag-disabled  '><\/div>\n","protected":false},"excerpt":{"rendered":"","protected":false},"author":1,"featured_media":31316,"comment_status":"open","ping_status":"open","sticky":false,"template":"","format":"standard","meta":{"footnotes":""},"categories":[38],"tags":[],"class_list":["post-31315","post","type-post","status-publish","format-standard","has-post-thumbnail","hentry","category-regional"],"jetpack_featured_media_url":"https:\/\/radiorevelacionfm.cl\/wp-content\/uploads\/2023\/05\/entrega-lena-2023-05-23-1_optimized.jpeg","_links":{"self":[{"href":"https:\/\/radiorevelacionfm.cl\/index.php?rest_route=\/wp\/v2\/posts\/31315","targetHints":{"allow":["GET"]}}],"collection":[{"href":"https:\/\/radiorevelacionfm.cl\/index.php?rest_route=\/wp\/v2\/posts"}],"about":[{"href":"https:\/\/radiorevelacionfm.cl\/index.php?rest_route=\/wp\/v2\/types\/post"}],"author":[{"embeddable":true,"href":"https:\/\/radiorevelacionfm.cl\/index.php?rest_route=\/wp\/v2\/users\/1"}],"replies":[{"embeddable":true,"href":"https:\/\/radiorevelacionfm.cl\/index.php?rest_route=%2Fwp%2Fv2%2Fcomments&post=31315"}],"version-history":[{"count":1,"href":"https:\/\/radiorevelacionfm.cl\/index.php?rest_route=\/wp\/v2\/posts\/31315\/revisions"}],"predecessor-version":[{"id":31317,"href":"https:\/\/radiorevelacionfm.cl\/index.php?rest_route=\/wp\/v2\/posts\/31315\/revisions\/31317"}],"wp:featuredmedia":[{"embeddable":true,"href":"https:\/\/radiorevelacionfm.cl\/index.php?rest_route=\/wp\/v2\/media\/31316"}],"wp:attachment":[{"href":"https:\/\/radiorevelacionfm.cl\/index.php?rest_route=%2Fwp%2Fv2%2Fmedia&parent=31315"}],"wp:term":[{"taxonomy":"category","embeddable":true,"href":"https:\/\/radiorevelacionfm.cl\/index.php?rest_route=%2Fwp%2Fv2%2Fcategories&post=31315"},{"taxonomy":"post_tag","embeddable":true,"href":"https:\/\/radiorevelacionfm.cl\/index.php?rest_route=%2Fwp%2Fv2%2Ftags&post=31315"}],"curies":[{"name":"wp","href":"https:\/\/api.w.org\/{rel}","templated":true}]}}