{"id":31312,"date":"2023-05-24T19:51:37","date_gmt":"2023-05-24T22:51:37","guid":{"rendered":"https:\/\/radiorevelacionfm.cl\/?p=31312"},"modified":"2023-05-24T19:51:37","modified_gmt":"2023-05-24T22:51:37","slug":"con-gran-convocatoria-se-desarrollo-conversatorio-intergeneracional-encuentros-con-la-memoria-en-puerto-aysen","status":"publish","type":"post","link":"https:\/\/radiorevelacionfm.cl\/?p=31312","title":{"rendered":"Con gran convocatoria se desarroll\u00f3 conversatorio intergeneracional \u201cEncuentros con la Memoria\u201d en Puerto Ays\u00e9n"},"content":{"rendered":"<div class=\"flex_column av_one_full  flex_column_div av-zero-column-padding first  avia-builder-el-0  el_before_av_one_full  avia-builder-el-first  \" style='border-radius:0px; '><div  class='avia-image-container  av-styling-    avia-builder-el-1  avia-builder-el-no-sibling  avia-align-center '  itemprop=\"image\" itemscope=\"itemscope\" itemtype=\"https:\/\/schema.org\/ImageObject\"  ><div class='avia-image-container-inner'><div class='avia-image-overlay-wrap'><img decoding=\"async\" class='wp-image-31313 avia-img-lazy-loading-not-31313 avia_image' src=\"https:\/\/radiorevelacionfm.cl\/wp-content\/uploads\/2023\/05\/conversatorio-1-1-1_optimized.jpg\" alt='' title='conversatorio-1-(1)-(1)_optimized' height=\"600\" width=\"880\"  itemprop=\"thumbnailUrl\" srcset=\"https:\/\/radiorevelacionfm.cl\/wp-content\/uploads\/2023\/05\/conversatorio-1-1-1_optimized.jpg 880w, https:\/\/radiorevelacionfm.cl\/wp-content\/uploads\/2023\/05\/conversatorio-1-1-1_optimized-300x205.jpg 300w, https:\/\/radiorevelacionfm.cl\/wp-content\/uploads\/2023\/05\/conversatorio-1-1-1_optimized-768x524.jpg 768w, https:\/\/radiorevelacionfm.cl\/wp-content\/uploads\/2023\/05\/conversatorio-1-1-1_optimized-705x481.jpg 705w, https:\/\/radiorevelacionfm.cl\/wp-content\/uploads\/2023\/05\/conversatorio-1-1-1_optimized-450x307.jpg 450w, https:\/\/radiorevelacionfm.cl\/wp-content\/uploads\/2023\/05\/conversatorio-1-1-1_optimized-600x409.jpg 600w\" sizes=\"(max-width: 880px) 100vw, 880px\" \/><\/div><\/div><\/div><\/div><div class=\"flex_column av_one_full  flex_column_div av-zero-column-padding first  avia-builder-el-2  el_after_av_one_full  el_before_av_one_full  column-top-margin\" style='border-radius:0px; '><section class=\"av_textblock_section \"  itemscope=\"itemscope\" itemtype=\"https:\/\/schema.org\/BlogPosting\" itemprop=\"blogPost\" ><div class='avia_textblock  '   itemprop=\"text\" ><p style=\"text-align: center;\"><span style=\"font-size: 18pt;\"><strong>Con gran convocatoria se desarroll\u00f3 conversatorio intergeneracional \u201cEncuentros con la Memoria\u201d en Puerto Ays\u00e9n<\/strong><\/span><\/p>\n<div id=\"gtx-trans\" style=\"position: absolute; left: -50px; top: 4.31534px;\">\n<div class=\"gtx-trans-icon\"><\/div>\n<\/div>\n<\/div><\/section><\/div><div class=\"flex_column av_one_full  flex_column_div av-zero-column-padding first  avia-builder-el-4  el_after_av_one_full  el_before_av_hr  column-top-margin\" style='border-radius:0px; '><section class=\"av_textblock_section \"  itemscope=\"itemscope\" itemtype=\"https:\/\/schema.org\/BlogPosting\" itemprop=\"blogPost\" ><div class='avia_textblock  '   itemprop=\"text\" ><p style=\"text-align: justify;\">M\u00e1s de 50 personas se dieron cita el pasado lunes en dependencias de la Biblioteca P\u00fablica de Puerto Ays\u00e9n, esto en el marco de un conversatorio denominado \u201cEncuentro con la Memoria\u201d, el que ten\u00eda como objetivo promover un di\u00e1logo intergeneracional en torno a la conmemoraci\u00f3n de los 50 a\u00f1os del Golpe de Estado C\u00edvico- Militar en nuestro pa\u00eds.<\/p>\n<p style=\"text-align: justify;\">Esta actividad co &#8211; organizada por la Secretar\u00edas Regionales Ministeriales de las Culturas, las Artes y el Patrimonio y de Justicia y Derechos Humanos en colaboraci\u00f3n con la Municipalidad de Ays\u00e9n, \u00a0cont\u00f3 con la participaci\u00f3n de distintas autoridades regionales, provinciales y comunales, adem\u00e1s de organizaciones de Derechos Humanos, docentes y estudiantes de distintos establecimientos educacionales y de p\u00fablico en general que quiso sumarse a esta iniciativa.<\/p>\n<p style=\"text-align: justify;\">El Seremi de Justicia y Derechos Humanos (s) Hans Zimmermann Due\u00f1as se refiri\u00f3 a este encuentro se\u00f1alando que \u201ces una actividad que es muy relevante para recomponer un relato, para recomponer la memoria en particular de Puerto Ays\u00e9n, para hacer este trabajo tan necesario que es recordar, que es hacer memoria y poder hablar de las violaciones a los Derechos Humanos en esta localidad, juntar a la comunidad, generar un relato, un encuentro con las nuevas generaciones para construir un relato hist\u00f3rico que nos permita a nosotros avanzar como sociedad en la no repetici\u00f3n de este tipo de hechos tan tristes para nuestra historia\u201d.<\/p>\n<p style=\"text-align: justify;\">Mientras que el joven estudiante Jhon Alvarado relev\u00f3 la importancia de desarrollar este tipo de actividades indicando que \u201cson muy importantes estas instancias que nos da el Gobierno y las seremis, porque hay que recordar la historia como hace ya 50 a\u00f1os atr\u00e1s, saber respecto a los torturados que hubo, y especialmente ac\u00e1 en la regi\u00f3n como a nivel nacional, y que a\u00fan no hay Justicia\u201d.<\/p>\n<p style=\"text-align: justify;\">Por su parte, el Seremi de las Culturas, las Artes y el Patrimonio de Ays\u00e9n Felipe Quiroz V\u00e1squez indic\u00f3 que \u201ceste segundo di\u00e1logo intergeneracional en torno a la memoria de los derechos humanos cobra un sentido significativo al momento de poder encontrarnos con distintas organizaciones, para hablar de la importancia de los derechos humanos y tambi\u00e9n lo importante que es cuidar nuestra institucionalidad y la democracia, a trav\u00e9s de los relatos biogr\u00e1ficos pudimos adentrarnos a aquello que en ocasiones parece ser indecible, en aquello que es una herida profunda entre generaciones, pero que a trav\u00e9s del habla podemos comunicarlo como un sentir colectivo, a trav\u00e9s de esta instancia que se viene a replicar ac\u00e1 en Puerto Ays\u00e9n tambi\u00e9n vamos descentrando aquellos relatos de la memoria de los derechos humanos en torno a lo doloroso de un pasado hist\u00f3rico, y que claramente gener\u00f3 una herida profunda en nuestra sociedad\u201d concluy\u00f3.<\/p>\n<p style=\"text-align: justify;\">Finalmente, otro de los participantes, Pedro Alvarez felicit\u00f3 a los organizadores de este encuentro se\u00f1alando que \u201ces un hito importante, un hito hist\u00f3rico, se cumplen 50 a\u00f1os del quiebre de la democracia donde los que estuvimos participando fuimos algunos m\u00e1s viejos como nosotros, en mi caso como viviente de esa situaci\u00f3n que nos toc\u00f3 enfrentar el quiebre de la democracia y el golpe de estado el a\u00f1o 1973, es importante adem\u00e1s que los j\u00f3venes conozcan la historia, y que mejor que hacerlo desde la fuente misma, de la vivencia que nosotros tuvimos de esta tr\u00e1gica noche que nos signific\u00f3 16 a\u00f1os de dictadura\u201d concluy\u00f3.<\/p>\n<\/div><\/section><\/div><div  style='height:50px' class='hr hr-invisible   avia-builder-el-6  el_after_av_one_full  el_before_av_social_share '><span class='hr-inner ' ><span class='hr-inner-style'><\/span><\/span><\/div><\/p>\n<div  class='av-social-sharing-box  avia-builder-el-7  el_after_av_hr  el_before_av_hr  '><div class='av-share-box'><h5 class='av-share-link-description av-no-toc '>Compartir esta noticia<\/h5><ul class='av-share-box-list noLightbox'><li class='av-share-link av-social-link-facebook' ><a target=\"_blank\" aria-label=\"Compartir en Facebook\" href='https:\/\/www.facebook.com\/sharer.php?u=https:\/\/radiorevelacionfm.cl\/?p=31312&#038;t=Con%20gran%20convocatoria%20se%20desarroll%C3%B3%20conversatorio%20intergeneracional%20%E2%80%9CEncuentros%20con%20la%20Memoria%E2%80%9D%20en%20Puerto%20Ays%C3%A9n' aria-hidden='false' data-av_icon='\ue8f3' data-av_iconfont='entypo-fontello' title='' data-avia-related-tooltip='Compartir en Facebook' rel=\"noopener\"><span class='avia_hidden_link_text'>Compartir en Facebook<\/span><\/a><\/li><li class='av-share-link av-social-link-twitter' ><a target=\"_blank\" aria-label=\"Compartir en Twitter\" href='https:\/\/twitter.com\/share?text=Con%20gran%20convocatoria%20se%20desarroll%C3%B3%20conversatorio%20intergeneracional%20%E2%80%9CEncuentros%20con%20la%20Memoria%E2%80%9D%20en%20Puerto%20Ays%C3%A9n&#038;url=https:\/\/radiorevelacionfm.cl\/?p=31312' aria-hidden='false' data-av_icon='\ue8f1' data-av_iconfont='entypo-fontello' title='' data-avia-related-tooltip='Compartir en Twitter' rel=\"noopener\"><span class='avia_hidden_link_text'>Compartir en Twitter<\/span><\/a><\/li><li class='av-share-link av-social-link-whatsapp' ><a target=\"_blank\" aria-label=\"Compartir en Whatsapp\" href='https:\/\/api.whatsapp.com\/send?text=https:\/\/radiorevelacionfm.cl\/?p=31312' aria-hidden='false' data-av_icon='\uf232' data-av_iconfont='entypo-fontello' title='' data-avia-related-tooltip='Compartir en Whatsapp' rel=\"noopener\"><span class='avia_hidden_link_text'>Compartir en Whatsapp<\/span><\/a><\/li><li class='av-share-link av-social-link-linkedin' ><a target=\"_blank\" aria-label=\"Compartir en LinkedIn\" href='https:\/\/linkedin.com\/shareArticle?mini=true&#038;title=Con%20gran%20convocatoria%20se%20desarroll%C3%B3%20conversatorio%20intergeneracional%20%E2%80%9CEncuentros%20con%20la%20Memoria%E2%80%9D%20en%20Puerto%20Ays%C3%A9n&#038;url=https:\/\/radiorevelacionfm.cl\/?p=31312' aria-hidden='false' data-av_icon='\ue8fc' data-av_iconfont='entypo-fontello' title='' data-avia-related-tooltip='Compartir en LinkedIn' rel=\"noopener\"><span class='avia_hidden_link_text'>Compartir en LinkedIn<\/span><\/a><\/li><li class='av-share-link av-social-link-mail' ><a  aria-label=\"Compartir por correo\" href='mailto:?subject=Con%20gran%20convocatoria%20se%20desarroll%C3%B3%20conversatorio%20intergeneracional%20%E2%80%9CEncuentros%20con%20la%20Memoria%E2%80%9D%20en%20Puerto%20Ays%C3%A9n&#038;body=https:\/\/radiorevelacionfm.cl\/?p=31312' aria-hidden='false' data-av_icon='\ue805' data-av_iconfont='entypo-fontello' title='' data-avia-related-tooltip='Compartir por correo'><span class='avia_hidden_link_text'>Compartir por correo<\/span><\/a><\/li><\/ul><\/div><\/div>\n<div  style='height:50px' class='hr hr-invisible   avia-builder-el-8  el_after_av_social_share  el_before_av_comments_list '><span class='hr-inner ' ><span class='hr-inner-style'><\/span><\/span><\/div>\n<div  class='av-buildercomment  av-blog-meta-html-info-disabled av-blog-meta-tag-disabled  '><\/div>\n","protected":false},"excerpt":{"rendered":"","protected":false},"author":1,"featured_media":31313,"comment_status":"open","ping_status":"open","sticky":false,"template":"","format":"standard","meta":{"footnotes":""},"categories":[55],"tags":[],"class_list":["post-31312","post","type-post","status-publish","format-standard","has-post-thumbnail","hentry","category-justicia"],"jetpack_featured_media_url":"https:\/\/radiorevelacionfm.cl\/wp-content\/uploads\/2023\/05\/conversatorio-1-1-1_optimized.jpg","_links":{"self":[{"href":"https:\/\/radiorevelacionfm.cl\/index.php?rest_route=\/wp\/v2\/posts\/31312","targetHints":{"allow":["GET"]}}],"collection":[{"href":"https:\/\/radiorevelacionfm.cl\/index.php?rest_route=\/wp\/v2\/posts"}],"about":[{"href":"https:\/\/radiorevelacionfm.cl\/index.php?rest_route=\/wp\/v2\/types\/post"}],"author":[{"embeddable":true,"href":"https:\/\/radiorevelacionfm.cl\/index.php?rest_route=\/wp\/v2\/users\/1"}],"replies":[{"embeddable":true,"href":"https:\/\/radiorevelacionfm.cl\/index.php?rest_route=%2Fwp%2Fv2%2Fcomments&post=31312"}],"version-history":[{"count":1,"href":"https:\/\/radiorevelacionfm.cl\/index.php?rest_route=\/wp\/v2\/posts\/31312\/revisions"}],"predecessor-version":[{"id":31314,"href":"https:\/\/radiorevelacionfm.cl\/index.php?rest_route=\/wp\/v2\/posts\/31312\/revisions\/31314"}],"wp:featuredmedia":[{"embeddable":true,"href":"https:\/\/radiorevelacionfm.cl\/index.php?rest_route=\/wp\/v2\/media\/31313"}],"wp:attachment":[{"href":"https:\/\/radiorevelacionfm.cl\/index.php?rest_route=%2Fwp%2Fv2%2Fmedia&parent=31312"}],"wp:term":[{"taxonomy":"category","embeddable":true,"href":"https:\/\/radiorevelacionfm.cl\/index.php?rest_route=%2Fwp%2Fv2%2Fcategories&post=31312"},{"taxonomy":"post_tag","embeddable":true,"href":"https:\/\/radiorevelacionfm.cl\/index.php?rest_route=%2Fwp%2Fv2%2Ftags&post=31312"}],"curies":[{"name":"wp","href":"https:\/\/api.w.org\/{rel}","templated":true}]}}