{"id":31310,"date":"2023-05-24T16:31:06","date_gmt":"2023-05-24T19:31:06","guid":{"rendered":"https:\/\/radiorevelacionfm.cl\/?p=31310"},"modified":"2023-05-24T16:31:06","modified_gmt":"2023-05-24T19:31:06","slug":"melinka-pdi-denuncia-a-18-extranjeros-por-infraccion-a-la-ley-de-migraciones","status":"publish","type":"post","link":"https:\/\/radiorevelacionfm.cl\/?p=31310","title":{"rendered":"Melinka: PDI denuncia a 18 extranjeros por infracci\u00f3n a la Ley de Migraciones"},"content":{"rendered":"<div class=\"flex_column av_one_full  flex_column_div av-zero-column-padding first  avia-builder-el-0  el_before_av_one_full  avia-builder-el-first  \" style='border-radius:0px; '><div  class='avia-image-container  av-styling-    avia-builder-el-1  avia-builder-el-no-sibling  avia-align-center '  itemprop=\"image\" itemscope=\"itemscope\" itemtype=\"https:\/\/schema.org\/ImageObject\"  ><div class='avia-image-container-inner'><div class='avia-image-overlay-wrap'><img decoding=\"async\" class='wp-image-29398 avia-img-lazy-loading-not-29398 avia_image' src=\"https:\/\/radiorevelacionfm.cl\/wp-content\/uploads\/2023\/03\/175679762_267548561752798_1600414570290546736_n-photoroom-2-2-2-2_optimized-2.jpg\" alt='' title='175679762_267548561752798_1600414570290546736_n-photoroom-2-2-2-2_optimized-2' height=\"600\" width=\"1030\"  itemprop=\"thumbnailUrl\" srcset=\"https:\/\/radiorevelacionfm.cl\/wp-content\/uploads\/2023\/03\/175679762_267548561752798_1600414570290546736_n-photoroom-2-2-2-2_optimized-2.jpg 1030w, https:\/\/radiorevelacionfm.cl\/wp-content\/uploads\/2023\/03\/175679762_267548561752798_1600414570290546736_n-photoroom-2-2-2-2_optimized-2-300x175.jpg 300w, https:\/\/radiorevelacionfm.cl\/wp-content\/uploads\/2023\/03\/175679762_267548561752798_1600414570290546736_n-photoroom-2-2-2-2_optimized-2-768x447.jpg 768w, https:\/\/radiorevelacionfm.cl\/wp-content\/uploads\/2023\/03\/175679762_267548561752798_1600414570290546736_n-photoroom-2-2-2-2_optimized-2-705x411.jpg 705w, https:\/\/radiorevelacionfm.cl\/wp-content\/uploads\/2023\/03\/175679762_267548561752798_1600414570290546736_n-photoroom-2-2-2-2_optimized-2-450x262.jpg 450w, https:\/\/radiorevelacionfm.cl\/wp-content\/uploads\/2023\/03\/175679762_267548561752798_1600414570290546736_n-photoroom-2-2-2-2_optimized-2-600x350.jpg 600w\" sizes=\"(max-width: 1030px) 100vw, 1030px\" \/><\/div><\/div><\/div><\/div><div class=\"flex_column av_one_full  flex_column_div av-zero-column-padding first  avia-builder-el-2  el_after_av_one_full  el_before_av_one_full  column-top-margin\" style='border-radius:0px; '><section class=\"av_textblock_section \"  itemscope=\"itemscope\" itemtype=\"https:\/\/schema.org\/BlogPosting\" itemprop=\"blogPost\" ><div class='avia_textblock  '   itemprop=\"text\" ><p style=\"text-align: center;\"><span style=\"font-size: 18pt;\"><strong>Melinka: PDI denuncia a 18 extranjeros por infracci\u00f3n a la Ley de Migraciones<\/strong><\/span><\/p>\n<div id=\"gtx-trans\" style=\"position: absolute; left: -50px; top: 4.31534px;\">\n<div class=\"gtx-trans-icon\"><\/div>\n<\/div>\n<\/div><\/section><\/div><div class=\"flex_column av_one_full  flex_column_div av-zero-column-padding first  avia-builder-el-4  el_after_av_one_full  el_before_av_hr  column-top-margin\" style='border-radius:0px; '><section class=\"av_textblock_section \"  itemscope=\"itemscope\" itemtype=\"https:\/\/schema.org\/BlogPosting\" itemprop=\"blogPost\" ><div class='avia_textblock  '   itemprop=\"text\" ><p style=\"text-align: justify;\">Durante la semana pasada, detectives de la Secci\u00f3n Migraciones y Polic\u00eda Internacional Ays\u00e9n de la Polic\u00eda de Investigaciones de Chile desarrollaron un operativo de fiscalizaci\u00f3n de extranjeros que culmin\u00f3 con 18 personas denunciadas por infringir la Ley de Migraciones y Extranjer\u00eda en la localidad de Melinka, comuna de Guaitecas, uno de los procedimientos con la mayor cantidad de extranjeros infractores detectados en un solo control en la regi\u00f3n.<\/p>\n<p style=\"text-align: justify;\">Sobre este servicio focalizado en la zona insular del norte de la regi\u00f3n, el subcomisario Carlos Aranguez, jefe de la Secci\u00f3n de Migraciones Ays\u00e9n, inform\u00f3 que \u201cprevio an\u00e1lisis de informaci\u00f3n, logramos establecer que en una empresa pesquera situada en esa comuna hab\u00eda ciudadanos extranjeros que, probablemente, podr\u00edan no contar con los permisos pertinentes para ejercer actividades remuneradas\u201d.<\/p>\n<p style=\"text-align: justify;\">En el lugar, agreg\u00f3 el jefe de Migraciones Ays\u00e9n, \u201cconstatamos que hab\u00eda un alto n\u00famero de extranjeros y al revisar la situaci\u00f3n migratoria de estos, 18 de ellos incurr\u00edan en infracciones a la Ley N\u00b021.325 de Migraciones y Extranjer\u00eda, particularmente, por ser turistas con permanencia transitoria en el territorio nacional, ejerciendo actividades remuneradas sin contar con el permiso correspondiente y extranjeros que ingresaron de manera irregular a Chile por pasos no habilitados, por lo cual se procedi\u00f3 a cursar las respectivas denuncias que ser\u00e1n remitidas al Servicio Nacional de Migraciones\u201d.<\/p>\n<p style=\"text-align: justify;\">Esta fiscalizaci\u00f3n responde a diversos factores y coordinaciones realizadas con el fin de recabar la mayor cantidad de informaci\u00f3n para proceder a su an\u00e1lisis y depuraci\u00f3n para efectuar el control de una manera m\u00e1s eficiente, \u201cla idea no es realizar un control aleatorio, sino que un control focalizado a trav\u00e9s del an\u00e1lisis y la investigaci\u00f3n\u201d, puntualiz\u00f3 el subcomisario Aranguez.<\/p>\n<p style=\"text-align: justify;\">\u201cComo instituci\u00f3n desarrollamos estos servicios en las comunas de la provincia para atender de forma presencial a empleadores y extranjeros, revisar su documentaci\u00f3n y orientarlos en los tr\u00e1mites para que no incurran en infracciones a la Ley de Migraciones\u201d, recalc\u00f3 el jefe de la unidad y, adem\u00e1s, recomend\u00f3 concurrir hasta los complejos policiales de la PDI, portando todos los documentos, para revisar la informaci\u00f3n.<\/p>\n<p style=\"text-align: justify;\">A la fecha, gracias a la labor de la Secci\u00f3n de Migraciones y Polic\u00eda Internacional Ays\u00e9n se han controlado a m\u00e1s de 150 personas en la provincia, denunciando a 63 extranjeros por diversas infracciones a la ley, lo que representa un 64.2% del total de denunciados del a\u00f1o 2022.<\/p>\n<\/div><\/section><\/div><div  style='height:50px' class='hr hr-invisible   avia-builder-el-6  el_after_av_one_full  el_before_av_social_share '><span class='hr-inner ' ><span class='hr-inner-style'><\/span><\/span><\/div><\/p>\n<div  class='av-social-sharing-box  avia-builder-el-7  el_after_av_hr  el_before_av_hr  '><div class='av-share-box'><h5 class='av-share-link-description av-no-toc '>Compartir esta noticia<\/h5><ul class='av-share-box-list noLightbox'><li class='av-share-link av-social-link-facebook' ><a target=\"_blank\" aria-label=\"Compartir en Facebook\" href='https:\/\/www.facebook.com\/sharer.php?u=https:\/\/radiorevelacionfm.cl\/?p=31310&#038;t=Melinka%3A%20PDI%20denuncia%20a%2018%20extranjeros%20por%20infracci%C3%B3n%20a%20la%20Ley%20de%20Migraciones' aria-hidden='false' data-av_icon='\ue8f3' data-av_iconfont='entypo-fontello' title='' data-avia-related-tooltip='Compartir en Facebook' rel=\"noopener\"><span class='avia_hidden_link_text'>Compartir en Facebook<\/span><\/a><\/li><li class='av-share-link av-social-link-twitter' ><a target=\"_blank\" aria-label=\"Compartir en Twitter\" href='https:\/\/twitter.com\/share?text=Melinka%3A%20PDI%20denuncia%20a%2018%20extranjeros%20por%20infracci%C3%B3n%20a%20la%20Ley%20de%20Migraciones&#038;url=https:\/\/radiorevelacionfm.cl\/?p=31310' aria-hidden='false' data-av_icon='\ue8f1' data-av_iconfont='entypo-fontello' title='' data-avia-related-tooltip='Compartir en Twitter' rel=\"noopener\"><span class='avia_hidden_link_text'>Compartir en Twitter<\/span><\/a><\/li><li class='av-share-link av-social-link-whatsapp' ><a target=\"_blank\" aria-label=\"Compartir en Whatsapp\" href='https:\/\/api.whatsapp.com\/send?text=https:\/\/radiorevelacionfm.cl\/?p=31310' aria-hidden='false' data-av_icon='\uf232' data-av_iconfont='entypo-fontello' title='' data-avia-related-tooltip='Compartir en Whatsapp' rel=\"noopener\"><span class='avia_hidden_link_text'>Compartir en Whatsapp<\/span><\/a><\/li><li class='av-share-link av-social-link-linkedin' ><a target=\"_blank\" aria-label=\"Compartir en LinkedIn\" href='https:\/\/linkedin.com\/shareArticle?mini=true&#038;title=Melinka%3A%20PDI%20denuncia%20a%2018%20extranjeros%20por%20infracci%C3%B3n%20a%20la%20Ley%20de%20Migraciones&#038;url=https:\/\/radiorevelacionfm.cl\/?p=31310' aria-hidden='false' data-av_icon='\ue8fc' data-av_iconfont='entypo-fontello' title='' data-avia-related-tooltip='Compartir en LinkedIn' rel=\"noopener\"><span class='avia_hidden_link_text'>Compartir en LinkedIn<\/span><\/a><\/li><li class='av-share-link av-social-link-mail' ><a  aria-label=\"Compartir por correo\" href='mailto:?subject=Melinka%3A%20PDI%20denuncia%20a%2018%20extranjeros%20por%20infracci%C3%B3n%20a%20la%20Ley%20de%20Migraciones&#038;body=https:\/\/radiorevelacionfm.cl\/?p=31310' aria-hidden='false' data-av_icon='\ue805' data-av_iconfont='entypo-fontello' title='' data-avia-related-tooltip='Compartir por correo'><span class='avia_hidden_link_text'>Compartir por correo<\/span><\/a><\/li><\/ul><\/div><\/div>\n<div  style='height:50px' class='hr hr-invisible   avia-builder-el-8  el_after_av_social_share  el_before_av_comments_list '><span class='hr-inner ' ><span class='hr-inner-style'><\/span><\/span><\/div>\n<div  class='av-buildercomment  av-blog-meta-html-info-disabled av-blog-meta-tag-disabled  '><\/div>\n","protected":false},"excerpt":{"rendered":"","protected":false},"author":1,"featured_media":29398,"comment_status":"open","ping_status":"open","sticky":false,"template":"","format":"standard","meta":{"footnotes":""},"categories":[36],"tags":[],"class_list":["post-31310","post","type-post","status-publish","format-standard","has-post-thumbnail","hentry","category-policial"],"jetpack_featured_media_url":"https:\/\/radiorevelacionfm.cl\/wp-content\/uploads\/2023\/03\/175679762_267548561752798_1600414570290546736_n-photoroom-2-2-2-2_optimized-2.jpg","_links":{"self":[{"href":"https:\/\/radiorevelacionfm.cl\/index.php?rest_route=\/wp\/v2\/posts\/31310","targetHints":{"allow":["GET"]}}],"collection":[{"href":"https:\/\/radiorevelacionfm.cl\/index.php?rest_route=\/wp\/v2\/posts"}],"about":[{"href":"https:\/\/radiorevelacionfm.cl\/index.php?rest_route=\/wp\/v2\/types\/post"}],"author":[{"embeddable":true,"href":"https:\/\/radiorevelacionfm.cl\/index.php?rest_route=\/wp\/v2\/users\/1"}],"replies":[{"embeddable":true,"href":"https:\/\/radiorevelacionfm.cl\/index.php?rest_route=%2Fwp%2Fv2%2Fcomments&post=31310"}],"version-history":[{"count":1,"href":"https:\/\/radiorevelacionfm.cl\/index.php?rest_route=\/wp\/v2\/posts\/31310\/revisions"}],"predecessor-version":[{"id":31311,"href":"https:\/\/radiorevelacionfm.cl\/index.php?rest_route=\/wp\/v2\/posts\/31310\/revisions\/31311"}],"wp:featuredmedia":[{"embeddable":true,"href":"https:\/\/radiorevelacionfm.cl\/index.php?rest_route=\/wp\/v2\/media\/29398"}],"wp:attachment":[{"href":"https:\/\/radiorevelacionfm.cl\/index.php?rest_route=%2Fwp%2Fv2%2Fmedia&parent=31310"}],"wp:term":[{"taxonomy":"category","embeddable":true,"href":"https:\/\/radiorevelacionfm.cl\/index.php?rest_route=%2Fwp%2Fv2%2Fcategories&post=31310"},{"taxonomy":"post_tag","embeddable":true,"href":"https:\/\/radiorevelacionfm.cl\/index.php?rest_route=%2Fwp%2Fv2%2Ftags&post=31310"}],"curies":[{"name":"wp","href":"https:\/\/api.w.org\/{rel}","templated":true}]}}