{"id":3129,"date":"2021-04-15T11:54:46","date_gmt":"2021-04-15T14:54:46","guid":{"rendered":"https:\/\/radiorevelacionfm.cl\/?p=3129"},"modified":"2021-04-15T11:54:46","modified_gmt":"2021-04-15T14:54:46","slug":"avanza-proyecto-que-regula-uso-de-lena-como-combustible-domiciliario","status":"publish","type":"post","link":"https:\/\/radiorevelacionfm.cl\/?p=3129","title":{"rendered":"Avanza proyecto que regula uso de le\u00f1a como combustible domiciliario"},"content":{"rendered":"<div class=\"flex_column av_one_full  flex_column_div av-zero-column-padding first  avia-builder-el-0  el_before_av_one_full  avia-builder-el-first  \" style='border-radius:0px; '><div  class='avia-image-container  av-styling-    avia-builder-el-1  avia-builder-el-no-sibling  avia-align-center '  itemprop=\"image\" itemscope=\"itemscope\" itemtype=\"https:\/\/schema.org\/ImageObject\"  ><div class='avia-image-container-inner'><div class='avia-image-overlay-wrap'><img decoding=\"async\" class='wp-image-0 avia-img-lazy-loading-not-0 avia_image' src=\"https:\/\/radiorevelacionfm.cl\/wp-content\/uploads\/2021\/04\/Lena_890x533.jpg\" alt='' title=''   itemprop=\"thumbnailUrl\"  \/><\/div><\/div><\/div><\/div><div class=\"flex_column av_one_full  flex_column_div av-zero-column-padding first  avia-builder-el-2  el_after_av_one_full  el_before_av_one_full  column-top-margin\" style='border-radius:0px; '><section class=\"av_textblock_section \"  itemscope=\"itemscope\" itemtype=\"https:\/\/schema.org\/BlogPosting\" itemprop=\"blogPost\" ><div class='avia_textblock  '   itemprop=\"text\" ><p style=\"text-align: center;\"><strong><span style=\"font-size: 18pt;\">Avanza proyecto que regula uso de le\u00f1a como combustible domiciliario<\/span><\/strong><\/p>\n<div id=\"gtx-trans\" style=\"position: absolute; left: -50px; top: 4.31534px;\">\n<div class=\"gtx-trans-icon\"><\/div>\n<\/div>\n<\/div><\/section><\/div><div class=\"flex_column av_one_full  flex_column_div av-zero-column-padding first  avia-builder-el-4  el_after_av_one_full  el_before_av_hr  column-top-margin\" style='border-radius:0px; '><section class=\"av_textblock_section \"  itemscope=\"itemscope\" itemtype=\"https:\/\/schema.org\/BlogPosting\" itemprop=\"blogPost\" ><div class='avia_textblock  '   itemprop=\"text\" ><p style=\"text-align: justify;\">Por unanimidad de 12 votos, se aprob\u00f3 el lunes 12 de abril en la Comisi\u00f3n de Miner\u00eda y Energ\u00eda de la C\u00e1mara de Diputados la idea de legislar sobre el Proyecto que regula el uso de la le\u00f1a, iniciativa transversal de los diputados Miguel \u00c1ngel Calisto (DC), Marcos Ilabaca (PS), Harry J\u00fcrguensen (RN), Andr\u00e9s Molina (Ev\u00f3poli), Diego Paulsen (RN), Fran Sauerbaum (RN), y Crist\u00f3bal Urruticoechea (RN).<\/p>\n<p style=\"text-align: justify;\">Durante la sesi\u00f3n, el subsecretario de Energ\u00eda Francisco L\u00f3pez, destac\u00f3 la importancia de este combustible para calefacci\u00f3n para muchas familias chilenas y apoy\u00f3 la idea de \u201cestablecer est\u00e1ndares de calidad para disminuir las emisiones provocadas por el uso de le\u00f1a h\u00fameda, a las que se exponen 10 millones de personas en el pa\u00eds y que provocan 3.600 muertes prematuras anuales a nivel nacional\u201d.<\/p>\n<p style=\"text-align: justify;\">Adem\u00e1s, el subsecretario L\u00f3pez resalt\u00f3 el trabajo de la mesa t\u00e9cnica -en la que han participado representantes del Ejecutivo y de asesores parlamentarios-, la cual propondr\u00e1:<\/p>\n<ol style=\"text-align: justify;\">\n<li>Otorgar competencias a la Superintendencia de Electricidad y Combustibles;<\/li>\n<li>Regular a los actores del mercado en lugar del usuario final;<\/li>\n<li>Establecer una certificaci\u00f3n del proceso de producci\u00f3n mediante un Sello de Calidad y un registro para todos los actores;<\/li>\n<li>Consagrar un Plan de Modernizaci\u00f3n del Mercado de Biocombustibles S\u00f3lidos en el que todas las pol\u00edticas p\u00fablicas que inciden en el mercado se coordinen y tengan metas que permitan medir su impacto;<\/li>\n<li>Y, una gradualidad de entrada en vigencia de la ley partiendo por las comunas m\u00e1s contaminadas y con una vigencia diferida para los peque\u00f1os productores.<\/li>\n<\/ol>\n<p style=\"text-align: justify;\">Por su parte el Seremi de Energ\u00eda de la regi\u00f3n de Ays\u00e9n, Juan Luis Amen\u00e1bar, indic\u00f3 que \u201cSabemos que la utilizaci\u00f3n de le\u00f1a h\u00fameda es la principal fuente de contaminaci\u00f3n\u00a0en nuestra regi\u00f3n,\u00a0y en ese sentido este proyecto de ley apunta en la direcci\u00f3n correcta, ya que busca establecer\u00a0est\u00e1ndares de calidad e institucionalidad\u00a0que nos permitir\u00e1n\u00a0enfrentar los problemas asociados\u00a0a\u00a0su mal uso y dar formalidad al mercado.\u00a0Paralelamente como Ministerio de Energ\u00eda a trav\u00e9s de los programas Le\u00f1a M\u00e1s Seca, Centro Integral de Biomasa Ays\u00e9n, y el reconocimiento Sello Calidad de Le\u00f1a, estamos avanzando en promover la producci\u00f3n y comercializaci\u00f3n de biocombustibles de calidad, para de esta manera avanzar en esta importante tarea que es resguardar el bienestar de los habitantes de Ays\u00e9n\u201d.<\/p>\n<\/div><\/section><\/div><div  style='height:50px' class='hr hr-invisible   avia-builder-el-6  el_after_av_one_full  el_before_av_social_share '><span class='hr-inner ' ><span class='hr-inner-style'><\/span><\/span><\/div><\/p>\n<div  class='av-social-sharing-box  avia-builder-el-7  el_after_av_hr  el_before_av_hr  '><div class='av-share-box'><h5 class='av-share-link-description av-no-toc '>Compartir esta noticia<\/h5><ul class='av-share-box-list noLightbox'><li class='av-share-link av-social-link-facebook' ><a target=\"_blank\" aria-label=\"Compartir en Facebook\" href='https:\/\/www.facebook.com\/sharer.php?u=https:\/\/radiorevelacionfm.cl\/?p=3129&#038;t=Avanza%20proyecto%20que%20regula%20uso%20de%20le%C3%B1a%20como%20combustible%20domiciliario' aria-hidden='false' data-av_icon='\ue8f3' data-av_iconfont='entypo-fontello' title='' data-avia-related-tooltip='Compartir en Facebook' rel=\"noopener\"><span class='avia_hidden_link_text'>Compartir en Facebook<\/span><\/a><\/li><li class='av-share-link av-social-link-twitter' ><a target=\"_blank\" aria-label=\"Compartir en Twitter\" href='https:\/\/twitter.com\/share?text=Avanza%20proyecto%20que%20regula%20uso%20de%20le%C3%B1a%20como%20combustible%20domiciliario&#038;url=https:\/\/radiorevelacionfm.cl\/?p=3129' aria-hidden='false' data-av_icon='\ue8f1' data-av_iconfont='entypo-fontello' title='' data-avia-related-tooltip='Compartir en Twitter' rel=\"noopener\"><span class='avia_hidden_link_text'>Compartir en Twitter<\/span><\/a><\/li><li class='av-share-link av-social-link-whatsapp' ><a target=\"_blank\" aria-label=\"Compartir en Whatsapp\" href='https:\/\/api.whatsapp.com\/send?text=https:\/\/radiorevelacionfm.cl\/?p=3129' aria-hidden='false' data-av_icon='\uf232' data-av_iconfont='entypo-fontello' title='' data-avia-related-tooltip='Compartir en Whatsapp' rel=\"noopener\"><span class='avia_hidden_link_text'>Compartir en Whatsapp<\/span><\/a><\/li><li class='av-share-link av-social-link-linkedin' ><a target=\"_blank\" aria-label=\"Compartir en LinkedIn\" href='https:\/\/linkedin.com\/shareArticle?mini=true&#038;title=Avanza%20proyecto%20que%20regula%20uso%20de%20le%C3%B1a%20como%20combustible%20domiciliario&#038;url=https:\/\/radiorevelacionfm.cl\/?p=3129' aria-hidden='false' data-av_icon='\ue8fc' data-av_iconfont='entypo-fontello' title='' data-avia-related-tooltip='Compartir en LinkedIn' rel=\"noopener\"><span class='avia_hidden_link_text'>Compartir en LinkedIn<\/span><\/a><\/li><li class='av-share-link av-social-link-mail' ><a  aria-label=\"Compartir por correo\" href='mailto:?subject=Avanza%20proyecto%20que%20regula%20uso%20de%20le%C3%B1a%20como%20combustible%20domiciliario&#038;body=https:\/\/radiorevelacionfm.cl\/?p=3129' aria-hidden='false' data-av_icon='\ue805' data-av_iconfont='entypo-fontello' title='' data-avia-related-tooltip='Compartir por correo'><span class='avia_hidden_link_text'>Compartir por correo<\/span><\/a><\/li><\/ul><\/div><\/div>\n<div  style='height:50px' class='hr hr-invisible   avia-builder-el-8  el_after_av_social_share  el_before_av_comments_list '><span class='hr-inner ' ><span class='hr-inner-style'><\/span><\/span><\/div>\n<div  class='av-buildercomment  av-blog-meta-html-info-disabled av-blog-meta-tag-disabled  '><\/div>\n","protected":false},"excerpt":{"rendered":"","protected":false},"author":1,"featured_media":0,"comment_status":"open","ping_status":"open","sticky":false,"template":"","format":"standard","meta":{"footnotes":""},"categories":[39],"tags":[],"class_list":["post-3129","post","type-post","status-publish","format-standard","hentry","category-medio-ambiente"],"jetpack_featured_media_url":"","_links":{"self":[{"href":"https:\/\/radiorevelacionfm.cl\/index.php?rest_route=\/wp\/v2\/posts\/3129","targetHints":{"allow":["GET"]}}],"collection":[{"href":"https:\/\/radiorevelacionfm.cl\/index.php?rest_route=\/wp\/v2\/posts"}],"about":[{"href":"https:\/\/radiorevelacionfm.cl\/index.php?rest_route=\/wp\/v2\/types\/post"}],"author":[{"embeddable":true,"href":"https:\/\/radiorevelacionfm.cl\/index.php?rest_route=\/wp\/v2\/users\/1"}],"replies":[{"embeddable":true,"href":"https:\/\/radiorevelacionfm.cl\/index.php?rest_route=%2Fwp%2Fv2%2Fcomments&post=3129"}],"version-history":[{"count":1,"href":"https:\/\/radiorevelacionfm.cl\/index.php?rest_route=\/wp\/v2\/posts\/3129\/revisions"}],"predecessor-version":[{"id":3131,"href":"https:\/\/radiorevelacionfm.cl\/index.php?rest_route=\/wp\/v2\/posts\/3129\/revisions\/3131"}],"wp:attachment":[{"href":"https:\/\/radiorevelacionfm.cl\/index.php?rest_route=%2Fwp%2Fv2%2Fmedia&parent=3129"}],"wp:term":[{"taxonomy":"category","embeddable":true,"href":"https:\/\/radiorevelacionfm.cl\/index.php?rest_route=%2Fwp%2Fv2%2Fcategories&post=3129"},{"taxonomy":"post_tag","embeddable":true,"href":"https:\/\/radiorevelacionfm.cl\/index.php?rest_route=%2Fwp%2Fv2%2Ftags&post=3129"}],"curies":[{"name":"wp","href":"https:\/\/api.w.org\/{rel}","templated":true}]}}