{"id":3126,"date":"2021-04-14T20:04:06","date_gmt":"2021-04-14T23:04:06","guid":{"rendered":"https:\/\/radiorevelacionfm.cl\/?p=3126"},"modified":"2021-04-14T22:54:10","modified_gmt":"2021-04-15T01:54:10","slug":"serviu-acelera-la-recontratacion-de-empresa-que-asegure-calefaccion-electrica-en-villa-de-coyhaique","status":"publish","type":"post","link":"https:\/\/radiorevelacionfm.cl\/?p=3126","title":{"rendered":"Serviu acelera la recontrataci\u00f3n de empresa que asegure calefacci\u00f3n el\u00e9ctrica en villa de Coyhaique"},"content":{"rendered":"<div class=\"flex_column av_one_full  flex_column_div av-zero-column-padding first  avia-builder-el-0  el_before_av_one_full  avia-builder-el-first  \" style='border-radius:0px; '><div  class='avia-image-container  av-styling-    avia-builder-el-1  avia-builder-el-no-sibling  avia-align-center '  itemprop=\"image\" itemscope=\"itemscope\" itemtype=\"https:\/\/schema.org\/ImageObject\"  ><div class='avia-image-container-inner'><div class='avia-image-overlay-wrap'><img decoding=\"async\" class='wp-image-0 avia-img-lazy-loading-not-0 avia_image' src=\"https:\/\/radiorevelacionfm.cl\/wp-content\/uploads\/2021\/04\/sistema-1_optimized.jpg\" alt='' title=''   itemprop=\"thumbnailUrl\"  \/><\/div><\/div><\/div><\/div>\n<div class=\"flex_column av_one_full  flex_column_div av-zero-column-padding first  avia-builder-el-2  el_after_av_one_full  el_before_av_one_full  column-top-margin\" style='border-radius:0px; '><section class=\"av_textblock_section \"  itemscope=\"itemscope\" itemtype=\"https:\/\/schema.org\/BlogPosting\" itemprop=\"blogPost\" ><div class='avia_textblock  '   itemprop=\"text\" ><p style=\"text-align: center;\"><strong><span style=\"font-size: 18pt;\">Serviu acelera la recontrataci\u00f3n de empresa que asegure calefacci\u00f3n el\u00e9ctrica en villa de Coyhaique<\/span><\/strong><\/p>\n<div id=\"gtx-trans\" style=\"position: absolute; left: -50px; top: 4.31534px;\">\n<div class=\"gtx-trans-icon\"><\/div>\n<\/div>\n<\/div><\/section><\/div>\n<div class=\"flex_column av_one_full  flex_column_div av-zero-column-padding first  avia-builder-el-4  el_after_av_one_full  el_before_av_hr  column-top-margin\" style='border-radius:0px; '><section class=\"av_textblock_section \"  itemscope=\"itemscope\" itemtype=\"https:\/\/schema.org\/BlogPosting\" itemprop=\"blogPost\" ><div class='avia_textblock  '   itemprop=\"text\" ><p style=\"text-align: justify;\">Hasta ahora, todos los procesos han sido informados a la directiva del Comit\u00e9 \u201cLl\u00e9vame al Futuro II\u201d, quienes han entendido siempre la situaci\u00f3n, asegur\u00f3 el Director del Serviu, Nelson Quinteros.<\/p>\n<p style=\"text-align: justify;\">\u201cLamentamos mucho que las demoras afecten a las familias, pero estamos haciendo todo lo posible por acelerar los procesos\u201d, asegur\u00f3 categ\u00f3rico el Director del Servicio de Vivienda y Urbanizaci\u00f3n (Serviu), Nelson Quinteros, al explicar la situaci\u00f3n que afecta a 44 familias del Comit\u00e9 \u201cLl\u00e9vame al Futuro II\u201d, de Coyhaique, quienes a\u00fan no reciben la instalaci\u00f3n de su sistema de calefacci\u00f3n el\u00e9ctrica, beneficio gestionado precisamente por el Serviu, para avanzar en el proceso de descontaminaci\u00f3n de Coyhaique.<\/p>\n<p style=\"text-align: justify;\">La autoridad explic\u00f3 que en este caso, se entregaron las 142 primeras viviendas con calidad PDA, en t\u00e9rminos de aislaci\u00f3n, \u201cen una experiencia que result\u00f3 tremendamente exitosa. Y en una segunda etapa, financiada por el Gobierno Regional, se inclu\u00eda la calefacci\u00f3n de estas casas, con una modalidad limpia, para dejar en claro que no es que las viviendas vengan con calefacci\u00f3n, ya que son dos etapas distintas\u201d.<\/p>\n<p style=\"text-align: justify;\">Este proceso de instalaci\u00f3n de calefacci\u00f3n el\u00e9ctrica se alcanz\u00f3 a realizar en 98 de las viviendas sin ning\u00fan problema, con 2 contratistas que hicieron el trabajo. \u201cLamentablemente la climatizaci\u00f3n de estas casas ya estaba contratada, estaba financiada y est\u00e1bamos en el proceso regular de construcci\u00f3n, pero la empresa encargada de las obras fall\u00f3. Eso implic\u00f3, por un lado, que la empresa quebrara y con eso, que interrumpi\u00e9ramos el contrato y cobr\u00e1ramos todas las multas y garant\u00edas necesarias para la recontrataci\u00f3n de las obras\u201d, recalc\u00f3 la autoridad del Ministerio de Vivienda.<\/p>\n<p style=\"text-align: justify;\">Nelson Quinteros, asegur\u00f3 que dicho asunto ya se ejecut\u00f3, \u201ccon los protocolos legales y regulados, en los plazos que se puede hacer y ahora estamos en el proceso de recontrataci\u00f3n\u201d.<\/p>\n<p style=\"text-align: justify;\">\u201cAhora que tenemos los dineros p\u00fablicos resguardados, como debe hacerlo una instituci\u00f3n como la nuestra, tenemos que o licitar o hacer una asignaci\u00f3n directa por urgencia, que creo es el caso, a una empresa que nos de la confianza de que pueda terminar esta obra y no volvamos a tener el problema que ya vivimos\u201d, sentenci\u00f3 Nelson Quinteros.<\/p>\n<p style=\"text-align: justify;\">En todo caso, asever\u00f3 el director del Serviu, \u201ctodo esto lo hemos conversado con las directivas de los comit\u00e9s, en reuniones bisemanales. Por ejemplo, el pasado 19 de marzo citamos a todas las familias y llegaron poco m\u00e1s de una veintena de ellas, posiblemente las m\u00e1s interesadas\u201d. Ahora, agreg\u00f3, a principios de esta semana \u201cvolvimos a reunirnos con la directiva y hemos ido paso a paso, siendo honestos y explic\u00e1ndoles a las familias en qu\u00e9 y por qu\u00e9 estamos en lo que hoy sucede\u201d.<\/p>\n<p style=\"text-align: justify;\">\u201cLamentablemente hay familias que no se hicieron eco de estas instancias de comunicaci\u00f3n\u201d, coment\u00f3 la autoridad. \u201cNosotros sabemos que existe un problema, sabemos que hay un retraso y estamos haciendo todos los esfuerzos por solucionarlo\u201d, argument\u00f3 Nelson Quinteros.<\/p>\n<p style=\"text-align: justify;\">Ahora, solo resta cerrar el proceso de contrataci\u00f3n y para eso \u201cestamos en conversaciones con algunas empresas expertas\u201d, para que idealmente \u201cdentro de los pr\u00f3ximos dos meses ya tengamos este problema solucionado\u201d, enfatiz\u00f3 el director del Serviu, Nelson Quinteros.<\/p>\n<\/div><\/section><\/div><div  style='height:50px' class='hr hr-invisible   avia-builder-el-6  el_after_av_one_full  el_before_av_social_share '><span class='hr-inner ' ><span class='hr-inner-style'><\/span><\/span><\/div><\/p>\n<div  class='av-social-sharing-box  avia-builder-el-7  el_after_av_hr  el_before_av_hr  '><div class='av-share-box'><h5 class='av-share-link-description av-no-toc '>Compartir esta noticia<\/h5><ul class='av-share-box-list noLightbox'><li class='av-share-link av-social-link-facebook' ><a target=\"_blank\" aria-label=\"Compartir en Facebook\" href='https:\/\/www.facebook.com\/sharer.php?u=https:\/\/radiorevelacionfm.cl\/?p=3126&#038;t=Serviu%20acelera%20la%20recontrataci%C3%B3n%20de%20empresa%20que%20asegure%20calefacci%C3%B3n%20el%C3%A9ctrica%20en%20villa%20de%20Coyhaique' aria-hidden='false' data-av_icon='\ue8f3' data-av_iconfont='entypo-fontello' title='' data-avia-related-tooltip='Compartir en Facebook' rel=\"noopener\"><span class='avia_hidden_link_text'>Compartir en Facebook<\/span><\/a><\/li><li class='av-share-link av-social-link-twitter' ><a target=\"_blank\" aria-label=\"Compartir en Twitter\" href='https:\/\/twitter.com\/share?text=Serviu%20acelera%20la%20recontrataci%C3%B3n%20de%20empresa%20que%20asegure%20calefacci%C3%B3n%20el%C3%A9ctrica%20en%20villa%20de%20Coyhaique&#038;url=https:\/\/radiorevelacionfm.cl\/?p=3126' aria-hidden='false' data-av_icon='\ue8f1' data-av_iconfont='entypo-fontello' title='' data-avia-related-tooltip='Compartir en Twitter' rel=\"noopener\"><span class='avia_hidden_link_text'>Compartir en Twitter<\/span><\/a><\/li><li class='av-share-link av-social-link-whatsapp' ><a target=\"_blank\" aria-label=\"Compartir en Whatsapp\" href='https:\/\/api.whatsapp.com\/send?text=https:\/\/radiorevelacionfm.cl\/?p=3126' aria-hidden='false' data-av_icon='\uf232' data-av_iconfont='entypo-fontello' title='' data-avia-related-tooltip='Compartir en Whatsapp' rel=\"noopener\"><span class='avia_hidden_link_text'>Compartir en Whatsapp<\/span><\/a><\/li><li class='av-share-link av-social-link-linkedin' ><a target=\"_blank\" aria-label=\"Compartir en LinkedIn\" href='https:\/\/linkedin.com\/shareArticle?mini=true&#038;title=Serviu%20acelera%20la%20recontrataci%C3%B3n%20de%20empresa%20que%20asegure%20calefacci%C3%B3n%20el%C3%A9ctrica%20en%20villa%20de%20Coyhaique&#038;url=https:\/\/radiorevelacionfm.cl\/?p=3126' aria-hidden='false' data-av_icon='\ue8fc' data-av_iconfont='entypo-fontello' title='' data-avia-related-tooltip='Compartir en LinkedIn' rel=\"noopener\"><span class='avia_hidden_link_text'>Compartir en LinkedIn<\/span><\/a><\/li><li class='av-share-link av-social-link-mail' ><a  aria-label=\"Compartir por correo\" href='mailto:?subject=Serviu%20acelera%20la%20recontrataci%C3%B3n%20de%20empresa%20que%20asegure%20calefacci%C3%B3n%20el%C3%A9ctrica%20en%20villa%20de%20Coyhaique&#038;body=https:\/\/radiorevelacionfm.cl\/?p=3126' aria-hidden='false' data-av_icon='\ue805' data-av_iconfont='entypo-fontello' title='' data-avia-related-tooltip='Compartir por correo'><span class='avia_hidden_link_text'>Compartir por correo<\/span><\/a><\/li><\/ul><\/div><\/div>\n<div  style='height:50px' class='hr hr-invisible   avia-builder-el-8  el_after_av_social_share  el_before_av_comments_list '><span class='hr-inner ' ><span class='hr-inner-style'><\/span><\/span><\/div>\n<div  class='av-buildercomment  av-blog-meta-html-info-disabled av-blog-meta-tag-disabled  '><\/div>\n","protected":false},"excerpt":{"rendered":"","protected":false},"author":1,"featured_media":0,"comment_status":"open","ping_status":"open","sticky":false,"template":"","format":"standard","meta":{"footnotes":""},"categories":[57],"tags":[],"class_list":["post-3126","post","type-post","status-publish","format-standard","hentry","category-vivienda"],"jetpack_featured_media_url":"","_links":{"self":[{"href":"https:\/\/radiorevelacionfm.cl\/index.php?rest_route=\/wp\/v2\/posts\/3126","targetHints":{"allow":["GET"]}}],"collection":[{"href":"https:\/\/radiorevelacionfm.cl\/index.php?rest_route=\/wp\/v2\/posts"}],"about":[{"href":"https:\/\/radiorevelacionfm.cl\/index.php?rest_route=\/wp\/v2\/types\/post"}],"author":[{"embeddable":true,"href":"https:\/\/radiorevelacionfm.cl\/index.php?rest_route=\/wp\/v2\/users\/1"}],"replies":[{"embeddable":true,"href":"https:\/\/radiorevelacionfm.cl\/index.php?rest_route=%2Fwp%2Fv2%2Fcomments&post=3126"}],"version-history":[{"count":2,"href":"https:\/\/radiorevelacionfm.cl\/index.php?rest_route=\/wp\/v2\/posts\/3126\/revisions"}],"predecessor-version":[{"id":3145,"href":"https:\/\/radiorevelacionfm.cl\/index.php?rest_route=\/wp\/v2\/posts\/3126\/revisions\/3145"}],"wp:attachment":[{"href":"https:\/\/radiorevelacionfm.cl\/index.php?rest_route=%2Fwp%2Fv2%2Fmedia&parent=3126"}],"wp:term":[{"taxonomy":"category","embeddable":true,"href":"https:\/\/radiorevelacionfm.cl\/index.php?rest_route=%2Fwp%2Fv2%2Fcategories&post=3126"},{"taxonomy":"post_tag","embeddable":true,"href":"https:\/\/radiorevelacionfm.cl\/index.php?rest_route=%2Fwp%2Fv2%2Ftags&post=3126"}],"curies":[{"name":"wp","href":"https:\/\/api.w.org\/{rel}","templated":true}]}}