{"id":31250,"date":"2023-05-22T15:23:15","date_gmt":"2023-05-22T18:23:15","guid":{"rendered":"https:\/\/radiorevelacionfm.cl\/?p=31250"},"modified":"2023-05-22T15:23:15","modified_gmt":"2023-05-22T18:23:15","slug":"corte-de-coyhaique-acoge-recurso-y-ordena-eliminar-comentarios-ofensivos-de-redes-sociales","status":"publish","type":"post","link":"https:\/\/radiorevelacionfm.cl\/?p=31250","title":{"rendered":"Corte de Coyhaique acoge recurso y ordena eliminar comentarios ofensivos de redes sociales"},"content":{"rendered":"<div class=\"flex_column av_one_full  flex_column_div av-zero-column-padding first  avia-builder-el-0  el_before_av_one_full  avia-builder-el-first  \" style='border-radius:0px; '><div  class='avia-image-container  av-styling-    avia-builder-el-1  avia-builder-el-no-sibling  avia-align-center '  itemprop=\"image\" itemscope=\"itemscope\" itemtype=\"https:\/\/schema.org\/ImageObject\"  ><div class='avia-image-container-inner'><div class='avia-image-overlay-wrap'><img decoding=\"async\" class='wp-image-31251 avia-img-lazy-loading-not-31251 avia_image' src=\"https:\/\/radiorevelacionfm.cl\/wp-content\/uploads\/2023\/05\/foto-corte-coyhaique-001-3-1_optimized.jpg\" alt='' title='foto-corte-coyhaique-001-(3)-(1)_optimized' height=\"600\" width=\"900\"  itemprop=\"thumbnailUrl\" srcset=\"https:\/\/radiorevelacionfm.cl\/wp-content\/uploads\/2023\/05\/foto-corte-coyhaique-001-3-1_optimized.jpg 900w, https:\/\/radiorevelacionfm.cl\/wp-content\/uploads\/2023\/05\/foto-corte-coyhaique-001-3-1_optimized-300x200.jpg 300w, https:\/\/radiorevelacionfm.cl\/wp-content\/uploads\/2023\/05\/foto-corte-coyhaique-001-3-1_optimized-768x512.jpg 768w, https:\/\/radiorevelacionfm.cl\/wp-content\/uploads\/2023\/05\/foto-corte-coyhaique-001-3-1_optimized-705x470.jpg 705w, https:\/\/radiorevelacionfm.cl\/wp-content\/uploads\/2023\/05\/foto-corte-coyhaique-001-3-1_optimized-450x300.jpg 450w, https:\/\/radiorevelacionfm.cl\/wp-content\/uploads\/2023\/05\/foto-corte-coyhaique-001-3-1_optimized-600x400.jpg 600w\" sizes=\"(max-width: 900px) 100vw, 900px\" \/><\/div><\/div><\/div><\/div><div class=\"flex_column av_one_full  flex_column_div av-zero-column-padding first  avia-builder-el-2  el_after_av_one_full  el_before_av_one_full  column-top-margin\" style='border-radius:0px; '><section class=\"av_textblock_section \"  itemscope=\"itemscope\" itemtype=\"https:\/\/schema.org\/BlogPosting\" itemprop=\"blogPost\" ><div class='avia_textblock  '   itemprop=\"text\" ><p style=\"text-align: center;\"><strong><span style=\"font-size: 18pt;\">Corte de Coyhaique acoge recurso y ordena eliminar comentarios ofensivos de redes sociales<\/span><\/strong><\/p>\n<div id=\"gtx-trans\" style=\"position: absolute; left: -50px; top: 4.31534px;\">\n<div class=\"gtx-trans-icon\"><\/div>\n<\/div>\n<\/div><\/section><\/div><div class=\"flex_column av_one_full  flex_column_div av-zero-column-padding first  avia-builder-el-4  el_after_av_one_full  el_before_av_hr  column-top-margin\" style='border-radius:0px; '><section class=\"av_textblock_section \"  itemscope=\"itemscope\" itemtype=\"https:\/\/schema.org\/BlogPosting\" itemprop=\"blogPost\" ><div class='avia_textblock  '   itemprop=\"text\" ><p class=\"v1MsoNormal\" style=\"text-align: justify;\">La Corte de Apelaciones de Coyhaique acogi\u00f3 el recurso de protecci\u00f3n deducido en contra de usuaria de Facebook, y le dio tres d\u00edas para eliminar las publicaciones y comentarios que subi\u00f3 a la red social que afecten la honra de los recurrentes. Il\u00edcito perpetrado en\u00a0enero pasado, en la comuna de Puerto Ays\u00e9n.<\/p>\n<p class=\"v1MsoNormal\" style=\"text-align: justify;\">En fallo un\u00e1nime, la Primera Sala del tribunal de alzada \u2013integrada por los ministros Jos\u00e9 Ignacio Mora Trujillo, Pedro Castro Espinoza y Paola Aguilar Gallardo\u2013 acogi\u00f3 la acci\u00f3n cautelar y le orden\u00f3 a la recurrida abstenerse, en lo sucesivo,\u00a0 de incurrir en publicaciones similares en la red social o por otra v\u00eda an\u00e1loga.<\/p>\n<p class=\"v1MsoNormal\" style=\"text-align: justify;\">\u00abQue, las acciones realizadas por la recurrida no pueden sino calificarse de ofensivas, negativas, perniciosas y da\u00f1an directamente el derecho a la honra de los recurrentes, ya que existiendo las v\u00edas legales para impetrar una investigaci\u00f3n en la comisi\u00f3n de un eventual il\u00edcito o perjuicio causado, opto por realizar diversas publicaciones en una red social p\u00fablica, transformando su accionar en una autotutela de los derechos que le asistir\u00edan y exponiendo a aquellos a da\u00f1inos comentarios\u00bb, sostiene el fallo.<\/p>\n<p class=\"v1MsoNormal\" style=\"text-align: justify;\">La resoluci\u00f3n agrega que: \u00ab(&#8230;) debe tenerse en especial consideraci\u00f3n que, en la actualidad, no puede minimizarse la trascendencia e influencia de las redes sociales en la opini\u00f3n p\u00fablica y entorno social, con mayor relevancia en ciudades de baja densidad poblacional, como es el caso de la ciudad de Puerto Ays\u00e9n, en que gran parte de las personas se conocen o, al menos, se ubican, lo que motiva, indudablemente, a emitir opini\u00f3n propia y en la generalidad de los casos, con ausencia de otros elementos necesarios para ello, dej\u00e1ndose de lado la mesura y cuidado que debe rodear a todos los actos y acciones de las personas y su entorno, lo que conlleva, a terceros, a tomar partido por quien realiza la denuncia o lo que se presume es la afectaci\u00f3n de sus derechos, obviando los medios adecuados y legalmente consagrados para ello, lo que deviene, consecuencialmente, con la transgresi\u00f3n del estado de derecho que debe regirnos\u00bb.<\/p>\n<p class=\"v1MsoNormal\" style=\"text-align: justify;\">\u00abQue, de acuerdo a lo expuesto en los motivos anteriores, no cabe sino acoger el recurso de protecci\u00f3n planteado en estos autos, por estimarse que efectivamente la recurrida vulnera y ha lesionado el derecho a la honra que asiste a los recurrentes, y que se encuentra protegido por el N\u00b0 4 del art\u00edculo 19 de la Constituci\u00f3n Pol\u00edtica de la Rep\u00fablica, como asimismo el art\u00edculo 19 N\u00b0 3 de la se\u00f1alada Carta Fundamental, lo que constituye un acto ilegal y arbitrario que debe ser declarado, por lo que se resolver\u00e1 en consecuencia\u00bb, a\u00f1ade la resoluci\u00f3n.<\/p>\n<\/div><\/section><\/div><div  style='height:50px' class='hr hr-invisible   avia-builder-el-6  el_after_av_one_full  el_before_av_social_share '><span class='hr-inner ' ><span class='hr-inner-style'><\/span><\/span><\/div><\/p>\n<div  class='av-social-sharing-box  avia-builder-el-7  el_after_av_hr  el_before_av_hr  '><div class='av-share-box'><h5 class='av-share-link-description av-no-toc '>Compartir esta noticia<\/h5><ul class='av-share-box-list noLightbox'><li class='av-share-link av-social-link-facebook' ><a target=\"_blank\" aria-label=\"Compartir en Facebook\" href='https:\/\/www.facebook.com\/sharer.php?u=https:\/\/radiorevelacionfm.cl\/?p=31250&#038;t=Corte%20de%20Coyhaique%20acoge%20recurso%20y%20ordena%20eliminar%20comentarios%20ofensivos%20de%20redes%20sociales' aria-hidden='false' data-av_icon='\ue8f3' data-av_iconfont='entypo-fontello' title='' data-avia-related-tooltip='Compartir en Facebook' rel=\"noopener\"><span class='avia_hidden_link_text'>Compartir en Facebook<\/span><\/a><\/li><li class='av-share-link av-social-link-twitter' ><a target=\"_blank\" aria-label=\"Compartir en Twitter\" href='https:\/\/twitter.com\/share?text=Corte%20de%20Coyhaique%20acoge%20recurso%20y%20ordena%20eliminar%20comentarios%20ofensivos%20de%20redes%20sociales&#038;url=https:\/\/radiorevelacionfm.cl\/?p=31250' aria-hidden='false' data-av_icon='\ue8f1' data-av_iconfont='entypo-fontello' title='' data-avia-related-tooltip='Compartir en Twitter' rel=\"noopener\"><span class='avia_hidden_link_text'>Compartir en Twitter<\/span><\/a><\/li><li class='av-share-link av-social-link-whatsapp' ><a target=\"_blank\" aria-label=\"Compartir en Whatsapp\" href='https:\/\/api.whatsapp.com\/send?text=https:\/\/radiorevelacionfm.cl\/?p=31250' aria-hidden='false' data-av_icon='\uf232' data-av_iconfont='entypo-fontello' title='' data-avia-related-tooltip='Compartir en Whatsapp' rel=\"noopener\"><span class='avia_hidden_link_text'>Compartir en Whatsapp<\/span><\/a><\/li><li class='av-share-link av-social-link-linkedin' ><a target=\"_blank\" aria-label=\"Compartir en LinkedIn\" href='https:\/\/linkedin.com\/shareArticle?mini=true&#038;title=Corte%20de%20Coyhaique%20acoge%20recurso%20y%20ordena%20eliminar%20comentarios%20ofensivos%20de%20redes%20sociales&#038;url=https:\/\/radiorevelacionfm.cl\/?p=31250' aria-hidden='false' data-av_icon='\ue8fc' data-av_iconfont='entypo-fontello' title='' data-avia-related-tooltip='Compartir en LinkedIn' rel=\"noopener\"><span class='avia_hidden_link_text'>Compartir en LinkedIn<\/span><\/a><\/li><li class='av-share-link av-social-link-mail' ><a  aria-label=\"Compartir por correo\" href='mailto:?subject=Corte%20de%20Coyhaique%20acoge%20recurso%20y%20ordena%20eliminar%20comentarios%20ofensivos%20de%20redes%20sociales&#038;body=https:\/\/radiorevelacionfm.cl\/?p=31250' aria-hidden='false' data-av_icon='\ue805' data-av_iconfont='entypo-fontello' title='' data-avia-related-tooltip='Compartir por correo'><span class='avia_hidden_link_text'>Compartir por correo<\/span><\/a><\/li><\/ul><\/div><\/div>\n<div  style='height:50px' class='hr hr-invisible   avia-builder-el-8  el_after_av_social_share  el_before_av_comments_list '><span class='hr-inner ' ><span class='hr-inner-style'><\/span><\/span><\/div>\n<div  class='av-buildercomment  av-blog-meta-html-info-disabled av-blog-meta-tag-disabled  '><\/div>\n","protected":false},"excerpt":{"rendered":"","protected":false},"author":1,"featured_media":31251,"comment_status":"open","ping_status":"open","sticky":false,"template":"","format":"standard","meta":{"footnotes":""},"categories":[55],"tags":[],"class_list":["post-31250","post","type-post","status-publish","format-standard","has-post-thumbnail","hentry","category-justicia"],"jetpack_featured_media_url":"https:\/\/radiorevelacionfm.cl\/wp-content\/uploads\/2023\/05\/foto-corte-coyhaique-001-3-1_optimized.jpg","_links":{"self":[{"href":"https:\/\/radiorevelacionfm.cl\/index.php?rest_route=\/wp\/v2\/posts\/31250","targetHints":{"allow":["GET"]}}],"collection":[{"href":"https:\/\/radiorevelacionfm.cl\/index.php?rest_route=\/wp\/v2\/posts"}],"about":[{"href":"https:\/\/radiorevelacionfm.cl\/index.php?rest_route=\/wp\/v2\/types\/post"}],"author":[{"embeddable":true,"href":"https:\/\/radiorevelacionfm.cl\/index.php?rest_route=\/wp\/v2\/users\/1"}],"replies":[{"embeddable":true,"href":"https:\/\/radiorevelacionfm.cl\/index.php?rest_route=%2Fwp%2Fv2%2Fcomments&post=31250"}],"version-history":[{"count":1,"href":"https:\/\/radiorevelacionfm.cl\/index.php?rest_route=\/wp\/v2\/posts\/31250\/revisions"}],"predecessor-version":[{"id":31252,"href":"https:\/\/radiorevelacionfm.cl\/index.php?rest_route=\/wp\/v2\/posts\/31250\/revisions\/31252"}],"wp:featuredmedia":[{"embeddable":true,"href":"https:\/\/radiorevelacionfm.cl\/index.php?rest_route=\/wp\/v2\/media\/31251"}],"wp:attachment":[{"href":"https:\/\/radiorevelacionfm.cl\/index.php?rest_route=%2Fwp%2Fv2%2Fmedia&parent=31250"}],"wp:term":[{"taxonomy":"category","embeddable":true,"href":"https:\/\/radiorevelacionfm.cl\/index.php?rest_route=%2Fwp%2Fv2%2Fcategories&post=31250"},{"taxonomy":"post_tag","embeddable":true,"href":"https:\/\/radiorevelacionfm.cl\/index.php?rest_route=%2Fwp%2Fv2%2Ftags&post=31250"}],"curies":[{"name":"wp","href":"https:\/\/api.w.org\/{rel}","templated":true}]}}