{"id":31247,"date":"2023-05-22T21:20:36","date_gmt":"2023-05-23T00:20:36","guid":{"rendered":"https:\/\/radiorevelacionfm.cl\/?p=31247"},"modified":"2023-05-22T21:20:36","modified_gmt":"2023-05-23T00:20:36","slug":"entregan-orientaciones-para-abordar-situaciones-de-desregulacion-emocional-y-conductual-de-estudiantes","status":"publish","type":"post","link":"https:\/\/radiorevelacionfm.cl\/?p=31247","title":{"rendered":"Entregan orientaciones para abordar situaciones de desregulaci\u00f3n emocional y conductual de estudiantes"},"content":{"rendered":"<div class=\"flex_column av_one_full  flex_column_div av-zero-column-padding first  avia-builder-el-0  el_before_av_one_full  avia-builder-el-first  \" style='border-radius:0px; '><div  class='avia-image-container  av-styling-    avia-builder-el-1  avia-builder-el-no-sibling  avia-align-center '  itemprop=\"image\" itemscope=\"itemscope\" itemtype=\"https:\/\/schema.org\/ImageObject\"  ><div class='avia-image-container-inner'><div class='avia-image-overlay-wrap'><img decoding=\"async\" class='wp-image-31248 avia-img-lazy-loading-not-31248 avia_image' src=\"https:\/\/radiorevelacionfm.cl\/wp-content\/uploads\/2023\/05\/debora2-1_optimized.jpg\" alt='' title='debora2-(1)_optimized' height=\"600\" width=\"900\"  itemprop=\"thumbnailUrl\" srcset=\"https:\/\/radiorevelacionfm.cl\/wp-content\/uploads\/2023\/05\/debora2-1_optimized.jpg 900w, https:\/\/radiorevelacionfm.cl\/wp-content\/uploads\/2023\/05\/debora2-1_optimized-300x200.jpg 300w, https:\/\/radiorevelacionfm.cl\/wp-content\/uploads\/2023\/05\/debora2-1_optimized-768x512.jpg 768w, https:\/\/radiorevelacionfm.cl\/wp-content\/uploads\/2023\/05\/debora2-1_optimized-705x470.jpg 705w, https:\/\/radiorevelacionfm.cl\/wp-content\/uploads\/2023\/05\/debora2-1_optimized-450x300.jpg 450w, https:\/\/radiorevelacionfm.cl\/wp-content\/uploads\/2023\/05\/debora2-1_optimized-600x400.jpg 600w\" sizes=\"(max-width: 900px) 100vw, 900px\" \/><\/div><\/div><\/div><\/div><div class=\"flex_column av_one_full  flex_column_div av-zero-column-padding first  avia-builder-el-2  el_after_av_one_full  el_before_av_one_full  column-top-margin\" style='border-radius:0px; '><section class=\"av_textblock_section \"  itemscope=\"itemscope\" itemtype=\"https:\/\/schema.org\/BlogPosting\" itemprop=\"blogPost\" ><div class='avia_textblock  '   itemprop=\"text\" ><p style=\"text-align: center;\"><strong><span style=\"font-size: 18pt;\">Entregan orientaciones para abordar situaciones de desregulaci\u00f3n emocional y conductual de estudiantes<\/span><\/strong><\/p>\n<div id=\"gtx-trans\" style=\"position: absolute; left: -50px; top: 4.31534px;\">\n<div class=\"gtx-trans-icon\"><\/div>\n<\/div>\n<\/div><\/section><\/div><div class=\"flex_column av_one_full  flex_column_div av-zero-column-padding first  avia-builder-el-4  el_after_av_one_full  el_before_av_hr  column-top-margin\" style='border-radius:0px; '><section class=\"av_textblock_section \"  itemscope=\"itemscope\" itemtype=\"https:\/\/schema.org\/BlogPosting\" itemprop=\"blogPost\" ><div class='avia_textblock  '   itemprop=\"text\" ><p class=\"v1MsoNormal\" style=\"text-align: justify;\">En el auditorio del Liceo San Felipe Benicio de Coyhaique 52 establecimientos educacionales de la regi\u00f3n participaron en forma presencial y telem\u00e1tica en la jornada de difusi\u00f3n de \u00abOrientaciones Protocolo de respuesta a situaciones de desregulaci\u00f3n emocional y conductual de estudiantes en establecimientos educacionales\u00bb.<\/p>\n<p class=\"v1MsoNormal\" style=\"text-align: justify;\">La jornada forma parte de un plan de acompa\u00f1amiento en las comunidades educativas que soliciten asesor\u00eda para la elaboraci\u00f3n de protocolos de respuestas a situaciones conductuales y emocionales de estudiantes en establecimientos educacionales a trav\u00e9s del nivel de supervisi\u00f3n.<\/p>\n<p class=\"v1MsoNormal\" style=\"text-align: justify;\">Durante la actividad present\u00f3 las orientaciones para la elaboraci\u00f3n de dicho protocolo D\u00e9bora Barrera Mardones, profesional de la Unidad de Educaci\u00f3n Especial del Ministerio de Educaci\u00f3n. Tambi\u00e9n se present\u00f3 una\u00a0 experiencia en la elaboraci\u00f3n y aplicaci\u00f3n pr\u00e1ctica de protocolo a cargo de Eliot Garate Ram\u00edrez, Coordinador Comunal de Convivencia Escolar del Departamento de Educaci\u00f3n de la comuna de Quilicura, Regi\u00f3n Metropolitana y Relator de la Fundaci\u00f3n Mis Talentos.<\/p>\n<p class=\"v1MsoNormal\" style=\"text-align: justify;\">Seg\u00fan explic\u00f3 la Seremi de Educaci\u00f3n Isabel Garrido Casassa \u00abEste es un espacio impulsado por el Ministerio de Educaci\u00f3n en el marco de la Ley 21.545 que establece la promoci\u00f3n de la inclusi\u00f3n, la atenci\u00f3n integral y la protecci\u00f3n\u00a0 de los derechos de las personas con Trastornos del Espectro Autista (TEA) y se inserta adem\u00e1s en el eje de salud mental y convivencia escolar del plan de\u00a0 Reactivaci\u00f3n Educativa. Esta iniciativa forma parte de la respuesta como Mineduc a una sentida demanda de\u00a0 nuestras comunidades educativas y de los padres y apoderados\u00bb.<\/p>\n<p class=\"v1MsoNormal\" style=\"text-align: justify;\">D\u00e9bora Barrera detall\u00f3 que \u00abEn esta jornada se revisaron de manera general los distintos dispositivos con que cuenta el sistema escolar para apoyar a los equipos de las escuelas para que avancen en materia de inclusi\u00f3n escolar atendiendo a la diversidad de estudiantes. Tambi\u00e9n profundizamos en la desregulaci\u00f3n emocional y conductual que experimentan algunos estudiantes. Quisimos plantearla como una actividad que entregue elementos te\u00f3ricos y pr\u00e1cticos a los establecimientos educacionales que hoy enfrentan el desaf\u00edo de elaborar participativamente junto a su comunidad escolar un protocolo para abordar la desregulaci\u00f3n emocional y conductual en los estudiantes\u00bb.<\/p>\n<p class=\"v1MsoNormal\" style=\"text-align: justify;\">Por su \u00a0parte, Yoal D\u00edaz, Jefe del Departamento Provincial de Educaci\u00f3n Coyhaique hizo una positiva evaluaci\u00f3n del encuentro. \u00abEl Presidente Gabriel Boric nos ha mandatado \u00a0a trabajar junto a las comunidades educativas para hacer realidad los cambios de paradigma en la educaci\u00f3n. Tenemos la Ley 21.545 o Ley TEA que nos invita a estrechar este v\u00ednculo con los colegios en pos de la inclusi\u00f3n educativa. Desde ah\u00ed surge esta jornada que aborda el tema de las desregulaciones emocionales de los estudiantes en los distintos niveles. Esto permite acercarnos a las realidades de los colegios de la regi\u00f3n y compartir las experiencias de otras regiones del pa\u00eds. Estamos muy contentos con lo que se logr\u00f3 hoy en este espacio y esperamos seguir replicando esta experiencia para seguir trabajando estos temas desde la supervisi\u00f3n y desde el departamento regional de educaci\u00f3n para acompa\u00f1ar a nuestras comunidades educativas\u00bb.<\/p>\n<p class=\"v1MsoNormal\" style=\"text-align: justify;\">En tanto, Pamela Mart\u00ednez, orientadora del Liceo San Felipe Benicio de Coyhaique afirm\u00f3 que \u00abSiempre es grato tener estos espacios de conversaci\u00f3n y sobre todo visibilizar las nuevas din\u00e1micas y problem\u00e1ticas que se est\u00e1n dando en el \u00e1mbito educativo. Valoramos que se haya convocado a los colegios municipales, particulares subvencionados urbanos y tambi\u00e9n rurales. Rescato las intervenciones de los profesionales relatores que nos entregaron directrices \u00fatiles a partir del debate que se gener\u00f3 y que muestra que existe una necesidad \u00a0en salud mental y que los colegios est\u00e1n trabajando activamente en tratar de abordar y suplir las carencias y necesidades que est\u00e1n teniendo nuestros estudiantes hoy en d\u00eda\u00bb.<\/p>\n<p class=\"v1MsoNormal\" style=\"text-align: justify;\">La Ley 21.545\/2023 que establece la promoci\u00f3n de la inclusi\u00f3n, la atenci\u00f3n integral y la protecci\u00f3n de los derechos de las personas con trastorno del espectro autista en el \u00e1mbito social, de salud y educaci\u00f3n, en su t\u00edtulo IV: De los derechos los ni\u00f1os, ni\u00f1as adolescentes y personas adultas con trastorno del espectro autista en el \u00e1mbito educacional, se\u00f1ala \u00a0que los establecimientos educacionales velar\u00e1n por el desarrollo de comunidades inclusivas. y efectuar\u00e1n los ajustes necesarios en sus reglamentos y procedimientos internos, que consideren la diversidad de sus estudiantes y permitan el abordaje de desregulaci\u00f3n emocional y conductual.<\/p>\n<p class=\"v1MsoNormal\" style=\"text-align: justify;\">El Gobierno del presidente Gabriel Boric tiene como desaf\u00edo reactivar y potenciar los aprendizajes de ni\u00f1as, ni\u00f1os y estudiantes en todos los niveles educativos, a fin de superar los efectos que dej\u00f3 la crisis sanitaria por Covid-19 en el sistema educativo. Los sostenedores\/as de los establecimientos educacionales tienen como mandato de avanzar hacia una educaci\u00f3n integral, de calidad, equitativa e inclusiva.<\/p>\n<p class=\"v1MsoNormal\" style=\"text-align: justify;\">El Plan de Reactivaci\u00f3n Educativa del Mineduc considera la trayectoria educativa desde la Educaci\u00f3n Parvularia hasta la Educaci\u00f3n de Adultos. Los sostenedoras\/es y equipos pedag\u00f3gicos est\u00e1n convocados a generar acciones articuladas para asegurar la asistencia y la continuidad de las trayectorias educativas, como, asimismo fomentar la buena convivencia para un bienestar integral de los ni\u00f1os, ni\u00f1as, \u00a0j\u00f3venes y adultos.<\/p>\n<\/div><\/section><\/div><div  style='height:50px' class='hr hr-invisible   avia-builder-el-6  el_after_av_one_full  el_before_av_social_share '><span class='hr-inner ' ><span class='hr-inner-style'><\/span><\/span><\/div><\/p>\n<div  class='av-social-sharing-box  avia-builder-el-7  el_after_av_hr  el_before_av_hr  '><div class='av-share-box'><h5 class='av-share-link-description av-no-toc '>Compartir esta noticia<\/h5><ul class='av-share-box-list noLightbox'><li class='av-share-link av-social-link-facebook' ><a target=\"_blank\" aria-label=\"Compartir en Facebook\" href='https:\/\/www.facebook.com\/sharer.php?u=https:\/\/radiorevelacionfm.cl\/?p=31247&#038;t=Entregan%20orientaciones%20para%20abordar%20situaciones%20de%20desregulaci%C3%B3n%20emocional%20y%20conductual%20de%20estudiantes' aria-hidden='false' data-av_icon='\ue8f3' data-av_iconfont='entypo-fontello' title='' data-avia-related-tooltip='Compartir en Facebook' rel=\"noopener\"><span class='avia_hidden_link_text'>Compartir en Facebook<\/span><\/a><\/li><li class='av-share-link av-social-link-twitter' ><a target=\"_blank\" aria-label=\"Compartir en Twitter\" href='https:\/\/twitter.com\/share?text=Entregan%20orientaciones%20para%20abordar%20situaciones%20de%20desregulaci%C3%B3n%20emocional%20y%20conductual%20de%20estudiantes&#038;url=https:\/\/radiorevelacionfm.cl\/?p=31247' aria-hidden='false' data-av_icon='\ue8f1' data-av_iconfont='entypo-fontello' title='' data-avia-related-tooltip='Compartir en Twitter' rel=\"noopener\"><span class='avia_hidden_link_text'>Compartir en Twitter<\/span><\/a><\/li><li class='av-share-link av-social-link-whatsapp' ><a target=\"_blank\" aria-label=\"Compartir en Whatsapp\" href='https:\/\/api.whatsapp.com\/send?text=https:\/\/radiorevelacionfm.cl\/?p=31247' aria-hidden='false' data-av_icon='\uf232' data-av_iconfont='entypo-fontello' title='' data-avia-related-tooltip='Compartir en Whatsapp' rel=\"noopener\"><span class='avia_hidden_link_text'>Compartir en Whatsapp<\/span><\/a><\/li><li class='av-share-link av-social-link-linkedin' ><a target=\"_blank\" aria-label=\"Compartir en LinkedIn\" href='https:\/\/linkedin.com\/shareArticle?mini=true&#038;title=Entregan%20orientaciones%20para%20abordar%20situaciones%20de%20desregulaci%C3%B3n%20emocional%20y%20conductual%20de%20estudiantes&#038;url=https:\/\/radiorevelacionfm.cl\/?p=31247' aria-hidden='false' data-av_icon='\ue8fc' data-av_iconfont='entypo-fontello' title='' data-avia-related-tooltip='Compartir en LinkedIn' rel=\"noopener\"><span class='avia_hidden_link_text'>Compartir en LinkedIn<\/span><\/a><\/li><li class='av-share-link av-social-link-mail' ><a  aria-label=\"Compartir por correo\" href='mailto:?subject=Entregan%20orientaciones%20para%20abordar%20situaciones%20de%20desregulaci%C3%B3n%20emocional%20y%20conductual%20de%20estudiantes&#038;body=https:\/\/radiorevelacionfm.cl\/?p=31247' aria-hidden='false' data-av_icon='\ue805' data-av_iconfont='entypo-fontello' title='' data-avia-related-tooltip='Compartir por correo'><span class='avia_hidden_link_text'>Compartir por correo<\/span><\/a><\/li><\/ul><\/div><\/div>\n<div  style='height:50px' class='hr hr-invisible   avia-builder-el-8  el_after_av_social_share  el_before_av_comments_list '><span class='hr-inner ' ><span class='hr-inner-style'><\/span><\/span><\/div>\n<div  class='av-buildercomment  av-blog-meta-html-info-disabled av-blog-meta-tag-disabled  '><\/div>\n","protected":false},"excerpt":{"rendered":"","protected":false},"author":1,"featured_media":31248,"comment_status":"open","ping_status":"open","sticky":false,"template":"","format":"standard","meta":{"footnotes":""},"categories":[49],"tags":[],"class_list":["post-31247","post","type-post","status-publish","format-standard","has-post-thumbnail","hentry","category-educacion"],"jetpack_featured_media_url":"https:\/\/radiorevelacionfm.cl\/wp-content\/uploads\/2023\/05\/debora2-1_optimized.jpg","_links":{"self":[{"href":"https:\/\/radiorevelacionfm.cl\/index.php?rest_route=\/wp\/v2\/posts\/31247","targetHints":{"allow":["GET"]}}],"collection":[{"href":"https:\/\/radiorevelacionfm.cl\/index.php?rest_route=\/wp\/v2\/posts"}],"about":[{"href":"https:\/\/radiorevelacionfm.cl\/index.php?rest_route=\/wp\/v2\/types\/post"}],"author":[{"embeddable":true,"href":"https:\/\/radiorevelacionfm.cl\/index.php?rest_route=\/wp\/v2\/users\/1"}],"replies":[{"embeddable":true,"href":"https:\/\/radiorevelacionfm.cl\/index.php?rest_route=%2Fwp%2Fv2%2Fcomments&post=31247"}],"version-history":[{"count":1,"href":"https:\/\/radiorevelacionfm.cl\/index.php?rest_route=\/wp\/v2\/posts\/31247\/revisions"}],"predecessor-version":[{"id":31249,"href":"https:\/\/radiorevelacionfm.cl\/index.php?rest_route=\/wp\/v2\/posts\/31247\/revisions\/31249"}],"wp:featuredmedia":[{"embeddable":true,"href":"https:\/\/radiorevelacionfm.cl\/index.php?rest_route=\/wp\/v2\/media\/31248"}],"wp:attachment":[{"href":"https:\/\/radiorevelacionfm.cl\/index.php?rest_route=%2Fwp%2Fv2%2Fmedia&parent=31247"}],"wp:term":[{"taxonomy":"category","embeddable":true,"href":"https:\/\/radiorevelacionfm.cl\/index.php?rest_route=%2Fwp%2Fv2%2Fcategories&post=31247"},{"taxonomy":"post_tag","embeddable":true,"href":"https:\/\/radiorevelacionfm.cl\/index.php?rest_route=%2Fwp%2Fv2%2Ftags&post=31247"}],"curies":[{"name":"wp","href":"https:\/\/api.w.org\/{rel}","templated":true}]}}