{"id":31244,"date":"2023-05-22T12:24:56","date_gmt":"2023-05-22T15:24:56","guid":{"rendered":"https:\/\/radiorevelacionfm.cl\/?p=31244"},"modified":"2023-05-22T12:24:56","modified_gmt":"2023-05-22T15:24:56","slug":"realizan-mejoras-por-mas-de-215-millones-en-jardin-bambin-gesu-de-puerto-aysen","status":"publish","type":"post","link":"https:\/\/radiorevelacionfm.cl\/?p=31244","title":{"rendered":"Realizan mejoras por m\u00e1s de $215 millones en Jard\u00edn Bambin Ges\u00fa de Puerto Ays\u00e9n"},"content":{"rendered":"<div class=\"flex_column av_one_full  flex_column_div av-zero-column-padding first  avia-builder-el-0  el_before_av_one_full  avia-builder-el-first  \" style='border-radius:0px; '><div  class='avia-image-container  av-styling-    avia-builder-el-1  avia-builder-el-no-sibling  avia-align-center '  itemprop=\"image\" itemscope=\"itemscope\" itemtype=\"https:\/\/schema.org\/ImageObject\"  ><div class='avia-image-container-inner'><div class='avia-image-overlay-wrap'><img decoding=\"async\" class='wp-image-31245 avia-img-lazy-loading-not-31245 avia_image' src=\"https:\/\/radiorevelacionfm.cl\/wp-content\/uploads\/2023\/05\/IMG_1579-1-1.jpg\" alt='' title='IMG_1579 (1) (1)' height=\"600\" width=\"820\"  itemprop=\"thumbnailUrl\" srcset=\"https:\/\/radiorevelacionfm.cl\/wp-content\/uploads\/2023\/05\/IMG_1579-1-1.jpg 820w, https:\/\/radiorevelacionfm.cl\/wp-content\/uploads\/2023\/05\/IMG_1579-1-1-300x220.jpg 300w, https:\/\/radiorevelacionfm.cl\/wp-content\/uploads\/2023\/05\/IMG_1579-1-1-768x562.jpg 768w, https:\/\/radiorevelacionfm.cl\/wp-content\/uploads\/2023\/05\/IMG_1579-1-1-705x516.jpg 705w, https:\/\/radiorevelacionfm.cl\/wp-content\/uploads\/2023\/05\/IMG_1579-1-1-450x329.jpg 450w, https:\/\/radiorevelacionfm.cl\/wp-content\/uploads\/2023\/05\/IMG_1579-1-1-600x439.jpg 600w\" sizes=\"(max-width: 820px) 100vw, 820px\" \/><\/div><\/div><\/div><\/div><div class=\"flex_column av_one_full  flex_column_div av-zero-column-padding first  avia-builder-el-2  el_after_av_one_full  el_before_av_one_full  column-top-margin\" style='border-radius:0px; '><section class=\"av_textblock_section \"  itemscope=\"itemscope\" itemtype=\"https:\/\/schema.org\/BlogPosting\" itemprop=\"blogPost\" ><div class='avia_textblock  '   itemprop=\"text\" ><p style=\"text-align: center;\"><strong><span style=\"font-size: 18pt;\">Realizan mejoras por m\u00e1s de $215 millones en Jard\u00edn Bambin Ges\u00fa de Puerto Ays\u00e9n <\/span><\/strong><\/p>\n<div id=\"gtx-trans\" style=\"position: absolute; left: -50px; top: 4.31534px;\">\n<div class=\"gtx-trans-icon\"><\/div>\n<\/div>\n<\/div><\/section><\/div><div class=\"flex_column av_one_full  flex_column_div av-zero-column-padding first  avia-builder-el-4  el_after_av_one_full  el_before_av_hr  column-top-margin\" style='border-radius:0px; '><section class=\"av_textblock_section \"  itemscope=\"itemscope\" itemtype=\"https:\/\/schema.org\/BlogPosting\" itemprop=\"blogPost\" ><div class='avia_textblock  '   itemprop=\"text\" ><p style=\"text-align: justify;\">Mediante un convenio de transferencia de fondos se pudo concretar un anhelo esperado hace mucho tiempo por la comunidad educativa y las familias. A trav\u00e9s del subtitulo 33, que es un fondo que posee la instituci\u00f3n para apoyar con recursos para la obtenci\u00f3n de reconocimiento oficial o la mantenci\u00f3n de \u00e9ste, se pudo realizar la reposici\u00f3n de la cubierta exterior, conservaci\u00f3n de fachadas, patios, cierre perimetral, mejoras en calefacci\u00f3n, entre otros. En esta oportunidad la Seremi de educaci\u00f3n, Isabel Garrido Casassa, destac\u00f3 la importancia de este hito: \u201cEstamos muy felices de estar en el \u201cBambin Ges\u00fa\u201d, inaugurando obras de infraestructura para mantener el reconocimiento oficial. En el gobierno del presidente Boric le hemos puesto mucho \u00e9nfasis a las infancias y a la calidad de la educaci\u00f3n parvularia, y el reconocimiento oficial es precisamente eso un reconocimiento de la calidad de la educaci\u00f3n parvularia. Aprovecho de hacer un llamado a los municipios a que puedan presentar la documentaci\u00f3n necesaria para obtener el R.O.\u201d se\u00f1al\u00f3.<\/p>\n<p style=\"text-align: justify;\">En ese mismo sentido las entidades que pueden acceder a este fondo son: municipalidades, corporaciones municipales, servicios locales de educaci\u00f3n, entidades privadas sin fines de lucro y las intervenciones de infraestructura deben ir en directa relaci\u00f3n con las necesidades del establecimiento para cumplir con el RO. Aspecto que fue destacado por el director regional (s) David Catal\u00e1n V\u00e1squez: \u201cEstamos muy felices como Junji de entregar y recibir las obras y las intervenciones que se realizaron en este jard\u00edn infantil. Que cuenta con reconocimiento oficial, es el \u00fanico jard\u00edn VTF que tenemos en la regi\u00f3n a la fecha. Estas obras permiten mantenerlo y cumplir con todos los est\u00e1ndares que hoy d\u00eda se nos exige por la superintendencia de educaci\u00f3n parvularia\u201d manifest\u00f3.<\/p>\n<p style=\"text-align: justify;\">Por su parte la presidenta del Centro de Padres y Madres coment\u00f3 la importancia de esta inversi\u00f3n y c\u00f3mo beneficia a la comunidad educativa: \u201cPara nosotros son s\u00faper importantes estas mejoras, el a\u00f1o pasado fue un a\u00f1o duro en cuanto al clima y que haya salido este proyecto, que se haya podido ejecutar, ha sido maravilloso para todos los apoderados\u201d dijo Nedeska Larenas. En ese mismo sentido, la directora del establecimiento Karina Ch\u00e1vez, dio a conocer la importancia que tiene para ellas: \u201cEl subt\u00edtulo 33 es un fondo que tiene Junji para postular a obtener el RO, un fondo que se da nivel nacional, por lo tanto, muchos jardines pueden postular y es posible. Pienso que es una gran ayuda\u201d.<\/p>\n<p style=\"text-align: justify;\">Finalmente, la sostenedora del jard\u00edn infantil Sor Augusta Pedrielli, se mostr\u00f3 muy agradecida de los cambios realizados: \u201cLlegamos al final, se ve\u00eda como una cosa inalcanzable, pero llegamos la final con un lindo pasto, mucha menos gravilla. Est\u00e1 pavimentado, todo bonito, es una maravilla para nosotros, para las familias que ven a sus ni\u00f1os circundado en un ambiente que todos los ni\u00f1os tendr\u00edan que tener\u201d sostenedora del jard\u00edn infantil Bambin Ges\u00fa.<\/p>\n<\/div><\/section><\/div><div  style='height:50px' class='hr hr-invisible   avia-builder-el-6  el_after_av_one_full  el_before_av_social_share '><span class='hr-inner ' ><span class='hr-inner-style'><\/span><\/span><\/div><\/p>\n<div  class='av-social-sharing-box  avia-builder-el-7  el_after_av_hr  el_before_av_hr  '><div class='av-share-box'><h5 class='av-share-link-description av-no-toc '>Compartir esta noticia<\/h5><ul class='av-share-box-list noLightbox'><li class='av-share-link av-social-link-facebook' ><a target=\"_blank\" aria-label=\"Compartir en Facebook\" href='https:\/\/www.facebook.com\/sharer.php?u=https:\/\/radiorevelacionfm.cl\/?p=31244&#038;t=Realizan%20mejoras%20por%20m%C3%A1s%20de%20%24215%20millones%20en%20Jard%C3%ADn%20Bambin%20Ges%C3%BA%20de%20Puerto%20Ays%C3%A9n' aria-hidden='false' data-av_icon='\ue8f3' data-av_iconfont='entypo-fontello' title='' data-avia-related-tooltip='Compartir en Facebook' rel=\"noopener\"><span class='avia_hidden_link_text'>Compartir en Facebook<\/span><\/a><\/li><li class='av-share-link av-social-link-twitter' ><a target=\"_blank\" aria-label=\"Compartir en Twitter\" href='https:\/\/twitter.com\/share?text=Realizan%20mejoras%20por%20m%C3%A1s%20de%20%24215%20millones%20en%20Jard%C3%ADn%20Bambin%20Ges%C3%BA%20de%20Puerto%20Ays%C3%A9n&#038;url=https:\/\/radiorevelacionfm.cl\/?p=31244' aria-hidden='false' data-av_icon='\ue8f1' data-av_iconfont='entypo-fontello' title='' data-avia-related-tooltip='Compartir en Twitter' rel=\"noopener\"><span class='avia_hidden_link_text'>Compartir en Twitter<\/span><\/a><\/li><li class='av-share-link av-social-link-whatsapp' ><a target=\"_blank\" aria-label=\"Compartir en Whatsapp\" href='https:\/\/api.whatsapp.com\/send?text=https:\/\/radiorevelacionfm.cl\/?p=31244' aria-hidden='false' data-av_icon='\uf232' data-av_iconfont='entypo-fontello' title='' data-avia-related-tooltip='Compartir en Whatsapp' rel=\"noopener\"><span class='avia_hidden_link_text'>Compartir en Whatsapp<\/span><\/a><\/li><li class='av-share-link av-social-link-linkedin' ><a target=\"_blank\" aria-label=\"Compartir en LinkedIn\" href='https:\/\/linkedin.com\/shareArticle?mini=true&#038;title=Realizan%20mejoras%20por%20m%C3%A1s%20de%20%24215%20millones%20en%20Jard%C3%ADn%20Bambin%20Ges%C3%BA%20de%20Puerto%20Ays%C3%A9n&#038;url=https:\/\/radiorevelacionfm.cl\/?p=31244' aria-hidden='false' data-av_icon='\ue8fc' data-av_iconfont='entypo-fontello' title='' data-avia-related-tooltip='Compartir en LinkedIn' rel=\"noopener\"><span class='avia_hidden_link_text'>Compartir en LinkedIn<\/span><\/a><\/li><li class='av-share-link av-social-link-mail' ><a  aria-label=\"Compartir por correo\" href='mailto:?subject=Realizan%20mejoras%20por%20m%C3%A1s%20de%20%24215%20millones%20en%20Jard%C3%ADn%20Bambin%20Ges%C3%BA%20de%20Puerto%20Ays%C3%A9n&#038;body=https:\/\/radiorevelacionfm.cl\/?p=31244' aria-hidden='false' data-av_icon='\ue805' data-av_iconfont='entypo-fontello' title='' data-avia-related-tooltip='Compartir por correo'><span class='avia_hidden_link_text'>Compartir por correo<\/span><\/a><\/li><\/ul><\/div><\/div>\n<div  style='height:50px' class='hr hr-invisible   avia-builder-el-8  el_after_av_social_share  el_before_av_comments_list '><span class='hr-inner ' ><span class='hr-inner-style'><\/span><\/span><\/div>\n<div  class='av-buildercomment  av-blog-meta-html-info-disabled av-blog-meta-tag-disabled  '><\/div>\n","protected":false},"excerpt":{"rendered":"","protected":false},"author":1,"featured_media":31245,"comment_status":"open","ping_status":"open","sticky":false,"template":"","format":"standard","meta":{"footnotes":""},"categories":[49],"tags":[],"class_list":["post-31244","post","type-post","status-publish","format-standard","has-post-thumbnail","hentry","category-educacion"],"jetpack_featured_media_url":"https:\/\/radiorevelacionfm.cl\/wp-content\/uploads\/2023\/05\/IMG_1579-1-1.jpg","_links":{"self":[{"href":"https:\/\/radiorevelacionfm.cl\/index.php?rest_route=\/wp\/v2\/posts\/31244","targetHints":{"allow":["GET"]}}],"collection":[{"href":"https:\/\/radiorevelacionfm.cl\/index.php?rest_route=\/wp\/v2\/posts"}],"about":[{"href":"https:\/\/radiorevelacionfm.cl\/index.php?rest_route=\/wp\/v2\/types\/post"}],"author":[{"embeddable":true,"href":"https:\/\/radiorevelacionfm.cl\/index.php?rest_route=\/wp\/v2\/users\/1"}],"replies":[{"embeddable":true,"href":"https:\/\/radiorevelacionfm.cl\/index.php?rest_route=%2Fwp%2Fv2%2Fcomments&post=31244"}],"version-history":[{"count":1,"href":"https:\/\/radiorevelacionfm.cl\/index.php?rest_route=\/wp\/v2\/posts\/31244\/revisions"}],"predecessor-version":[{"id":31246,"href":"https:\/\/radiorevelacionfm.cl\/index.php?rest_route=\/wp\/v2\/posts\/31244\/revisions\/31246"}],"wp:featuredmedia":[{"embeddable":true,"href":"https:\/\/radiorevelacionfm.cl\/index.php?rest_route=\/wp\/v2\/media\/31245"}],"wp:attachment":[{"href":"https:\/\/radiorevelacionfm.cl\/index.php?rest_route=%2Fwp%2Fv2%2Fmedia&parent=31244"}],"wp:term":[{"taxonomy":"category","embeddable":true,"href":"https:\/\/radiorevelacionfm.cl\/index.php?rest_route=%2Fwp%2Fv2%2Fcategories&post=31244"},{"taxonomy":"post_tag","embeddable":true,"href":"https:\/\/radiorevelacionfm.cl\/index.php?rest_route=%2Fwp%2Fv2%2Ftags&post=31244"}],"curies":[{"name":"wp","href":"https:\/\/api.w.org\/{rel}","templated":true}]}}