{"id":31235,"date":"2023-05-22T10:35:25","date_gmt":"2023-05-22T13:35:25","guid":{"rendered":"https:\/\/radiorevelacionfm.cl\/?p=31235"},"modified":"2023-05-22T10:35:25","modified_gmt":"2023-05-22T13:35:25","slug":"reduccion-de-listas-de-espera-quirurgica-e-inversion-en-infraestructura-destaca-reciente-cuenta-publica-del-ssa","status":"publish","type":"post","link":"https:\/\/radiorevelacionfm.cl\/?p=31235","title":{"rendered":"Reducci\u00f3n de listas de espera quir\u00fargica e inversi\u00f3n en infraestructura destaca reciente Cuenta P\u00fablica del SSA"},"content":{"rendered":"<div class=\"flex_column av_one_full  flex_column_div av-zero-column-padding first  avia-builder-el-0  el_before_av_one_full  avia-builder-el-first  \" style='border-radius:0px; '><div  class='avia-image-container  av-styling-    avia-builder-el-1  avia-builder-el-no-sibling  avia-align-center '  itemprop=\"image\" itemscope=\"itemscope\" itemtype=\"https:\/\/schema.org\/ImageObject\"  ><div class='avia-image-container-inner'><div class='avia-image-overlay-wrap'><img decoding=\"async\" class='wp-image-31236 avia-img-lazy-loading-not-31236 avia_image' src=\"https:\/\/radiorevelacionfm.cl\/wp-content\/uploads\/2023\/05\/CUENTA-PUBLICA-6-1-1.jpg\" alt='' title='CUENTA P\u00daBLICA 6 (1) (1)' height=\"600\" width=\"900\"  itemprop=\"thumbnailUrl\" srcset=\"https:\/\/radiorevelacionfm.cl\/wp-content\/uploads\/2023\/05\/CUENTA-PUBLICA-6-1-1.jpg 900w, https:\/\/radiorevelacionfm.cl\/wp-content\/uploads\/2023\/05\/CUENTA-PUBLICA-6-1-1-300x200.jpg 300w, https:\/\/radiorevelacionfm.cl\/wp-content\/uploads\/2023\/05\/CUENTA-PUBLICA-6-1-1-768x512.jpg 768w, https:\/\/radiorevelacionfm.cl\/wp-content\/uploads\/2023\/05\/CUENTA-PUBLICA-6-1-1-705x470.jpg 705w, https:\/\/radiorevelacionfm.cl\/wp-content\/uploads\/2023\/05\/CUENTA-PUBLICA-6-1-1-450x300.jpg 450w, https:\/\/radiorevelacionfm.cl\/wp-content\/uploads\/2023\/05\/CUENTA-PUBLICA-6-1-1-600x400.jpg 600w\" sizes=\"(max-width: 900px) 100vw, 900px\" \/><\/div><\/div><\/div><\/div><div class=\"flex_column av_one_full  flex_column_div av-zero-column-padding first  avia-builder-el-2  el_after_av_one_full  el_before_av_one_full  column-top-margin\" style='border-radius:0px; '><section class=\"av_textblock_section \"  itemscope=\"itemscope\" itemtype=\"https:\/\/schema.org\/BlogPosting\" itemprop=\"blogPost\" ><div class='avia_textblock  '   itemprop=\"text\" ><p style=\"text-align: center;\"><strong><span style=\"font-size: 18pt;\">Reducci\u00f3n de listas de espera quir\u00fargica e inversi\u00f3n en infraestructura destaca reciente Cuenta P\u00fablica del SSA<\/span><\/strong><\/p>\n<div id=\"gtx-trans\" style=\"position: absolute; left: -50px; top: 4.31534px;\">\n<div class=\"gtx-trans-icon\"><\/div>\n<\/div>\n<\/div><\/section><\/div><div class=\"flex_column av_one_full  flex_column_div av-zero-column-padding first  avia-builder-el-4  el_after_av_one_full  el_before_av_hr  column-top-margin\" style='border-radius:0px; '><section class=\"av_textblock_section \"  itemscope=\"itemscope\" itemtype=\"https:\/\/schema.org\/BlogPosting\" itemprop=\"blogPost\" ><div class='avia_textblock  '   itemprop=\"text\" ><p style=\"font-weight: 400; text-align: justify;\">Diez veces m\u00e1s se invirti\u00f3 en materia de infraestructura durante el a\u00f1o 2022 respecto a la gesti\u00f3n 2021. Esa es una de las principales conclusiones de la cuenta p\u00fablica participativa del Servicio de Salud Ays\u00e9n (SSA) realizada este s\u00e1bado.<\/p>\n<p style=\"font-weight: 400; text-align: justify;\">Tambi\u00e9n se avanz\u00f3 ostensiblemente en la disminuci\u00f3n de las listas y tiempos de espera, reduciendo de 202 d\u00edas de espera a 165, como asimismo en temas sensibles para la comunidad como salud mental, atenci\u00f3n primaria y reactivaci\u00f3n de la red asistencial, tras los a\u00f1os de pandemia.<\/p>\n<p style=\"font-weight: 400; text-align: justify;\">La rendici\u00f3n de este a\u00f1o contempl\u00f3 una importante participaci\u00f3n de las organizaciones sociales a trav\u00e9s de los consejos consultivos, que pudieron definir el contenido de la cuenta p\u00fablica. \u201cUno siempre espera verse reflejado en la cuenta p\u00fablica de la autoridad, por ejemplo, si soy persona mayor y estoy a la espera de una atenci\u00f3n de especialidad, quiero ver cu\u00e1nto aparece en la cuenta p\u00fablica de lo que necesito. Valoro grandemente esta cuenta p\u00fablica y reconocer que hay un tremendo desaf\u00edo para el Servicio de Salud Ays\u00e9n, fundamentalmente por lo que ofrece la geograf\u00eda de nuestra regi\u00f3n. Hay una presencia grande de dispositivos y evidentemente de mucho personal, pero siempre se mantiene la pregunta si estos dispositivos desde la estructura tambi\u00e9n tienen que ver con la funcionalidad para poder dar respuesta a las necesidades de salud de nuestra gente\u201d, resumi\u00f3 V\u00edctor Soto, presidente del Consejo de Desarrollo Local del CESFAM Alejandro Guti\u00e9rrez y dirigente de adultos mayores.<\/p>\n<p style=\"font-weight: 400; text-align: justify;\">Otro de los datos positivos de la cuenta p\u00fablica fue el cumplimiento de las garant\u00edas expl\u00edcitas en salud (GES) que tuvo un cumplimiento de casi 97%, con casi 23 mil gestiones de garant\u00edas en la red. \u201cPudimos exponer todo lo que hemos realizado durante el a\u00f1o 2022 y los desaf\u00edos para el presente a\u00f1o. Hemos avanzado en forma importante en reducci\u00f3n de tiempos de espera, reforzar atenci\u00f3n primaria, salud mental y exponer los desaf\u00edos en distintas l\u00edneas de inversi\u00f3n que se vienen como la normalizaci\u00f3n del hospital regional, la construcci\u00f3n de los m\u00f3dulos cr\u00edticos y diferentes iniciativas que se proyectan para el presente a\u00f1o para avanzar en una atenci\u00f3n de calidad para nuestra poblaci\u00f3n\u201d, explic\u00f3 Mauricio Cort\u00e9s Molina, director (S) del SSA.<\/p>\n<p style=\"font-weight: 400; text-align: justify;\">Pero no todo fue mostrar\u00a0cifras positivas, ya que mandatados por la comunidad se conocieron las altas cifras de ausentismo laboral en algunos establecimientos de la red asistencial, lo que obliga a levantar planes durante el a\u00f1o 2023 para reducir estos n\u00fameros.<\/p>\n<p style=\"font-weight: 400; text-align: justify;\">Otro de los requerimientos de las organizaciones fue conocer la estrategia de call center para los CESFAM de Coyhaique, que si bien increment\u00f3 el n\u00famero de atenciones m\u00e9dicas no lo hizo en la misma proporci\u00f3n que las llamadas telef\u00f3nicas que cuadruplicaron a las personas que asist\u00edan diariamente a tomar una hora a los consultorios de la ciudad. Se trata por cierto de una brecha y un desaf\u00edo que se necesita mejorar.<\/p>\n<p style=\"font-weight: 400; text-align: justify;\">Hay varios proyectos de conservaci\u00f3n para el a\u00f1o 2023, entre ellos el Hospital de Puerto Cisnes, donde se desarrollar\u00e1 la Conservaci\u00f3n del Hospital Jorge Ibar por m\u00e1s de 332 millones de pesos. \u201cHab\u00eda una informaci\u00f3n que requerimos que tiene que ver con algunas mejoras en nuestro servicio y por lo que pude percibir est\u00e1 el compromiso, la proyecci\u00f3n y eso es muy importante para llegar con el mensaje hacia nuestra comunidad. Somos un hospital de baja complejidad y tenemos un territorio muy amplio, con litoral, continente y fortalecer nuestro servicio es muy importante para nuestra comunidad\u201d, precis\u00f3 Gloria Cadag\u00e1n, presidenta del Consejo de Salud del Hospital Jorge Ibar de Puerto Cisnes.<\/p>\n<p style=\"font-weight: 400; text-align: justify;\">La cuenta p\u00fablica destac\u00f3 el trabajo del Programa de Reparaci\u00f3n y Atenci\u00f3n Integral en Salud y Derechos Humanos (PRAIS) que pas\u00f3 a depender directamente del Servicio de Salud Ays\u00e9n, para asegurar la entrega efectiva, en tiempo y forma, de las atenciones, coincidiendo con los 50 a\u00f1os del golpe de Estado C\u00edvico Militar de 1973.<\/p>\n<p style=\"font-weight: 400; text-align: justify;\">\u201cEstas cuentas p\u00fablicas participativas son muy importantes y es un mandato que tenemos como autoridad, muy contentos de haber participado. Recibimos la invitaci\u00f3n de parte del director del servicio, donde nos ha podido contar toda la gesti\u00f3n de 2022 y contar en qu\u00e9 se va a concentrar la gesti\u00f3n del a\u00f1o 2023\u201d, manifest\u00f3 Tatiana Pl\u00e1, Seremi de Gobierno de Ays\u00e9n.<\/p>\n<p style=\"font-weight: 400; text-align: justify;\">Mientras el delegado regional, Rodrigo Araya, tambi\u00e9n destac\u00f3 la cuenta p\u00fablica y los desaf\u00edos para acortar las brechas que todav\u00eda persisten en temas de salud en la regi\u00f3n de Ays\u00e9n, sobre todo en una regi\u00f3n en que no existe red asistencial privada.<\/p>\n<p style=\"font-weight: 400; text-align: justify;\">Los detalles de la gesti\u00f3n 2022 proporcionados en la cuenta p\u00fablica realizada en el gimnasio de la escuela V\u00edctor Domingo Silva y que se realiz\u00f3 paralela a una Feria de Salud se puede encontrar en el sitio web del servicio\u00a0<a href=\"http:\/\/www.saludaysen.cl\/\" data-saferedirecturl=\"https:\/\/www.google.com\/url?q=http:\/\/www.saludaysen.cl&amp;source=gmail&amp;ust=1684786738000000&amp;usg=AOvVaw1udvoaSutn1bG_DKMY6ylQ\">www.saludaysen.cl<\/a><\/p>\n<\/div><\/section><\/div><div  style='height:50px' class='hr hr-invisible   avia-builder-el-6  el_after_av_one_full  el_before_av_social_share '><span class='hr-inner ' ><span class='hr-inner-style'><\/span><\/span><\/div><\/p>\n<div  class='av-social-sharing-box  avia-builder-el-7  el_after_av_hr  el_before_av_hr  '><div class='av-share-box'><h5 class='av-share-link-description av-no-toc '>Compartir esta noticia<\/h5><ul class='av-share-box-list noLightbox'><li class='av-share-link av-social-link-facebook' ><a target=\"_blank\" aria-label=\"Compartir en Facebook\" href='https:\/\/www.facebook.com\/sharer.php?u=https:\/\/radiorevelacionfm.cl\/?p=31235&#038;t=Reducci%C3%B3n%20de%20listas%20de%20espera%20quir%C3%BArgica%20e%20inversi%C3%B3n%20en%20infraestructura%20destaca%20reciente%20Cuenta%20P%C3%BAblica%20del%20SSA' aria-hidden='false' data-av_icon='\ue8f3' data-av_iconfont='entypo-fontello' title='' data-avia-related-tooltip='Compartir en Facebook' rel=\"noopener\"><span class='avia_hidden_link_text'>Compartir en Facebook<\/span><\/a><\/li><li class='av-share-link av-social-link-twitter' ><a target=\"_blank\" aria-label=\"Compartir en Twitter\" href='https:\/\/twitter.com\/share?text=Reducci%C3%B3n%20de%20listas%20de%20espera%20quir%C3%BArgica%20e%20inversi%C3%B3n%20en%20infraestructura%20destaca%20reciente%20Cuenta%20P%C3%BAblica%20del%20SSA&#038;url=https:\/\/radiorevelacionfm.cl\/?p=31235' aria-hidden='false' data-av_icon='\ue8f1' data-av_iconfont='entypo-fontello' title='' data-avia-related-tooltip='Compartir en Twitter' rel=\"noopener\"><span class='avia_hidden_link_text'>Compartir en Twitter<\/span><\/a><\/li><li class='av-share-link av-social-link-whatsapp' ><a target=\"_blank\" aria-label=\"Compartir en Whatsapp\" href='https:\/\/api.whatsapp.com\/send?text=https:\/\/radiorevelacionfm.cl\/?p=31235' aria-hidden='false' data-av_icon='\uf232' data-av_iconfont='entypo-fontello' title='' data-avia-related-tooltip='Compartir en Whatsapp' rel=\"noopener\"><span class='avia_hidden_link_text'>Compartir en Whatsapp<\/span><\/a><\/li><li class='av-share-link av-social-link-linkedin' ><a target=\"_blank\" aria-label=\"Compartir en LinkedIn\" href='https:\/\/linkedin.com\/shareArticle?mini=true&#038;title=Reducci%C3%B3n%20de%20listas%20de%20espera%20quir%C3%BArgica%20e%20inversi%C3%B3n%20en%20infraestructura%20destaca%20reciente%20Cuenta%20P%C3%BAblica%20del%20SSA&#038;url=https:\/\/radiorevelacionfm.cl\/?p=31235' aria-hidden='false' data-av_icon='\ue8fc' data-av_iconfont='entypo-fontello' title='' data-avia-related-tooltip='Compartir en LinkedIn' rel=\"noopener\"><span class='avia_hidden_link_text'>Compartir en LinkedIn<\/span><\/a><\/li><li class='av-share-link av-social-link-mail' ><a  aria-label=\"Compartir por correo\" href='mailto:?subject=Reducci%C3%B3n%20de%20listas%20de%20espera%20quir%C3%BArgica%20e%20inversi%C3%B3n%20en%20infraestructura%20destaca%20reciente%20Cuenta%20P%C3%BAblica%20del%20SSA&#038;body=https:\/\/radiorevelacionfm.cl\/?p=31235' aria-hidden='false' data-av_icon='\ue805' data-av_iconfont='entypo-fontello' title='' data-avia-related-tooltip='Compartir por correo'><span class='avia_hidden_link_text'>Compartir por correo<\/span><\/a><\/li><\/ul><\/div><\/div>\n<div  style='height:50px' class='hr hr-invisible   avia-builder-el-8  el_after_av_social_share  el_before_av_comments_list '><span class='hr-inner ' ><span class='hr-inner-style'><\/span><\/span><\/div>\n<div  class='av-buildercomment  av-blog-meta-html-info-disabled av-blog-meta-tag-disabled  '><\/div>\n","protected":false},"excerpt":{"rendered":"","protected":false},"author":1,"featured_media":31236,"comment_status":"open","ping_status":"open","sticky":false,"template":"","format":"standard","meta":{"footnotes":""},"categories":[46],"tags":[],"class_list":["post-31235","post","type-post","status-publish","format-standard","has-post-thumbnail","hentry","category-salud"],"jetpack_featured_media_url":"https:\/\/radiorevelacionfm.cl\/wp-content\/uploads\/2023\/05\/CUENTA-PUBLICA-6-1-1.jpg","_links":{"self":[{"href":"https:\/\/radiorevelacionfm.cl\/index.php?rest_route=\/wp\/v2\/posts\/31235","targetHints":{"allow":["GET"]}}],"collection":[{"href":"https:\/\/radiorevelacionfm.cl\/index.php?rest_route=\/wp\/v2\/posts"}],"about":[{"href":"https:\/\/radiorevelacionfm.cl\/index.php?rest_route=\/wp\/v2\/types\/post"}],"author":[{"embeddable":true,"href":"https:\/\/radiorevelacionfm.cl\/index.php?rest_route=\/wp\/v2\/users\/1"}],"replies":[{"embeddable":true,"href":"https:\/\/radiorevelacionfm.cl\/index.php?rest_route=%2Fwp%2Fv2%2Fcomments&post=31235"}],"version-history":[{"count":1,"href":"https:\/\/radiorevelacionfm.cl\/index.php?rest_route=\/wp\/v2\/posts\/31235\/revisions"}],"predecessor-version":[{"id":31237,"href":"https:\/\/radiorevelacionfm.cl\/index.php?rest_route=\/wp\/v2\/posts\/31235\/revisions\/31237"}],"wp:featuredmedia":[{"embeddable":true,"href":"https:\/\/radiorevelacionfm.cl\/index.php?rest_route=\/wp\/v2\/media\/31236"}],"wp:attachment":[{"href":"https:\/\/radiorevelacionfm.cl\/index.php?rest_route=%2Fwp%2Fv2%2Fmedia&parent=31235"}],"wp:term":[{"taxonomy":"category","embeddable":true,"href":"https:\/\/radiorevelacionfm.cl\/index.php?rest_route=%2Fwp%2Fv2%2Fcategories&post=31235"},{"taxonomy":"post_tag","embeddable":true,"href":"https:\/\/radiorevelacionfm.cl\/index.php?rest_route=%2Fwp%2Fv2%2Ftags&post=31235"}],"curies":[{"name":"wp","href":"https:\/\/api.w.org\/{rel}","templated":true}]}}