{"id":31232,"date":"2023-05-21T21:43:48","date_gmt":"2023-05-22T00:43:48","guid":{"rendered":"https:\/\/radiorevelacionfm.cl\/?p=31232"},"modified":"2023-05-21T21:43:48","modified_gmt":"2023-05-22T00:43:48","slug":"destacan-entrada-en-vigencia-de-la-ley-de-responsabilidad-parental-que-facilita-el-cobro-de-pensiones-de-alimentos-adeudadas","status":"publish","type":"post","link":"https:\/\/radiorevelacionfm.cl\/?p=31232","title":{"rendered":"Destacan entrada en vigencia de la Ley de Responsabilidad Parental, que facilita el cobro de pensiones de alimentos adeudadas"},"content":{"rendered":"<div class=\"flex_column av_one_full  flex_column_div av-zero-column-padding first  avia-builder-el-0  el_before_av_one_full  avia-builder-el-first  \" style='border-radius:0px; '><div  class='avia-image-container  av-styling-    avia-builder-el-1  avia-builder-el-no-sibling  avia-align-center '  itemprop=\"image\" itemscope=\"itemscope\" itemtype=\"https:\/\/schema.org\/ImageObject\"  ><div class='avia-image-container-inner'><div class='avia-image-overlay-wrap'><img decoding=\"async\" class='wp-image-31233 avia-img-lazy-loading-not-31233 avia_image' src=\"https:\/\/radiorevelacionfm.cl\/wp-content\/uploads\/2023\/05\/image00001-1_optimized-1.jpeg\" alt='' title='image00001-(1)_optimized (1)' height=\"600\" width=\"800\"  itemprop=\"thumbnailUrl\" srcset=\"https:\/\/radiorevelacionfm.cl\/wp-content\/uploads\/2023\/05\/image00001-1_optimized-1.jpeg 800w, https:\/\/radiorevelacionfm.cl\/wp-content\/uploads\/2023\/05\/image00001-1_optimized-1-300x225.jpeg 300w, https:\/\/radiorevelacionfm.cl\/wp-content\/uploads\/2023\/05\/image00001-1_optimized-1-768x576.jpeg 768w, https:\/\/radiorevelacionfm.cl\/wp-content\/uploads\/2023\/05\/image00001-1_optimized-1-705x529.jpeg 705w, https:\/\/radiorevelacionfm.cl\/wp-content\/uploads\/2023\/05\/image00001-1_optimized-1-450x338.jpeg 450w, https:\/\/radiorevelacionfm.cl\/wp-content\/uploads\/2023\/05\/image00001-1_optimized-1-600x450.jpeg 600w\" sizes=\"(max-width: 800px) 100vw, 800px\" \/><\/div><\/div><\/div><\/div><div class=\"flex_column av_one_full  flex_column_div av-zero-column-padding first  avia-builder-el-2  el_after_av_one_full  el_before_av_one_full  column-top-margin\" style='border-radius:0px; '><section class=\"av_textblock_section \"  itemscope=\"itemscope\" itemtype=\"https:\/\/schema.org\/BlogPosting\" itemprop=\"blogPost\" ><div class='avia_textblock  '   itemprop=\"text\" ><p style=\"text-align: center;\"><strong><span style=\"font-size: 18pt;\">Destacan entrada en vigencia de la Ley de Responsabilidad Parental, que facilita el cobro de pensiones de alimentos adeudadas<\/span><\/strong><\/p>\n<div id=\"gtx-trans\" style=\"position: absolute; left: -50px; top: 4.31534px;\">\n<div class=\"gtx-trans-icon\"><\/div>\n<\/div>\n<\/div><\/section><\/div><div class=\"flex_column av_one_full  flex_column_div av-zero-column-padding first  avia-builder-el-4  el_after_av_one_full  el_before_av_hr  column-top-margin\" style='border-radius:0px; '><section class=\"av_textblock_section \"  itemscope=\"itemscope\" itemtype=\"https:\/\/schema.org\/BlogPosting\" itemprop=\"blogPost\" ><div class='avia_textblock  '   itemprop=\"text\" ><p style=\"font-weight: 400; text-align: justify;\">El s\u00e1bado reci\u00e9n pasado entr\u00f3 en vigencia la Ley de Responsabilidad Parental, que facilita el cobro de pensiones de alimentos adeudadas. Autoridades de Gobierno y representantes de organizaciones ciudadanas se dieron cita al mediod\u00eda del mismo s\u00e1bado, para analizar el impacto que este nuevo cuerpo legal tendr\u00e1 en la vida cotidiana de las mujeres y familias de la regi\u00f3n.<\/p>\n<p style=\"font-weight: 400; text-align: justify;\">A la actividad concurrieron representantes de la Red Austral Popular Educativa Feminista, activistas de derechos sexuales y reproductivos, Asociaci\u00f3n TEApoyamos, Agrupaci\u00f3n Cultural Atelakoya Tribal, Corporaci\u00f3n Transformando, FENPRUSS, un profesional de la Corporaci\u00f3n OPCION y el Colegio de Arquitectos y Arquitectas. Las autoridades de Gobierno fueron encabezadas por el delegado presidencial regional, Rodrigo Araya, quien particip\u00f3 junto a la seremi de la mujer y equidad de g\u00e9nero, Andrea Morales, la seremi de Gobierno Tatiana Pla, la seremi de educaci\u00f3n, Isabel Garrido y la directora (S.) de la Corporaci\u00f3n de Asistencia Judicial, Mar\u00eda Francisca Vilches.<\/p>\n<p style=\"font-weight: 400; text-align: justify;\">Entre los aspectos destacados de esta ley, est\u00e1 el hecho de que permitir\u00e1 a los adultos a cargo de menores a quienes se les adeude la pensi\u00f3n de alimentos, solicitar al Tribunal que realice una b\u00fasqueda de patrimonio de cuentas bancarias e inversiones del deudor, para exigir el correspondiente pago.<\/p>\n<p style=\"font-weight: 400; text-align: justify;\">De esta forma, se enfrenta lo que hasta el d\u00eda de hoy representa una importante vulneraci\u00f3n de derechos de las ni\u00f1as, ni\u00f1os y j\u00f3venes, as\u00ed como la violencia econ\u00f3mica que sufren las mujeres que deben enfrentar solas el costo econ\u00f3mico de la crianza de sus hijos.<\/p>\n<p style=\"font-weight: 400; text-align: justify;\">El delegado regional Rodrigo Araya destac\u00f3 el impacto que esta medida tiene como parte de una pol\u00edtica de Gobierno por otorgar mayor seguridad social. \u00abPara nuestro presidente Gabriel Boric y nuestro Gobierno es una ley tremendamente significativa. Conlleva un una justicia hacia las familias y principalmente las mujeres que han tenido problemas complejos para resolver el apoyo econ\u00f3mico de sus ex parejas. La responsabilidad de la crianza de los ni\u00f1os tiene que ser compartida y tiene que existir ese apoyo. Esto nos permite que el sistema judicial sea el encargado de encontrar esos recursos\u201d, afirm\u00f3 la autoridad regional.<\/p>\n<p style=\"font-weight: 400; text-align: justify;\">El representante del presidente Gabriel Boric en la regi\u00f3n de Ays\u00e9n, asegur\u00f3 que a partir de ahora, se otorga m\u00e1s justicia para ni\u00f1os, ni\u00f1as y j\u00f3venes y para quienes los cuidan, que hoy son v\u00edctimas de irresponsabilidad o de la violencia econ\u00f3mica, porque el pago oportuno de la pensi\u00f3n es un derecho de quienes cuidan y de los hijos e hijas.<\/p>\n<p style=\"font-weight: 400; text-align: justify;\">La seremi Andrea M\u00e9ndez, se\u00f1al\u00f3 que lograr que el Estado asuma un rol frente a este tipo de injusticias, es concretar un compromiso pol\u00edtico de gran envergadura. \u201cEstamos contentas y orgullosas de materializar lo que le propusimos a la ciudadan\u00eda cuando comenzamos como Gobierno. Comprendemos que con esta ley subsanamos derechos que estaban postergados y menoscababan el bienestar de las mujeres, ni\u00f1os, ni\u00f1as y adolescentes de nuestra regi\u00f3n\u201d, coment\u00f3 la representante de la cartera de Mujer y Equidad de g\u00e9nero.<\/p>\n<p style=\"font-weight: 400; text-align: justify;\">Por parte de las organizaciones presentes en el encuentro, Paulina Monsalve, representante de la Corporaci\u00f3n Transformando, indic\u00f3 que \u201cnos pone muy contentos, yo creo que obviamente a todo chileno, chilena, a las mujeres que no se les paga la pensi\u00f3n de alimentos les pone muy feliz as\u00ed que es para todos nosotros una excelente noticia y creemos que es algo que estaba al debe y est\u00e1 s\u00faper bien\u201d. Jimena Silva, tesorera de la misma organizaci\u00f3n dijo que \u201cme parece un tremendo avance. Hoy d\u00eda se puede hablar de justicia para muchas mujeres que no reciben las pensiones que les corresponden, de aquellos que tambi\u00e9n tienen una responsabilidad en la crianza de sus hijos e hijas\u201d, coment\u00f3.<\/p>\n<p style=\"font-weight: 400; text-align: justify;\">Por su parte, Javiera Estuardo, activista por los derechos sexuales y reproductivos, mencion\u00f3 que es muy importante que se legisle en favor de la dignidad de las mujeres. \u201cY que esto ya no quede al libre albedr\u00edo. Esto libera a las mujeres de muchas humillaciones que tienen que pasar al respecto y esta ley lo establece como un deber. Es beneficioso para muchas mujeres que tienen que pasar por esto en lo cotidiano y esperamos que se siga legislando en favor de las mujeres\u201d, mencion\u00f3.<\/p>\n<p style=\"font-weight: 400; text-align: justify;\">Al t\u00e9rmino del encuentro, la seremi Andrea M\u00e9ndez enfatiz\u00f3 el llamado a formalizar las deudas de pensiones de alimentos, iniciando el proceso para quienes no lo hayan hecho o retomarlo para quienes lo hayan abandonado. Para ello, reiter\u00f3 que el primer paso es buscar la informaci\u00f3n accediendo por ejemplo a la p\u00e1gina web\u00a0<a href=\"https:\/\/minmujeryeg.gob.cl\/\" data-saferedirecturl=\"https:\/\/www.google.com\/url?q=https:\/\/minmujeryeg.gob.cl\/&amp;source=gmail&amp;ust=1684776939495000&amp;usg=AOvVaw2QLQSB-CrJyo1cNd3cbTp6\">https:\/\/minmujeryeg.gob.cl\/<\/a>, a las redes sociales del Ministerio de Mujer y Equidad de G\u00e9nero o consultando en las oficinas de la Corporaci\u00f3n de Asistencia Judicial.<\/p>\n<\/div><\/section><\/div><div  style='height:50px' class='hr hr-invisible   avia-builder-el-6  el_after_av_one_full  el_before_av_social_share '><span class='hr-inner ' ><span class='hr-inner-style'><\/span><\/span><\/div><\/p>\n<div  class='av-social-sharing-box  avia-builder-el-7  el_after_av_hr  el_before_av_hr  '><div class='av-share-box'><h5 class='av-share-link-description av-no-toc '>Compartir esta noticia<\/h5><ul class='av-share-box-list noLightbox'><li class='av-share-link av-social-link-facebook' ><a target=\"_blank\" aria-label=\"Compartir en Facebook\" href='https:\/\/www.facebook.com\/sharer.php?u=https:\/\/radiorevelacionfm.cl\/?p=31232&#038;t=Destacan%20entrada%20en%20vigencia%20de%20la%20Ley%20de%20Responsabilidad%20Parental%2C%20que%20facilita%20el%20cobro%20de%20pensiones%20de%20alimentos%20adeudadas' aria-hidden='false' data-av_icon='\ue8f3' data-av_iconfont='entypo-fontello' title='' data-avia-related-tooltip='Compartir en Facebook' rel=\"noopener\"><span class='avia_hidden_link_text'>Compartir en Facebook<\/span><\/a><\/li><li class='av-share-link av-social-link-twitter' ><a target=\"_blank\" aria-label=\"Compartir en Twitter\" href='https:\/\/twitter.com\/share?text=Destacan%20entrada%20en%20vigencia%20de%20la%20Ley%20de%20Responsabilidad%20Parental%2C%20que%20facilita%20el%20cobro%20de%20pensiones%20de%20alimentos%20adeudadas&#038;url=https:\/\/radiorevelacionfm.cl\/?p=31232' aria-hidden='false' data-av_icon='\ue8f1' data-av_iconfont='entypo-fontello' title='' data-avia-related-tooltip='Compartir en Twitter' rel=\"noopener\"><span class='avia_hidden_link_text'>Compartir en Twitter<\/span><\/a><\/li><li class='av-share-link av-social-link-whatsapp' ><a target=\"_blank\" aria-label=\"Compartir en Whatsapp\" href='https:\/\/api.whatsapp.com\/send?text=https:\/\/radiorevelacionfm.cl\/?p=31232' aria-hidden='false' data-av_icon='\uf232' data-av_iconfont='entypo-fontello' title='' data-avia-related-tooltip='Compartir en Whatsapp' rel=\"noopener\"><span class='avia_hidden_link_text'>Compartir en Whatsapp<\/span><\/a><\/li><li class='av-share-link av-social-link-linkedin' ><a target=\"_blank\" aria-label=\"Compartir en LinkedIn\" href='https:\/\/linkedin.com\/shareArticle?mini=true&#038;title=Destacan%20entrada%20en%20vigencia%20de%20la%20Ley%20de%20Responsabilidad%20Parental%2C%20que%20facilita%20el%20cobro%20de%20pensiones%20de%20alimentos%20adeudadas&#038;url=https:\/\/radiorevelacionfm.cl\/?p=31232' aria-hidden='false' data-av_icon='\ue8fc' data-av_iconfont='entypo-fontello' title='' data-avia-related-tooltip='Compartir en LinkedIn' rel=\"noopener\"><span class='avia_hidden_link_text'>Compartir en LinkedIn<\/span><\/a><\/li><li class='av-share-link av-social-link-mail' ><a  aria-label=\"Compartir por correo\" href='mailto:?subject=Destacan%20entrada%20en%20vigencia%20de%20la%20Ley%20de%20Responsabilidad%20Parental%2C%20que%20facilita%20el%20cobro%20de%20pensiones%20de%20alimentos%20adeudadas&#038;body=https:\/\/radiorevelacionfm.cl\/?p=31232' aria-hidden='false' data-av_icon='\ue805' data-av_iconfont='entypo-fontello' title='' data-avia-related-tooltip='Compartir por correo'><span class='avia_hidden_link_text'>Compartir por correo<\/span><\/a><\/li><\/ul><\/div><\/div>\n<div  style='height:50px' class='hr hr-invisible   avia-builder-el-8  el_after_av_social_share  el_before_av_comments_list '><span class='hr-inner ' ><span class='hr-inner-style'><\/span><\/span><\/div>\n<div  class='av-buildercomment  av-blog-meta-html-info-disabled av-blog-meta-tag-disabled  '><\/div>\n","protected":false},"excerpt":{"rendered":"","protected":false},"author":1,"featured_media":31233,"comment_status":"open","ping_status":"open","sticky":false,"template":"","format":"standard","meta":{"footnotes":""},"categories":[38],"tags":[],"class_list":["post-31232","post","type-post","status-publish","format-standard","has-post-thumbnail","hentry","category-regional"],"jetpack_featured_media_url":"https:\/\/radiorevelacionfm.cl\/wp-content\/uploads\/2023\/05\/image00001-1_optimized-1.jpeg","_links":{"self":[{"href":"https:\/\/radiorevelacionfm.cl\/index.php?rest_route=\/wp\/v2\/posts\/31232","targetHints":{"allow":["GET"]}}],"collection":[{"href":"https:\/\/radiorevelacionfm.cl\/index.php?rest_route=\/wp\/v2\/posts"}],"about":[{"href":"https:\/\/radiorevelacionfm.cl\/index.php?rest_route=\/wp\/v2\/types\/post"}],"author":[{"embeddable":true,"href":"https:\/\/radiorevelacionfm.cl\/index.php?rest_route=\/wp\/v2\/users\/1"}],"replies":[{"embeddable":true,"href":"https:\/\/radiorevelacionfm.cl\/index.php?rest_route=%2Fwp%2Fv2%2Fcomments&post=31232"}],"version-history":[{"count":1,"href":"https:\/\/radiorevelacionfm.cl\/index.php?rest_route=\/wp\/v2\/posts\/31232\/revisions"}],"predecessor-version":[{"id":31234,"href":"https:\/\/radiorevelacionfm.cl\/index.php?rest_route=\/wp\/v2\/posts\/31232\/revisions\/31234"}],"wp:featuredmedia":[{"embeddable":true,"href":"https:\/\/radiorevelacionfm.cl\/index.php?rest_route=\/wp\/v2\/media\/31233"}],"wp:attachment":[{"href":"https:\/\/radiorevelacionfm.cl\/index.php?rest_route=%2Fwp%2Fv2%2Fmedia&parent=31232"}],"wp:term":[{"taxonomy":"category","embeddable":true,"href":"https:\/\/radiorevelacionfm.cl\/index.php?rest_route=%2Fwp%2Fv2%2Fcategories&post=31232"},{"taxonomy":"post_tag","embeddable":true,"href":"https:\/\/radiorevelacionfm.cl\/index.php?rest_route=%2Fwp%2Fv2%2Ftags&post=31232"}],"curies":[{"name":"wp","href":"https:\/\/api.w.org\/{rel}","templated":true}]}}