{"id":3123,"date":"2021-04-14T19:05:56","date_gmt":"2021-04-14T22:05:56","guid":{"rendered":"https:\/\/radiorevelacionfm.cl\/?p=3123"},"modified":"2021-04-14T19:05:56","modified_gmt":"2021-04-14T22:05:56","slug":"autoridades-realizan-coordinaciones-en-melinka-en-el-marco-de-la-cuarentena-que-vive-la-comuna-de-guaitecas","status":"publish","type":"post","link":"https:\/\/radiorevelacionfm.cl\/?p=3123","title":{"rendered":"Autoridades realizan coordinaciones en Melinka en el marco de la cuarentena que vive la comuna de Guaitecas"},"content":{"rendered":"<div class=\"flex_column av_one_full  flex_column_div av-zero-column-padding first  avia-builder-el-0  el_before_av_one_full  avia-builder-el-first  \" style='border-radius:0px; '><div  class='avia-image-container  av-styling-    avia-builder-el-1  avia-builder-el-no-sibling  avia-align-center '  itemprop=\"image\" itemscope=\"itemscope\" itemtype=\"https:\/\/schema.org\/ImageObject\"  ><div class='avia-image-container-inner'><div class='avia-image-overlay-wrap'><img decoding=\"async\" class='wp-image-0 avia-img-lazy-loading-not-0 avia_image' src=\"https:\/\/radiorevelacionfm.cl\/wp-content\/uploads\/2021\/04\/autoridades-conversan-con-personal-de-la-posta-de-melinka-1_optimized.jpeg\" alt='' title=''   itemprop=\"thumbnailUrl\"  \/><\/div><\/div><\/div><\/div><div class=\"flex_column av_one_full  flex_column_div av-zero-column-padding first  avia-builder-el-2  el_after_av_one_full  el_before_av_one_full  column-top-margin\" style='border-radius:0px; '><section class=\"av_textblock_section \"  itemscope=\"itemscope\" itemtype=\"https:\/\/schema.org\/BlogPosting\" itemprop=\"blogPost\" ><div class='avia_textblock  '   itemprop=\"text\" ><p style=\"text-align: center;\"><span style=\"font-size: 18pt;\"><strong>Autoridades realizan coordinaciones en Melinka en el marco de la cuarentena que vive la comuna de Guaitecas<\/strong><\/span><\/p>\n<div id=\"gtx-trans\" style=\"position: absolute; left: -50px; top: 4.31534px;\">\n<div class=\"gtx-trans-icon\"><\/div>\n<\/div>\n<\/div><\/section><\/div><div class=\"flex_column av_one_full  flex_column_div av-zero-column-padding first  avia-builder-el-4  el_after_av_one_full  el_before_av_hr  column-top-margin\" style='border-radius:0px; '><section class=\"av_textblock_section \"  itemscope=\"itemscope\" itemtype=\"https:\/\/schema.org\/BlogPosting\" itemprop=\"blogPost\" ><div class='avia_textblock  '   itemprop=\"text\" ><p style=\"text-align: justify;\">El Gobernador de la Provincia de Ays\u00e9n Manuel Ortiz y el Seremi de Econom\u00eda Carlos Pacheco, se trasladaron hasta la comuna de Guaitecas para dar respuesta a la comunidad respecto de una serie de inquietudes y requerimientos que emanan desde la isla luego que esta comuna retrocediera a cuarentena en el plan paso a paso, producto de un brote de contagios que se produjo durante las \u00faltimas semanas.<\/p>\n<p style=\"text-align: justify;\">Una vez en Melinka ambas autoridades realizaron una reuni\u00f3n de coordinaci\u00f3n con el Alcalde Guaitecas Marcos Silva, con quien abordaron una serie de requerimientos que la comunidad solicita para desarrollar sus actividades en el marco de la cuarentena que actualmente se vive en la zona.<\/p>\n<p style=\"text-align: justify;\">En este contexto el Seremi de Econom\u00eda Carlos Pacheco se\u00f1al\u00f3 que \u00bb estamos aqu\u00ed en terreno acompa\u00f1ando a la gente de Melinka, a la gente de mar, a los pobladores y vecinos de esta comuna para apoyarlos y dar a conocer la distinta oferta p\u00fablica que existe por ejemplo a trav\u00e9s de los instrumentos de fomento productivo para que puedan mejorar sus emprendimientos y sobre todo en el \u00e1mbito de la pesca artesanal donde hoy existe un programa de Indespa que permite mejorar sus embarcaciones. Es importante que la gente se informe y se informe bien a trav\u00e9s de los canales oficiales que dispone el Gobierno para que puedan acceder a los beneficios que hoy existen en el marco de la pandemia\u00bb, agreg\u00f3 la autoridad.<\/p>\n<p style=\"text-align: justify;\">Por su parte el Gobernador de la Provincia de Ays\u00e9n Manuel Ortiz inform\u00f3 que \u201cnuestra asistencia ac\u00e1 en Melinka tiene que ver con ayudar a gestionar y ver en terreno las diversas dificultades que tienen hoy los vecinos de la comuna. El Gobierno est\u00e1 desplegado para acompa\u00f1ar y llevar tranquilidad a la gente que tiene ciertas inquietudes producto por ejemplo de las restricciones y limitaciones que tienen hoy en esta cuarentena. Es por eso que desde la Gobernaci\u00f3n hemos levantado estas inquietudes y estamos ejecutando soluciones. Es muy importante que la gente se mantenga tranquila, acatando las medidas ya que justamente lo que se requiere es bajar la movilidad de las y los vecinos y as\u00ed poder controlar los brotes de contagios para que podamos salir r\u00e1pidamente de esta fase tan complicada para todos\u201d.<\/p>\n<p style=\"text-align: justify;\">A su vez, durante la jornada se realiz\u00f3 una visita y acompa\u00f1amiento en la Posta de Melinka para conocer en terreno lo que ah\u00ed ocurre en temas sanitarios, de atenci\u00f3n de p\u00fablico y c\u00f3mo se van acomodando los diferentes implementos que desde el Gobierno a trav\u00e9s del Ministerio de Salud y tambi\u00e9n con aporte de la empresa privada se van sumando como medidas de reforzamiento en atenci\u00f3n de salud.<\/p>\n<p style=\"text-align: justify;\">En este contexto hoy se sum\u00f3 la Directora Regional del FOSIS, Dominique Brautigam y su equipo \u00a0quien realiz\u00f3 la entrega del esperado Bono Le\u00f1a para las familias vulnerables de la comuna de Guaitecas y as\u00ed paliar en parte la necesidad que tiene la poblaci\u00f3n en materia de calefacci\u00f3n.<\/p>\n<p style=\"text-align: justify;\">Durante el resto de las jornadas se ha programado que las autoridades de Gobierno contin\u00faen en terreno, trabajando mancomunadamente con la Municipalidad de Guaitecas, gestionando e informando sobre las distintas iniciativas tanto sanitarias como de otro orden que se establecen en el marco del plan paso a paso.<\/p>\n<\/div><\/section><\/div><div  style='height:50px' class='hr hr-invisible   avia-builder-el-6  el_after_av_one_full  el_before_av_social_share '><span class='hr-inner ' ><span class='hr-inner-style'><\/span><\/span><\/div><\/p>\n<div  class='av-social-sharing-box  avia-builder-el-7  el_after_av_hr  el_before_av_hr  '><div class='av-share-box'><h5 class='av-share-link-description av-no-toc '>Compartir esta noticia<\/h5><ul class='av-share-box-list noLightbox'><li class='av-share-link av-social-link-facebook' ><a target=\"_blank\" aria-label=\"Compartir en Facebook\" href='https:\/\/www.facebook.com\/sharer.php?u=https:\/\/radiorevelacionfm.cl\/?p=3123&#038;t=Autoridades%20realizan%20coordinaciones%20en%20Melinka%20en%20el%20marco%20de%20la%20cuarentena%20que%20vive%20la%20comuna%20de%20Guaitecas' aria-hidden='false' data-av_icon='\ue8f3' data-av_iconfont='entypo-fontello' title='' data-avia-related-tooltip='Compartir en Facebook' rel=\"noopener\"><span class='avia_hidden_link_text'>Compartir en Facebook<\/span><\/a><\/li><li class='av-share-link av-social-link-twitter' ><a target=\"_blank\" aria-label=\"Compartir en Twitter\" href='https:\/\/twitter.com\/share?text=Autoridades%20realizan%20coordinaciones%20en%20Melinka%20en%20el%20marco%20de%20la%20cuarentena%20que%20vive%20la%20comuna%20de%20Guaitecas&#038;url=https:\/\/radiorevelacionfm.cl\/?p=3123' aria-hidden='false' data-av_icon='\ue8f1' data-av_iconfont='entypo-fontello' title='' data-avia-related-tooltip='Compartir en Twitter' rel=\"noopener\"><span class='avia_hidden_link_text'>Compartir en Twitter<\/span><\/a><\/li><li class='av-share-link av-social-link-whatsapp' ><a target=\"_blank\" aria-label=\"Compartir en Whatsapp\" href='https:\/\/api.whatsapp.com\/send?text=https:\/\/radiorevelacionfm.cl\/?p=3123' aria-hidden='false' data-av_icon='\uf232' data-av_iconfont='entypo-fontello' title='' data-avia-related-tooltip='Compartir en Whatsapp' rel=\"noopener\"><span class='avia_hidden_link_text'>Compartir en Whatsapp<\/span><\/a><\/li><li class='av-share-link av-social-link-linkedin' ><a target=\"_blank\" aria-label=\"Compartir en LinkedIn\" href='https:\/\/linkedin.com\/shareArticle?mini=true&#038;title=Autoridades%20realizan%20coordinaciones%20en%20Melinka%20en%20el%20marco%20de%20la%20cuarentena%20que%20vive%20la%20comuna%20de%20Guaitecas&#038;url=https:\/\/radiorevelacionfm.cl\/?p=3123' aria-hidden='false' data-av_icon='\ue8fc' data-av_iconfont='entypo-fontello' title='' data-avia-related-tooltip='Compartir en LinkedIn' rel=\"noopener\"><span class='avia_hidden_link_text'>Compartir en LinkedIn<\/span><\/a><\/li><li class='av-share-link av-social-link-mail' ><a  aria-label=\"Compartir por correo\" href='mailto:?subject=Autoridades%20realizan%20coordinaciones%20en%20Melinka%20en%20el%20marco%20de%20la%20cuarentena%20que%20vive%20la%20comuna%20de%20Guaitecas&#038;body=https:\/\/radiorevelacionfm.cl\/?p=3123' aria-hidden='false' data-av_icon='\ue805' data-av_iconfont='entypo-fontello' title='' data-avia-related-tooltip='Compartir por correo'><span class='avia_hidden_link_text'>Compartir por correo<\/span><\/a><\/li><\/ul><\/div><\/div>\n<div  style='height:50px' class='hr hr-invisible   avia-builder-el-8  el_after_av_social_share  el_before_av_comments_list '><span class='hr-inner ' ><span class='hr-inner-style'><\/span><\/span><\/div>\n<div  class='av-buildercomment  av-blog-meta-html-info-disabled av-blog-meta-tag-disabled  '><\/div>\n","protected":false},"excerpt":{"rendered":"","protected":false},"author":1,"featured_media":0,"comment_status":"open","ping_status":"open","sticky":false,"template":"","format":"standard","meta":{"footnotes":""},"categories":[38],"tags":[],"class_list":["post-3123","post","type-post","status-publish","format-standard","hentry","category-regional"],"jetpack_featured_media_url":"","_links":{"self":[{"href":"https:\/\/radiorevelacionfm.cl\/index.php?rest_route=\/wp\/v2\/posts\/3123","targetHints":{"allow":["GET"]}}],"collection":[{"href":"https:\/\/radiorevelacionfm.cl\/index.php?rest_route=\/wp\/v2\/posts"}],"about":[{"href":"https:\/\/radiorevelacionfm.cl\/index.php?rest_route=\/wp\/v2\/types\/post"}],"author":[{"embeddable":true,"href":"https:\/\/radiorevelacionfm.cl\/index.php?rest_route=\/wp\/v2\/users\/1"}],"replies":[{"embeddable":true,"href":"https:\/\/radiorevelacionfm.cl\/index.php?rest_route=%2Fwp%2Fv2%2Fcomments&post=3123"}],"version-history":[{"count":1,"href":"https:\/\/radiorevelacionfm.cl\/index.php?rest_route=\/wp\/v2\/posts\/3123\/revisions"}],"predecessor-version":[{"id":3125,"href":"https:\/\/radiorevelacionfm.cl\/index.php?rest_route=\/wp\/v2\/posts\/3123\/revisions\/3125"}],"wp:attachment":[{"href":"https:\/\/radiorevelacionfm.cl\/index.php?rest_route=%2Fwp%2Fv2%2Fmedia&parent=3123"}],"wp:term":[{"taxonomy":"category","embeddable":true,"href":"https:\/\/radiorevelacionfm.cl\/index.php?rest_route=%2Fwp%2Fv2%2Fcategories&post=3123"},{"taxonomy":"post_tag","embeddable":true,"href":"https:\/\/radiorevelacionfm.cl\/index.php?rest_route=%2Fwp%2Fv2%2Ftags&post=3123"}],"curies":[{"name":"wp","href":"https:\/\/api.w.org\/{rel}","templated":true}]}}